{"id":17478,"date":"2023-10-14T09:51:27","date_gmt":"2023-10-14T09:51:27","guid":{"rendered":"https:\/\/kraios.app\/news\/siyaset\/2023\/10\/14\/disisleri-bakani-fidan-misirda-alman-mevkidasi-baerbock-ile-gorustu-2\/"},"modified":"2023-10-14T09:51:27","modified_gmt":"2023-10-14T09:51:27","slug":"disisleri-bakani-fidan-misirda-alman-mevkidasi-baerbock-ile-gorustu-2","status":"publish","type":"post","link":"https:\/\/kraios.app\/news\/siyaset\/2023\/10\/14\/disisleri-bakani-fidan-misirda-alman-mevkidasi-baerbock-ile-gorustu-2\/","title":{"rendered":"D\u0131\u015fi\u015fleri Bakan\u0131 Fidan, M\u0131s\u0131r&#039;da Alman mevkida\u015f\u0131 Baerbock ile g\u00f6r\u00fc\u015ft\u00fc"},"content":{"rendered":"<p>D\u0131\u015fi\u015fleri Bakan\u0131 Hakan Fidan, M\u0131s\u0131r&#8217;\u0131n ba\u015fkenti Kahire&#8217;de Almanya D\u0131\u015fi\u015fleri Bakan\u0131 Annalena Baerbock&#8217;la \u0130srail\u2019in Gazze\u2019ye sald\u0131r\u0131lar\u0131, Gazze\u2019ye y\u00f6nelik insani yard\u0131mlar ve Gazze\u2019den tahliyeleri g\u00f6r\u00fc\u015ft\u00fc.<\/p>\n","protected":false},"excerpt":{"rendered":"<p>D\u0131\u015fi\u015fleri Bakan\u0131 Hakan Fidan, M\u0131s\u0131r&#8217;\u0131n ba\u015fkenti Kahire&#8217;de Almanya D\u0131\u015fi\u015fleri Bakan\u0131 Annalena Baerbock&#8217;la \u0130srail\u2019in Gazze\u2019ye sald\u0131r\u0131lar\u0131, Gazze\u2019ye y\u00f6nelik insani yard\u0131mlar ve Gazze\u2019den tahliyeleri g\u00f6r\u00fc\u015ft\u00fc.<\/p>\n","protected":false},"author":1,"featured_media":17465,"comment_status":"","ping_status":"","sticky":false,"template":"","format":"standard","meta":[],"categories":[47],"tags":[],"_links":{"self":[{"href":"https:\/\/kraios.app\/news\/wp-json\/wp\/v2\/posts\/17478"}],"collection":[{"href":"https:\/\/kraios.app\/news\/wp-json\/wp\/v2\/posts"}],"about":[{"href":"https:\/\/kraios.app\/news\/wp-json\/wp\/v2\/types\/post"}],"author":[{"embeddable":true,"href":"https:\/\/kraios.app\/news\/wp-json\/wp\/v2\/users\/1"}],"replies":[{"embeddable":true,"href":"https:\/\/kraios.app\/news\/wp-json\/wp\/v2\/comments?post=17478"}],"version-history":[{"count":0,"href":"https:\/\/kraios.app\/news\/wp-json\/wp\/v2\/posts\/17478\/revisions"}],"wp:featuredmedia":[{"embeddable":true,"href":"https:\/\/kraios.app\/news\/wp-json\/wp\/v2\/media\/17465"}],"wp:attachment":[{"href":"https:\/\/kraios.app\/news\/wp-json\/wp\/v2\/media?parent=17478"}],"wp:term":[{"taxonomy":"category","embeddable":true,"href":"https:\/\/kraios.app\/news\/wp-json\/wp\/v2\/categories?post=17478"},{"taxonomy":"post_tag","embeddable":true,"href":"https:\/\/kraios.app\/news\/wp-json\/wp\/v2\/tags?post=17478"}],"curies":[{"name":"wp","href":"https:\/\/api.w.org\/{rel}","templated":true}]}}