{"id":17392,"date":"2023-10-14T00:25:48","date_gmt":"2023-10-14T00:25:48","guid":{"rendered":"https:\/\/kraios.app\/news\/siyaset\/2023\/10\/14\/tbmm-dijital-mecralar-komisyonu-ataturk-dizisini-yayinlamayan-disney-plusin-yetkililerini-dinleyecek\/"},"modified":"2023-10-14T00:25:48","modified_gmt":"2023-10-14T00:25:48","slug":"tbmm-dijital-mecralar-komisyonu-ataturk-dizisini-yayinlamayan-disney-plusin-yetkililerini-dinleyecek","status":"publish","type":"post","link":"https:\/\/kraios.app\/news\/siyaset\/2023\/10\/14\/tbmm-dijital-mecralar-komisyonu-ataturk-dizisini-yayinlamayan-disney-plusin-yetkililerini-dinleyecek\/","title":{"rendered":"TBMM Dijital Mecralar Komisyonu, &#8220;Atat\u00fcrk&#8221; dizisini yay\u0131nlamayan Disney Plus&#8217;\u0131n yetkililerini dinleyecek"},"content":{"rendered":"<p><\/p>\n<div>\n<p>TBMM Dijital Mecralar Komisyonu Ba\u015fkan\u0131 H\u00fcseyin Yayman, &#8220;Atat\u00fcrk&#8221; dizisini yay\u0131nlamama karar\u0131 alan Disney Plus&#8217;\u0131n yetkililerinin 9 Kas\u0131m&#8217;da Komisyonda dinlenece\u011fini belirterek, &#8220;Ermeni diasporas\u0131n\u0131n bask\u0131s\u0131 m\u0131 var, Amerika&#8217;daki baz\u0131 gruplar\u0131n telkini mi var yoksa i\u00e7erikle ilgili mi bir \u015fey var? 10 Kas\u0131m&#8217;dan bir g\u00fcn \u00f6nce 9 Kas\u0131m&#8217;da bir gelsinler, arkada\u015flar\u0131 bir dinleyelim.&#8221; dedi.<\/p>\n<p>Komisyon, &#8220;Disney Plus&#8217;\u0131n Atat\u00fcrk dizisini yay\u0131nlamama karar\u0131 ile yeni d\u00f6nemde \u00e7al\u0131\u015fma program\u0131n\u0131n belirlenmesi&#8221; g\u00fcndemiyle, AK Parti Hatay Milletvekili H\u00fcseyin Yayman ba\u015fkanl\u0131\u011f\u0131nda topland\u0131.<\/p>\n<p>Yayman, yaz d\u00f6neminde Disney Plus&#8217;\u0131n, T\u00fcrkiye Cumhuriyeti Devletinin kurucusu, emperyalizme kar\u015f\u0131 verdi\u011fi \u00fcst\u00fcn m\u00fccadeleyle mazlum milletlerin rol modeli olan Mustafa Kemal Atat\u00fcrk hakk\u0131nda \u00e7ekilen bir belgeseli yay\u0131nlamamas\u0131n\u0131 do\u011fru bulmad\u0131klar\u0131n\u0131 s\u00f6yledi.<\/p>\n<p>Disney Plus&#8217;\u0131n tutumunun, dijital mecralar\u0131n vadetti\u011fi \u00f6zg\u00fcrl\u00fck, kendini ifade etme, insan haklar\u0131 ve temel hak ve h\u00fcrriyetlerle ba\u011fda\u015fmad\u0131\u011f\u0131n\u0131n alt\u0131n\u0131 \u00e7izen Yayman, \u015f\u00f6yle devam etti:<\/p>\n<p>&#8220;Disney Plus yetkilileri Komisyonumuzdaki uzman arkada\u015flar\u0131m\u0131zla temas kurdular ve bu konuyla ilgili gelip Meclisimizde kendilerini ifade etmek istediklerini dile getirdiler. Disney Plus&#8217;tan bu kararlar\u0131 i\u00e7in milletimizden ve T\u00fcrkiye Cumhuriyeti Devleti&#8217;nden \u00f6z\u00fcr dilemelerini bekliyoruz. Bu konuyla ilgili kendilerini de dinlemek istiyoruz. \u0130dama mahkum edilen ki\u015fiye dahi &#8216;Son s\u00f6z\u00fcn nedir?&#8217; diye sorarlar. Bu konuyla ilgili bir \u00f6n almazsak daha sonra T\u00fcrkiye Cumhuriyeti Devleti&#8217;nin kurucu liderleri, genel ba\u015fkanlar ya da T\u00fcrkiye Cumhuriyeti ile \u00f6zde\u015fle\u015fen isimler hakk\u0131nda da b\u00f6yle kararlar al\u0131nabilir. Biz bunu \u00e7ok a\u00e7\u0131k bir hak ve h\u00fcrriyetlerin ihlali, a\u00e7\u0131k bir sans\u00fcr olarak g\u00f6r\u00fcyoruz.&#8221;<\/p>\n<h3>&#8220;G\u00f6rmeyi, izlemeyi ve \u00f6yle de\u011ferlendirmeyi uygun buluruz&#8221;<\/h3>\n<p>CHP \u0130zmir Milletvekili Tuncay \u00d6zkan, s\u00f6z konusu filmi hen\u00fcz kimsenin izlemedi\u011fine dikkati \u00e7ekerek, &#8220;Biz hep birlikte bu m\u00fccadelenin bayraktarl\u0131\u011f\u0131n\u0131 yapaca\u011f\u0131z ancak burada izlemedi\u011fimiz bir film var. Biz izlemedi\u011fimiz i\u00e7in bu konuyla ilgili bir fikir beyan edemiyoruz. Yani ne yapm\u0131\u015flar? \u0130\u00e7eri\u011fini bilmiyoruz.&#8221; dedi.<\/p>\n<p>Baz\u0131 \u015feyleri g\u00f6rmeden detayl\u0131 ele alman\u0131n ve incelemenin m\u00fcmk\u00fcn olmad\u0131\u011f\u0131n\u0131 ifade eden \u00d6zkan, &#8220;G\u00f6rmedi\u011fimiz, bilmedi\u011fimiz i\u00e7in belki i\u00e7eri\u011finde korkun\u00e7 bir \u015feyle kar\u015f\u0131la\u015faca\u011f\u0131z, onu da bilmiyoruz. O nedenle g\u00f6rmeyi, izlemeyi ve \u00f6yle de\u011ferlendirmeyi uygun buluruz ama Mustafa Kemal Atat\u00fcrk veya herhangi bir ba\u015fka de\u011ferimiz, kurucu babalar\u0131m\u0131z, \u015fehitlerimiz ve liderlerimiz a\u00e7\u0131s\u0131ndan, sans\u00fcrle engellenebilecek her kim hakk\u0131nda olursa olsun, biz sans\u00fcr\u00fcn kar\u015f\u0131s\u0131nday\u0131z.&#8221; diye konu\u015ftu.<\/p>\n<h3>&#8220;Sanat\u00e7\u0131lar\u0131n sessiz kalmas\u0131n\u0131 do\u011fru bulmuyorum&#8221;<\/h3>\n<p>AK Parti Yalova Milletvekili Ahmet B\u00fcy\u00fckg\u00fcm\u00fc\u015f, Disney Plus&#8217;\u0131n Atat\u00fcrk dizisini yay\u0131nlamama karar\u0131yla Gazi&#8217;nin aziz hat\u0131ras\u0131n\u0131n incitildi\u011fini, ulusu rencide eden bir olay\u0131n ya\u015fand\u0131\u011f\u0131n\u0131 s\u00f6yledi.<\/p>\n<p>\u00d6zel bir firman\u0131n haz\u0131rlatt\u0131\u011f\u0131 film i\u00e7in az\u0131nl\u0131k bir grup taraf\u0131ndan ba\u015fka bir \u00fclkede yap\u0131lan lobi faaliyetleri sonras\u0131 filmin yay\u0131nlanmas\u0131n\u0131n \u00f6nlendi\u011fini anlatan B\u00fcy\u00fckg\u00fcm\u00fc\u015f, b\u00fct\u00fcn sanat hayat\u0131n\u0131 Atat\u00fcrk&#8217;\u00fcn hat\u0131ras\u0131 \u00fczerine kuran baz\u0131 sanat\u00e7\u0131lar\u0131n da &#8220;i\u015f alamam&#8221; kayg\u0131s\u0131 nedeniyle Disney Plus&#8217;\u0131n bu karar\u0131na tepki g\u00f6stermemesinin de ayr\u0131ca de\u011ferlendirilmesi gerekti\u011fini vurgulad\u0131.<\/p>\n<p>Komisyon Ba\u015fkan\u0131 Yayman da sanat camias\u0131ndan bir k\u0131s\u0131m insanlar\u0131n sessiz kalmas\u0131n\u0131n do\u011fru olmad\u0131\u011f\u0131n\u0131; \u00f6mr\u00fcn\u00fc Atat\u00fcrk&#8217;\u00fcn anlat\u0131lmas\u0131na adam\u0131\u015f, s\u00fcrekli onunla ilgili s\u00f6zler s\u00f6yleyip payla\u015f\u0131mlar yapan insanlar\u0131n bu konuda sessiz kalmas\u0131n\u0131n talihsiz oldu\u011funu belirtti.<\/p>\n<p>Sanat\u00e7\u0131lar\u0131n, T\u00fcrkiye&#8217;nin kurucu liderine yap\u0131lan bu olaya sessiz kalmas\u0131n\u0131 do\u011fru bulmad\u0131\u011f\u0131n\u0131 vurgulayan Yayman, &#8220;\u0130\u00e7eri\u011fi ne olursa olsun, siz kimsiniz ki iptal ediyorsunuz? Biz bunun arkas\u0131nda neler oldu\u011funu biliyoruz. Arkada\u015flar gelsinler, bir anlats\u0131nlar. Ermeni diasporas\u0131n\u0131n bask\u0131s\u0131 m\u0131 var, Amerika&#8217;daki baz\u0131 gruplar\u0131n telkini mi var yoksa i\u00e7erikle ilgili mi bir \u015fey var? 10 Kas\u0131m&#8217;dan bir g\u00fcn \u00f6nce 9 Kas\u0131m&#8217;da bir gelsinler, arkada\u015flar\u0131 bir dinleyelim. Daha sonra da di\u011fer mecralar\u0131 dinleme noktas\u0131nda kamuoyunun ihtiyac\u0131 var.&#8221; dedi.<\/p>\n<p>CHP Ankara Milletvekili Okan Konuralp, Radyo ve Televizyon \u00dcst Kurulunun bu konuda \u00e7al\u0131\u015fma yap\u0131p yapmad\u0131\u011f\u0131 konusunda bilgi talep etmeleri gerekti\u011fini kaydetti.<\/p>\n<p>Saadet Partisi Kayseri Milletvekili Mahmut Ar\u0131kan da konuyla ilgili gerekli tepkinin g\u00f6sterilmesinden yana oldu\u011funu s\u00f6yleyerek, &#8220;Tepki olarak ne yap\u0131lmas\u0131 gerekiyorsa yap\u0131ls\u0131n. \u00d6z\u00fcrse \u00f6z\u00fcr.&#8221; dedi.<\/p>\n<p>                            <span class=\"detay-foto-editor\">&#13;<br \/>\n                                <a href=\"https:\/\/www.aa.com.tr\/tr\/p\/abonelik-talep-formu\/1001\" target=\"_blank\" style=\"font-size:12px; color:#444; text-decoration:none;\" rel=\"noopener\">&#13;<br \/>\n                                    Anadolu Ajans\u0131 web sitesinde, AA Haber Ak\u0131\u015f Sistemi (HAS) \u00fczerinden abonelere sunulan haberler, \u00f6zetlenerek yay\u0131mlanmaktad\u0131r. <b style=\"color:#1897F7\">Abonelik i\u00e7in l\u00fctfen ileti\u015fime ge\u00e7iniz.<\/b>&#13;<br \/>\n                                <\/a>&#13;<br \/>\n                            <\/span>\n                        <\/div>\n<p><script>\n\t  window.fbAsyncInit = function() {\n\t\tFB.init({\n\t\t  appId: '1855843514662870',\n\t\t  status : true, \/\/ check login status\n\t\t  cookie : true, \/\/ enable cookies to allow the server to access the session\n\t\t  xfbml  : true  \/\/ parse XFBML\n\t\t});\n\t  };<\/p>\n<p>\t  (function() {\n\t\tvar e = document.createElement('script');\n\t\te.src=\"https:\/\/connect.facebook.net\/tr_TR\/all.js\";\n\t\te.async = true;\n\t\tdocument.getElementById('fb-root').appendChild(e);\n\t  }());\n    <\/script><\/p>\n","protected":false},"excerpt":{"rendered":"<p>TBMM Dijital Mecralar Komisyonu Ba\u015fkan\u0131 H\u00fcseyin Yayman, &#8220;Atat\u00fcrk&#8221; dizisini yay\u0131nlamama karar\u0131 alan Disney Plus&#8217;\u0131n yetkililerinin 9 Kas\u0131m&#8217;da Komisyonda dinlenece\u011fini belirterek, &#8220;Ermeni diasporas\u0131n\u0131n bask\u0131s\u0131 m\u0131 var, Amerika&#8217;daki baz\u0131 gruplar\u0131n telkini mi var yoksa i\u00e7erikle ilgili mi bir \u015fey var? 10 Kas\u0131m&#8217;dan bir g\u00fcn \u00f6nce 9 Kas\u0131m&#8217;da bir gelsinler, arkada\u015flar\u0131 bir dinleyelim.&#8221; dedi. Komisyon, &#8220;Disney Plus&#8217;\u0131n Atat\u00fcrk [&hellip;]<\/p>\n","protected":false},"author":1,"featured_media":17393,"comment_status":"","ping_status":"","sticky":false,"template":"","format":"standard","meta":[],"categories":[47],"tags":[],"_links":{"self":[{"href":"https:\/\/kraios.app\/news\/wp-json\/wp\/v2\/posts\/17392"}],"collection":[{"href":"https:\/\/kraios.app\/news\/wp-json\/wp\/v2\/posts"}],"about":[{"href":"https:\/\/kraios.app\/news\/wp-json\/wp\/v2\/types\/post"}],"author":[{"embeddable":true,"href":"https:\/\/kraios.app\/news\/wp-json\/wp\/v2\/users\/1"}],"replies":[{"embeddable":true,"href":"https:\/\/kraios.app\/news\/wp-json\/wp\/v2\/comments?post=17392"}],"version-history":[{"count":0,"href":"https:\/\/kraios.app\/news\/wp-json\/wp\/v2\/posts\/17392\/revisions"}],"wp:featuredmedia":[{"embeddable":true,"href":"https:\/\/kraios.app\/news\/wp-json\/wp\/v2\/media\/17393"}],"wp:attachment":[{"href":"https:\/\/kraios.app\/news\/wp-json\/wp\/v2\/media?parent=17392"}],"wp:term":[{"taxonomy":"category","embeddable":true,"href":"https:\/\/kraios.app\/news\/wp-json\/wp\/v2\/categories?post=17392"},{"taxonomy":"post_tag","embeddable":true,"href":"https:\/\/kraios.app\/news\/wp-json\/wp\/v2\/tags?post=17392"}],"curies":[{"name":"wp","href":"https:\/\/api.w.org\/{rel}","templated":true}]}}