{"id":17384,"date":"2023-10-14T00:13:31","date_gmt":"2023-10-14T00:13:31","guid":{"rendered":"https:\/\/kraios.app\/news\/siyaset\/2023\/10\/14\/adil-bir-barisin-tesisi-icin-turkiye-olarak-uzerimize-dusen-her-turlu-gorevi-yerine-getirmeye-haziriz\/"},"modified":"2023-10-14T00:13:31","modified_gmt":"2023-10-14T00:13:31","slug":"adil-bir-barisin-tesisi-icin-turkiye-olarak-uzerimize-dusen-her-turlu-gorevi-yerine-getirmeye-haziriz","status":"publish","type":"post","link":"https:\/\/kraios.app\/news\/siyaset\/2023\/10\/14\/adil-bir-barisin-tesisi-icin-turkiye-olarak-uzerimize-dusen-her-turlu-gorevi-yerine-getirmeye-haziriz\/","title":{"rendered":"Adil bir bar\u0131\u015f\u0131n tesisi i\u00e7in T\u00fcrkiye olarak \u00fczerimize d\u00fc\u015fen her t\u00fcrl\u00fc g\u00f6revi yerine getirmeye haz\u0131r\u0131z"},"content":{"rendered":"<p><\/p>\n<div>\n<p>TBMM Ba\u015fkan\u0131 Numan Kurtulmu\u015f, &#8220;\u0130srail-Filistin \u00e7at\u0131\u015fmas\u0131&#8221; g\u00fcndemiyle toplanan Meclis Genel Kurulunda yapt\u0131\u011f\u0131 konu\u015fmada, 600 milletvekilinin hemen tamam\u0131n\u0131n ortak alanlar\u0131ndan birisi olan bu konudaki hassasiyetlerinin dile getirilmesi i\u00e7in b\u00f6yle bir imkan\u0131n ortaya konulmas\u0131n\u0131n fevkalade \u00f6nemli oldu\u011funu ifade etti.<\/p>\n<p>\u0130srail-Filistin aras\u0131ndaki bu gerilimin daha fazla sivil can kayb\u0131 olmaks\u0131z\u0131n, daha fazla masum insanlar\u0131n kan\u0131 d\u00f6k\u00fclmeksizin \u00e7\u00f6z\u00fclebilmesi i\u00e7in T\u00fcrkiye olarak ba\u015ftan beri b\u00fcy\u00fck bir katk\u0131y\u0131 ortaya koymaya gayret ettiklerine dikkati \u00e7eken Kurtulmu\u015f, \u015f\u00f6yle devam etti:<\/p>\n<p>&#8220;Bir an evvel \u00e7at\u0131\u015fmalar\u0131n durdurulmas\u0131 ve zaten a\u00e7\u0131k bir hapishane olan Gazze \u015eeridi&#8217;nde insanlar\u0131 hayattan kopartan bu sald\u0131r\u0131lar\u0131n bir an evvel sonland\u0131r\u0131lmas\u0131; g\u0131das\u0131 t\u00fckenmi\u015f, suyu t\u00fckenmi\u015f, sa\u011fl\u0131k hizmetlerine ula\u015f\u0131m\u0131 neredeyse tamam\u0131yla engellenmi\u015f olan Gazze halk\u0131n\u0131n nefes alabilmesi i\u00e7in bir an evvel ate\u015fkesin tesis edilmesi y\u00f6n\u00fcnde T\u00fcrkiye&#8217;nin \u00e7ok ciddi ad\u0131mlar\u0131, \u00e7ok ciddi diplomatik temaslar\u0131 mevcuttur.<\/p>\n<p>Ayr\u0131ca zaten bir barut f\u0131\u00e7\u0131s\u0131na d\u00f6nm\u00fc\u015f olan Orta Do\u011fu&#8217;da, bu gerilimin daha fazla s\u00fcrd\u00fcr\u00fclmesi, bu sava\u015f\u0131n, b\u00f6lgesel ve k\u00fcresel yeni \u00e7at\u0131\u015fmalar\u0131n da fitilini ate\u015fleyebilecek bir imkana sahip oldu\u011fu a\u00e7\u0131kt\u0131r. Onun i\u00e7in diyoruz ki sava\u015f\u0131n geni\u015flemesinin \u00f6nlenmesi i\u00e7in bar\u0131\u015f, g\u00fcven ve istikrar ekseninde bu anlay\u0131\u015f\u0131m\u0131z \u00e7er\u00e7evesinde adil ve hakkaniyetli bir bar\u0131\u015f\u0131n tesis edilebilmesi i\u00e7in T\u00fcrkiye olarak \u00fczerimize d\u00fc\u015fen her t\u00fcrl\u00fc g\u00f6revi yerine getirmeye haz\u0131r oldu\u011fumuzu ifade etmek istiyorum.&#8221;<\/p>\n<p><img decoding=\"async\" alt=\"\" src=\"https:\/\/www.aa.com.tr\/uploads\/userFiles\/c9f1ae26-3cf3-4ab4-9d72-230dedd01a4c\/AA-32382886.jpg\"\/><\/p>\n<h3>Siyasi partilere te\u015fekk\u00fcr<\/h3>\n<p>Kurtulmu\u015f, \u00e7o\u011fu \u00fclkenin ya\u015fanan \u00e7at\u0131\u015fmalar\u0131, ard\u0131ndan gelen Gazze&#8217;deki katliam\u0131 g\u00f6rmezden gelirken ya da bir tiyatro izler gibi izlerken, keskin bir tarafgirlik i\u00e7erisinde buradaki insani dramlar\u0131 g\u00fcndemlerine dahi almazken, \u00f6ld\u00fcr\u00fclen \u00e7ocuklar, ta\u015f ta\u015f \u00fcst\u00fcnde b\u0131rak\u0131lmayan Gazze halk\u0131 i\u00e7in k\u0131llar\u0131n\u0131 k\u0131p\u0131rdatmazken, TBMM&#8217;nin insani, ahlaki ve tarihi sorumlulu\u011funu ku\u015fanmak \u00fczere bu oturumu ger\u00e7ekle\u015ftirmesinin ve bu oturumun sonunda ortak bir deklarasyona imza atarak bunu T\u00fcrkiye ve d\u00fcnya kamuoyuyla payla\u015fmas\u0131n\u0131n her t\u00fcrl\u00fc \u00f6vg\u00fcn\u00fcn \u00fcst\u00fcnde oldu\u011funu belirtti.<\/p>\n<p>Bu genel g\u00f6r\u00fc\u015fmenin ve sonunda deklare edilecek bildirinin, asl\u0131nda tarihe d\u00fc\u015f\u00fclen bir imza oldu\u011funu vurgulayan Kurtulmu\u015f, &#8220;Bir kez daha bu vesileyle, parlamentoda grubu bulunan b\u00fct\u00fcn siyasi partileri, grubu olmayan b\u00fct\u00fcn partilerin mensubu milletvekili arkada\u015flar\u0131m\u0131za te\u015fekk\u00fcr ediyor ve tebrik ediyorum.&#8221; diye konu\u015ftu.<\/p>\n<p>Esasen d\u00fcnyada Filistin-\u0130srail meselesinde b\u00fcy\u00fck bir vukufiyetle s\u00f6z s\u00f6yleyebilecek bir milletin evlatlar\u0131 olundu\u011funa i\u015faret eden Kurtulmu\u015f, \u015f\u00f6yle konu\u015ftu:<\/p>\n<p>&#8220;Ecdad\u0131m\u0131z d\u00f6rt as\u0131r boyunca bug\u00fcnk\u00fc Filistin topraklar\u0131nda farkl\u0131 dinden insanlar\u0131, farkl\u0131 mezhepleri, farkl\u0131 me\u015frepleri, farkl\u0131 etnik yap\u0131lar\u0131 bir arada ya\u015fatabilmi\u015f ve bu d\u00f6rt as\u0131r boyunca Bat\u0131l\u0131 insafl\u0131 tarih\u00e7ilerin &#8216;Osmanl\u0131 bar\u0131\u015f d\u00fczeni&#8217; olarak tan\u0131mlad\u0131klar\u0131 bu d\u00f6nemde bir tek mezhep kavgas\u0131 olmam\u0131\u015f, bir tek din kavgas\u0131 olmam\u0131\u015f, herkesin hakk\u0131na, hukukuna riayet edilmi\u015ftir. K\u0131saca \u00f6zetlemek gerekirse Mescid-i Aksa&#8217;daki &#8216;Allahuekber&#8217; sesleriyle hemen yan\u0131 ba\u015f\u0131ndaki a\u011flama duvar\u0131nda Yahudilerin yakar\u0131\u015flar\u0131, birka\u00e7 y\u00fcz metre \u00f6tedeki Do\u011fu\u015f Kilisesi&#8217;nde Hristiyanlar\u0131n dualar\u0131 birbirine kar\u0131\u015fm\u0131\u015f ve insanlar bar\u0131\u015f i\u00e7inde, esenlik i\u00e7erisinde ya\u015fam\u0131\u015flard\u0131r.<\/p>\n<p>Bunu sa\u011flayan iki temel gerek\u00e7e vard\u0131r. Bunlardan birisi dinlere, inan\u00e7lara ve kimliklere sayg\u0131; bir di\u011feri ise her insan\u0131 yarad\u0131l\u0131\u015fta e\u015fit olan hazreti insan olarak g\u00f6ren anlay\u0131\u015f\u0131m\u0131zd\u0131r. Dolay\u0131s\u0131yla b\u00f6ylesine \u00f6nemli bir tarihi birikime sahip olan T\u00fcrkiye&#8217;nin evlatlar\u0131 olarak, TBMM&#8217;nin \u00fcyelerinin ve siyasi partilerin bug\u00fcn g\u00f6stermi\u015f oldu\u011fu bu dayan\u0131\u015fman\u0131n tarihi bir ad\u0131m oldu\u011funun alt\u0131n\u0131 \u00e7izmek istiyor, eme\u011fi ge\u00e7en b\u00fct\u00fcn arkada\u015flar\u0131m\u0131za tebrik ve te\u015fekk\u00fcrlerimi bir kere daha ifade etmek istiyorum.&#8221;<\/p>\n<h3>&#8220;D\u00fcnya bar\u0131\u015f\u0131n\u0131n kap\u0131s\u0131 Orta Do\u011fu bar\u0131\u015f\u0131d\u0131r&#8221;<\/h3>\n<p>\u0130nsanl\u0131k ve b\u00f6lge tarihini bilenlerin bir ger\u00e7e\u011fin alt\u0131n\u0131 \u00e7izece\u011fini dile getiren Kurtulmu\u015f, &#8220;D\u00fcnya bar\u0131\u015f\u0131n\u0131n kap\u0131s\u0131 Orta Do\u011fu bar\u0131\u015f\u0131d\u0131r, Orta Do\u011fu bar\u0131\u015f\u0131n\u0131n kap\u0131s\u0131 ise hi\u00e7 ku\u015fkusuz Filistin halk\u0131n\u0131n bar\u0131\u015f ve esenlik i\u00e7erisinde Orta Do\u011fu&#8217;da ya\u015fayabilmesidir. Bu ger\u00e7e\u011fi en iyi bilen bir milletin \u00e7ocuklar\u0131 olarak \u015fu anda ya\u015fananlar\u0131 bir sebep olarak de\u011fil, on y\u0131llar boyunca s\u00fcren yanl\u0131\u015f uygulamalar\u0131n bir sonucu olarak g\u00f6r\u00fcyor ve bu nedenler ortadan kalkmadan Orta Do\u011fu&#8217;da bir bar\u0131\u015f\u0131n tam manas\u0131yla kurulmas\u0131n\u0131n m\u00fcmk\u00fcn olmad\u0131\u011f\u0131na inan\u0131yoruz.\u201d de\u011ferlendirmesinde bulundu.<\/p>\n<p>Kurtulmu\u015f, Orta Do\u011fu bar\u0131\u015f\u0131n\u0131n sa\u011flanmas\u0131 ile Filistin ve \u0130srail aras\u0131ndaki gerilimin sona erdirilmesi i\u00e7in 1967 s\u0131n\u0131rlar\u0131nda ba\u015fkenti Kud\u00fcs olan, ba\u011f\u0131ms\u0131z Filistin devletinin kurulmas\u0131 gerekti\u011fini belirterek, &#8220;T\u00fcrkiye olarak ba\u015f\u0131ndan beri ifade etti\u011fimiz iki devletli \u00e7\u00f6z\u00fcmden ba\u015fka hi\u00e7bir \u00e7\u00f6z\u00fcm olmad\u0131\u011f\u0131n\u0131 son olaylar bir kez daha ortaya koymu\u015ftur.&#8221; dedi.<\/p>\n<p>Yasa d\u0131\u015f\u0131 yerle\u015fimciler ve buna ba\u011fl\u0131 olarak \u0130srail&#8217;in i\u015fgal ve ilhak te\u015febb\u00fcslerinin sona erdirilmesinin de bar\u0131\u015f\u0131n \u00f6n\u00fcn\u00fc a\u00e7acak \u00f6nemli geli\u015fmelerden olaca\u011f\u0131n\u0131 vurgulayan Kurtulmu\u015f, s\u00f6zlerini \u015f\u00f6yle s\u00fcrd\u00fcrd\u00fc:<\/p>\n<p>&#8220;Ba\u015fta Mescid-i Aksa olmak \u00fczere M\u00fcsl\u00fcmanlar\u0131n, Hristiyanlar\u0131n ve Yahudilerin, b\u00fct\u00fcn din mensuplar\u0131n\u0131n kutsal mekanlar\u0131n\u0131n masuniyetinin korunmas\u0131 ve bu anlamda dinlerin kutsallar\u0131na kar\u015f\u0131 sayg\u0131 g\u00f6sterilmesidir. Onlarca kere ya\u015fand\u0131\u011f\u0131 gibi, \u00f6zellikle son d\u00f6nemde sadece s\u0131radan insanlar\u0131n de\u011fil, baz\u0131 milletvekillerin, baz\u0131 bakanlar\u0131n \u00f6nc\u00fcl\u00fc\u011f\u00fcnde M\u00fcsl\u00fcmanlar\u0131n kutsal mekan\u0131 olan Mescid-i Aksa&#8217;n\u0131n defalarca bask\u0131lara u\u011fram\u0131\u015f olmas\u0131, bask\u0131nlarla i\u015fgal edilmi\u015f olmas\u0131 uluslararas\u0131 hukuk bak\u0131m\u0131ndan kabul edilebilecek bir durum de\u011fildir. \u00dcmit ediyorum ki T\u00fcrkiye&#8217;nin \u00f6nc\u00fcl\u00fc\u011f\u00fcnde, sizlerin bu kararl\u0131l\u0131\u011f\u0131yla Orta Do\u011fu&#8217;daki bu sorunu \u00e7\u00f6zecek ve nihai olarak adil, hakkaniyetli bir bar\u0131\u015f\u0131 sa\u011flayacak ad\u0131mlar\u0131n at\u0131lmas\u0131 m\u00fcmk\u00fcn olur.&#8221;<\/p>\n<p>TBMM Ba\u015fkan\u0131 Kurtulmu\u015f, bug\u00fcnk\u00fc g\u00f6r\u00fc\u015fmeye ili\u015fkin deklarasyonda imzas\u0131 bulunan siyasi parti gruplar\u0131 ve temsilcilerine te\u015fekk\u00fcr etti.<\/p>\n<p>                            <span class=\"detay-foto-editor\">&#13;<br \/>\n                                <a href=\"https:\/\/www.aa.com.tr\/tr\/p\/abonelik-talep-formu\/1001\" target=\"_blank\" style=\"font-size:12px; color:#444; text-decoration:none;\" rel=\"noopener\">&#13;<br \/>\n                                    Anadolu Ajans\u0131 web sitesinde, AA Haber Ak\u0131\u015f Sistemi (HAS) \u00fczerinden abonelere sunulan haberler, \u00f6zetlenerek yay\u0131mlanmaktad\u0131r. <b style=\"color:#1897F7\">Abonelik i\u00e7in l\u00fctfen ileti\u015fime ge\u00e7iniz.<\/b>&#13;<br \/>\n                                <\/a>&#13;<br \/>\n                            <\/span>\n                        <\/div>\n<p><script>\n\t  window.fbAsyncInit = function() {\n\t\tFB.init({\n\t\t  appId: '1855843514662870',\n\t\t  status : true, \/\/ check login status\n\t\t  cookie : true, \/\/ enable cookies to allow the server to access the session\n\t\t  xfbml  : true  \/\/ parse XFBML\n\t\t});\n\t  };<\/p>\n<p>\t  (function() {\n\t\tvar e = document.createElement('script');\n\t\te.src=\"https:\/\/connect.facebook.net\/tr_TR\/all.js\";\n\t\te.async = true;\n\t\tdocument.getElementById('fb-root').appendChild(e);\n\t  }());\n    <\/script><\/p>\n","protected":false},"excerpt":{"rendered":"<p>TBMM Ba\u015fkan\u0131 Numan Kurtulmu\u015f, &#8220;\u0130srail-Filistin \u00e7at\u0131\u015fmas\u0131&#8221; g\u00fcndemiyle toplanan Meclis Genel Kurulunda yapt\u0131\u011f\u0131 konu\u015fmada, 600 milletvekilinin hemen tamam\u0131n\u0131n ortak alanlar\u0131ndan birisi olan bu konudaki hassasiyetlerinin dile getirilmesi i\u00e7in b\u00f6yle bir imkan\u0131n ortaya konulmas\u0131n\u0131n fevkalade \u00f6nemli oldu\u011funu ifade etti. \u0130srail-Filistin aras\u0131ndaki bu gerilimin daha fazla sivil can kayb\u0131 olmaks\u0131z\u0131n, daha fazla masum insanlar\u0131n kan\u0131 d\u00f6k\u00fclmeksizin \u00e7\u00f6z\u00fclebilmesi i\u00e7in [&hellip;]<\/p>\n","protected":false},"author":1,"featured_media":17385,"comment_status":"","ping_status":"","sticky":false,"template":"","format":"standard","meta":[],"categories":[47],"tags":[],"_links":{"self":[{"href":"https:\/\/kraios.app\/news\/wp-json\/wp\/v2\/posts\/17384"}],"collection":[{"href":"https:\/\/kraios.app\/news\/wp-json\/wp\/v2\/posts"}],"about":[{"href":"https:\/\/kraios.app\/news\/wp-json\/wp\/v2\/types\/post"}],"author":[{"embeddable":true,"href":"https:\/\/kraios.app\/news\/wp-json\/wp\/v2\/users\/1"}],"replies":[{"embeddable":true,"href":"https:\/\/kraios.app\/news\/wp-json\/wp\/v2\/comments?post=17384"}],"version-history":[{"count":0,"href":"https:\/\/kraios.app\/news\/wp-json\/wp\/v2\/posts\/17384\/revisions"}],"wp:featuredmedia":[{"embeddable":true,"href":"https:\/\/kraios.app\/news\/wp-json\/wp\/v2\/media\/17385"}],"wp:attachment":[{"href":"https:\/\/kraios.app\/news\/wp-json\/wp\/v2\/media?parent=17384"}],"wp:term":[{"taxonomy":"category","embeddable":true,"href":"https:\/\/kraios.app\/news\/wp-json\/wp\/v2\/categories?post=17384"},{"taxonomy":"post_tag","embeddable":true,"href":"https:\/\/kraios.app\/news\/wp-json\/wp\/v2\/tags?post=17384"}],"curies":[{"name":"wp","href":"https:\/\/api.w.org\/{rel}","templated":true}]}}