{"id":17376,"date":"2023-10-14T00:01:25","date_gmt":"2023-10-14T00:01:25","guid":{"rendered":"https:\/\/kraios.app\/news\/siyaset\/2023\/10\/14\/gazzedeki-kardeslerime-yonelik-katliam-derecesine-varan-saldirilarin-hicbir-izahi-olamaz\/"},"modified":"2023-10-14T00:01:25","modified_gmt":"2023-10-14T00:01:25","slug":"gazzedeki-kardeslerime-yonelik-katliam-derecesine-varan-saldirilarin-hicbir-izahi-olamaz","status":"publish","type":"post","link":"https:\/\/kraios.app\/news\/siyaset\/2023\/10\/14\/gazzedeki-kardeslerime-yonelik-katliam-derecesine-varan-saldirilarin-hicbir-izahi-olamaz\/","title":{"rendered":"Gazze&#8217;deki karde\u015flerime y\u00f6nelik katliam derecesine varan sald\u0131r\u0131lar\u0131n hi\u00e7bir izah\u0131 olamaz"},"content":{"rendered":"<p><\/p>\n<div>\n<p>Cumhurba\u015fkan\u0131 <strong>Recep Tayyip Erdo\u011fan<\/strong>, &#8220;Daha \u00f6nce siyasette hi\u00e7 g\u00f6rmedi\u011fimiz kirli pazarl\u0131klara \u015fahit olduk. Ne dediler? Alt\u0131l\u0131 masa dediler. Ne dediler? Gerekirse 16&#8217;l\u0131 masa dediler. Ne dediler? Gerekirse 1600&#8217;l\u00fc masa dediler. Ne oldu? Ne alt\u0131l\u0131 masa, ne 16&#8217;l\u0131 masa ne 1600&#8217;l\u00fc masa tuttu.&#8221; dedi.<\/p>\n<p>Erdo\u011fan, Be\u015ftepe Millet Kongre ve K\u00fclt\u00fcr Merkezi&#8217;nde d\u00fczenlenen T\u00fcrkiye Gen\u00e7lik Vakf\u0131 (T\u00dcGVA) Te\u015fkilat Bulu\u015fmas\u0131&#8217;na kat\u0131ld\u0131.<\/p>\n<p class=\"videoWrapper\">\n<div class=\"jeg_video_container jeg_video_content\"><iframe loading=\"lazy\" title=\"Cumhurba\u015fkan\u0131 Erdo\u011fan: Gazze&#039;de katliam derecesine varan sald\u0131r\u0131lar\u0131n hi\u00e7bir izah\u0131 olamaz\" width=\"500\" height=\"281\" src=\"https:\/\/www.youtube.com\/embed\/ehjS4fvFp7w?feature=oembed\" frameborder=\"0\" allow=\"accelerometer; autoplay; clipboard-write; encrypted-media; gyroscope; picture-in-picture; web-share\" allowfullscreen><\/iframe><\/div>\n<p>&amp;amp;amp;amp;amp;amp;amp;amp;amp;amp;amp;amp;amp;amp;amp;amp;amp;amp;amp;amp;amp;amp;amp;amp;lt;br class=&#8221;k-br&#8221; \/&amp;amp;amp;amp;amp;amp;amp;amp;amp;amp;amp;amp;amp;amp;amp;amp;amp;amp;amp;amp;amp;amp;amp;amp;gt;<\/iframe><\/p>\n<p>Cumhurba\u015fkan\u0131 Erdo\u011fan, burada yapt\u0131\u011f\u0131 konu\u015fmada, T\u00dcGVA gen\u00e7li\u011fini Cumhurba\u015fkanl\u0131\u011f\u0131 K\u00fclliyesi&#8217;nde, milletin evinde, gazi mekanda a\u011f\u0131rlamaktan b\u00fcy\u00fck bir memnuniyet duydu\u011funu belirtti.<\/p>\n<p>Gen\u00e7lere bak\u0131nca kendi gen\u00e7li\u011fini g\u00f6rmenin heyecan\u0131n\u0131 ya\u015fad\u0131\u011f\u0131n\u0131 vurgulayan Erdo\u011fan, &#8220;Aran\u0131zda kendimi daha gen\u00e7 hissediyor, \u015fu sevdan\u0131zla, bizlere bu duygular\u0131 ya\u015fatt\u0131\u011f\u0131n\u0131z i\u00e7in her birinize ayr\u0131 ayr\u0131 te\u015fekk\u00fcr ediyorum. Rabb&#8217;im birli\u011finizi, beraberli\u011finizi, kelimelere s\u0131\u011fmayan \u015fu a\u015fk\u0131m\u0131z\u0131 daim eylesin diyorum. Bu vesileyle kurulu\u015fundan bug\u00fcne kadar T\u00dcGVA&#8217;n\u0131n faaliyetlerinde eme\u011fi ge\u00e7en herkese, t\u00fcm gen\u00e7 karde\u015flerime \u015f\u00fckranlar\u0131m\u0131 sunuyorum.&#8221; diye konu\u015ftu.<\/p>\n<p>Erdo\u011fan, T\u00dcGVA&#8217;n\u0131n 81 il ve 571 il\u00e7edeki temsilcilikleriyle, 340 bini a\u015fan \u00fcye say\u0131s\u0131yla, yurtlar\u0131, k\u0131raathaneleri ve gen\u00e7lik merkezleriyle \u00fclkenin gurur abidesi kurulu\u015flar\u0131ndan oldu\u011funu s\u00f6yledi.<\/p>\n<p><img decoding=\"async\" alt=\"\" src=\"https:\/\/www.aa.com.tr\/uploads\/userFiles\/40b5e6df-807a-4c96-8fee-5e91cbea23a3\/2023%2FEkim%2Fgnc1.jpg\"\/><\/p>\n<h3>&#8220;T\u00dcGVA&#8217;n\u0131n en \u00f6nemli ba\u015far\u0131lar\u0131ndan biri de yurt d\u0131\u015f\u0131ndaki \u00e7al\u0131\u015fmalar\u0131&#8221;<\/h3>\n<p>\u0130ster ortaokul, lise, \u00fcniversite, ister i\u015f hayat\u0131na at\u0131lm\u0131\u015f olsun, hi\u00e7bir ayr\u0131m yapmadan t\u00fcm gen\u00e7lere y\u00f6nelik faaliyetler y\u00fcr\u00fcten T\u00dcGVA ile iftihar ettiklerini anlatan Erdo\u011fan, s\u00f6zlerini \u015f\u00f6yle s\u00fcrd\u00fcrd\u00fc:<\/p>\n<p>&#8220;T\u00dcGVA&#8217;n\u0131n e\u011fitim \u00f6\u011fretim \u00e7al\u0131\u015fmalar\u0131 yan\u0131nda kamplar\u0131yla, k\u00fclt\u00fcr sanat ve spor faaliyetleriyle gen\u00e7lerimizin hayat\u0131na dokunan hizmetlerini takdirle kar\u015f\u0131l\u0131yorum. T\u00dcGVA&#8217;n\u0131n en \u00f6nemli ba\u015far\u0131lar\u0131ndan biri de yurt d\u0131\u015f\u0131ndaki \u00e7al\u0131\u015fmalar\u0131d\u0131r. Bir d\u00f6nem sadece \u00fclkemizin s\u0131n\u0131rlar\u0131 i\u00e7inde faaliyet y\u00fcr\u00fcten g\u00f6n\u00fcll\u00fc kurulu\u015flar\u0131m\u0131z, art\u0131k hudutlar\u0131m\u0131z\u0131n \u00e7ok \u00f6tesinde varl\u0131k g\u00f6steriyor. Afrika&#8217;dan Asya&#8217;ya, Amerika&#8217;dan Avrupa&#8217;ya ve Balkanlar&#8217;a kadar d\u00fcnyan\u0131n d\u00f6rt bir ucunda T\u00fcrk sivil toplum \u00f6rg\u00fctlerinin \u00e7al\u0131\u015fmalar\u0131na, projelerine rastl\u0131yoruz. T\u00fcrkiye&#8217;nin sesini, nefesini ve yard\u0131m elini d\u00fcnyan\u0131n en \u00fccra k\u00f6\u015felerine ula\u015ft\u0131ran sivil toplum kurulu\u015flar\u0131m\u0131z\u0131 tebrik ediyorum. Yurt d\u0131\u015f\u0131 seyahatlerimizde zaman zaman T\u00dcGVA&#8217;l\u0131 gen\u00e7lerle de bulu\u015fma, kucakla\u015fma, hasbihal etme imkan\u0131 buluyoruz. Yurt i\u00e7inde veya yurt d\u0131\u015f\u0131nda sizlerle bir araya her geli\u015fimizde emin olun \u00fclkemizin ayd\u0131nl\u0131k gelece\u011fine dair umutlar\u0131m\u0131z daha da b\u00fcy\u00fcyor, T\u00fcrkiye Y\u00fczy\u0131l\u0131&#8217;n\u0131n in\u015fas\u0131 i\u00e7in verdi\u011fimiz m\u00fccadele daha da g\u00fc\u00e7leniyor, daha adil bir d\u00fcnyan\u0131n m\u00fcmk\u00fcn oldu\u011funa dair inanc\u0131m\u0131z daha da art\u0131yor. Sizlerin ufku ve hayallerinin b\u00fcy\u00fckl\u00fc\u011f\u00fc kar\u015f\u0131s\u0131nda bizim de vizyonumuz geni\u015fliyor.&#8221;<\/p>\n<p><img decoding=\"async\" alt=\"\" src=\"https:\/\/www.aa.com.tr\/uploads\/userFiles\/40b5e6df-807a-4c96-8fee-5e91cbea23a3\/2023%2FEkim%2Fgnc2.jpg\"\/><\/p>\n<h3>&#8220;Hay\u0131rl\u0131 hizmetlerinizde sizlere destek olmaya devam edece\u011fiz&#8221;<\/h3>\n<p>Gen\u00e7lerin sadakati ve samimiyetlerini g\u00f6rd\u00fck\u00e7e kendilerini toparlad\u0131klar\u0131n\u0131, y\u00fcklerinin a\u011f\u0131rl\u0131\u011f\u0131n\u0131n \u015fuuruna vard\u0131klar\u0131n\u0131 dile getiren Cumhurba\u015fkan\u0131 Erdo\u011fan, \u015funlar\u0131 kaydetti:<\/p>\n<p>&#8220;Gen\u00e7ler, sizi bizim iftihar kayna\u011f\u0131m\u0131z, birilerinin de korkulu r\u00fcyas\u0131 haline getiren i\u015fte bu \u00f6zelliklerinizdir. Gen\u00e7ler \u015funu unutmay\u0131n. Da\u011fdaki ter\u00f6ristlere &#8216;Yere izmarit atm\u0131yorlar&#8217; diyerek \u00e7i\u00e7ek \u00e7ocuk muamelesi yapan pa\u00e7avralar\u0131n s\u00fcrekli sizi hedef almas\u0131n\u0131n, s\u00fcrekli size iftira atmas\u0131n\u0131n, sizi lekelemeye \u00e7al\u0131\u015fmas\u0131n\u0131n sebebi de budur. Vars\u0131n onlar, sizin \u00e7al\u0131\u015fmalar\u0131n\u0131zdan rahats\u0131zl\u0131k duysun. Biz hay\u0131rl\u0131 hizmetlerinizde sizlere destek olmaya devam edece\u011fiz.&#8221;<\/p>\n<p>Erdo\u011fan, e\u011fitim alan\u0131nda \u00e7ok \u00f6nemli bir bo\u015flu\u011fu dolduran vakf\u0131n varolu\u015f gayesine uygun \u015fekilde iyiyi, g\u00fczeli, hakk\u0131, adaleti esas alan \u00e7al\u0131\u015fmalar\u0131yla, m\u00fccadelelerine omuz vermeyi s\u00fcrd\u00fcrece\u011fine inand\u0131\u011f\u0131n\u0131 belirtti.<\/p>\n<p>T\u00dcGVA&#8217;l\u0131 gen\u00e7lerle ge\u00e7en senenin ekim ay\u0131nda 5. Ola\u011fan Genel Kurulu ve 6. Gen\u00e7lik Bulu\u015fmas\u0131&#8217;nda birlikte olduklar\u0131n\u0131 an\u0131msatan Erdo\u011fan, T\u00fcrkiye&#8217;nin 81 ilinden 25 bini a\u015fk\u0131n gencin bir araya geldi\u011fi, &#8220;gen\u00e7lik burada&#8221; sloganlar\u0131 e\u015fli\u011finde birlik ve beraberliklerinin g\u00fc\u00e7lendi\u011fi etkinlikteki karde\u015flik ruhunu halen hat\u0131rlad\u0131klar\u0131n\u0131 vurgulad\u0131.<\/p>\n<p><img decoding=\"async\" alt=\"\" src=\"https:\/\/www.aa.com.tr\/uploads\/userFiles\/40b5e6df-807a-4c96-8fee-5e91cbea23a3\/2023%2FEkim%2Fgnc3.jpg\"\/><\/p>\n<h3>14-28 May\u0131s se\u00e7imleri<\/h3>\n<p>O bulu\u015fmadaki s\u00f6zleri ve ahitlerine uygun \u015fekilde \u00fclkedeki se\u00e7im s\u00fcrecini ba\u015far\u0131yla tamamlad\u0131klar\u0131na dikkati \u00e7eken Erdo\u011fan, \u015f\u00f6yle devam etti:<\/p>\n<p>&#8220;Cumhuriyet tarihinin en kritik se\u00e7imlerinden birisi olarak kayda ge\u00e7en 14 ve 28 May\u0131s se\u00e7imlerini tam bir demokrasi \u015f\u00f6leni i\u00e7inde y\u00fczde 90&#8217;lar\u0131 bulan rekor kat\u0131l\u0131m oranlar\u0131yla ger\u00e7ekten istisnai bir atmosferde icra ettik. Meclis&#8217;te Cumhuriyet \u0130ttifak\u0131&#8217;n\u0131n, Cumhurba\u015fkanl\u0131\u011f\u0131nda da \u015fahs\u0131m\u0131z\u0131n zaferle \u00e7\u0131kt\u0131\u011f\u0131 se\u00e7imler, siyaset tarihimize bir d\u00f6n\u00fcm noktas\u0131 olarak yaz\u0131ld\u0131. Pek \u00e7ok \u00e7irkinlikle kar\u015f\u0131la\u015ft\u0131k. Say\u0131s\u0131z iftiraya ve ithama maruz kald\u0131k. Daha \u00f6nce siyasette hi\u00e7 g\u00f6rmedi\u011fimiz kirli pazarl\u0131klara \u015fahit olduk. Ne dediler? Alt\u0131l\u0131 masa dediler. Ne dediler? Gerekirse 16&#8217;l\u0131 masa dediler. Ne dediler? Gerekirse 1600&#8217;l\u00fc masa dediler. Ne oldu? Ne alt\u0131l\u0131, ne 16&#8217;l\u0131 masa ne de 1600&#8217;l\u00fc masa tuttu.<\/p>\n<p>Gen\u00e7ler \u015funu unutmay\u0131n. Bak\u0131n \u015fu anda parlamentoda bu masadan bir ki\u015fi var m\u0131? Nerede bunlar? Yok oldular. Ama kim var? Millet var millet. Ter\u00f6r \u00f6rg\u00fctlerinin siyasete alenen m\u00fcdahale etti\u011fi sahnelerle kar\u015f\u0131la\u015ft\u0131k. \u00dclkemizdeki s\u0131\u011f\u0131nmac\u0131lar\u0131n hedef g\u00f6sterildi\u011fi provokasyonlar\u0131 g\u00f6rd\u00fck ama t\u00fcm bunlara ra\u011fmen her iki se\u00e7imde de aziz milletimizin tevecc\u00fch\u00fcne mazhar olmay\u0131 ba\u015fard\u0131k. Sizlerin \u015fahs\u0131nda bizlere destek veren t\u00fcm gen\u00e7lerimize te\u015fekk\u00fcr ediyorum. Siz bize sand\u0131kta sahip \u00e7\u0131kt\u0131n\u0131z. Biz de sizin i\u00e7in \u00e7al\u0131\u015fmaya, sizlere hizmet etmeye devam edece\u011fiz.&#8221;<\/p>\n<p>Cumhurba\u015fkan\u0131 Erdo\u011fan, &#8220;T\u00fcrkiye Y\u00fczy\u0131l\u0131&#8217;n\u0131n mimar\u0131 olaca\u011f\u0131na inand\u0131\u011f\u0131m\u0131z siz gen\u00e7 karde\u015flerimiz i\u00e7in t\u00fcm imkanlar\u0131m\u0131z\u0131 seferber etmi\u015f durumday\u0131z. Okuyan, ara\u015ft\u0131ran, sorgulayan, bilime, sanata, spora, k\u00fclt\u00fcre merakl\u0131 milli ve manevi de\u011ferlere sahip gen\u00e7lerimizin hayallerini ger\u00e7ekle\u015ftirmelerinin \u00f6n\u00fcnde hi\u00e7bir engel b\u0131rakm\u0131yoruz.&#8221; dedi.<\/p>\n<p><img decoding=\"async\" alt=\"\" src=\"https:\/\/www.aa.com.tr\/uploads\/userFiles\/40b5e6df-807a-4c96-8fee-5e91cbea23a3\/2023%2FEkim%2Fgnc5.jpg\"\/><\/p>\n<p>Erdo\u011fan, gelecek 5 seneyi, ayn\u0131 zamanda Cumhurba\u015fkanl\u0131\u011f\u0131ndaki ustal\u0131k d\u00f6nemi olarak g\u00f6rd\u00fcklerini ve bu d\u00f6nemdeki hedeflerinin T\u00fcrkiye Y\u00fczy\u0131l\u0131&#8217;n\u0131n in\u015fas\u0131 oldu\u011funu s\u00f6yledi.<\/p>\n<p>Erdo\u011fan, son 21 y\u0131lda bunun alt yap\u0131s\u0131n\u0131 kurduklar\u0131n\u0131, ula\u015f\u0131mdan savunmaya, \u00fcretimden sa\u011fl\u0131\u011fa, e\u011fitimden gen\u00e7li\u011fe her alanda T\u00fcrkiye&#8217;nin eksikliklerini b\u00fcy\u00fck \u00f6l\u00e7\u00fcde tamamlad\u0131klar\u0131n\u0131 aktard\u0131.<\/p>\n<p>\u015eimdi bunu T\u00fcrkiye Y\u00fczy\u0131l\u0131 \u015fiar\u0131yla yeni bir safhaya ta\u015f\u0131d\u0131klar\u0131n\u0131n alt\u0131n\u0131 \u00e7izen Erdo\u011fan, &#8220;Se\u00e7imlerden sonra kabinemizi bu vizyona g\u00f6re olu\u015fturduk. Bakan yard\u0131mc\u0131lar\u0131m\u0131z\u0131 ve b\u00fcrokratlar\u0131m\u0131z\u0131 buna g\u00f6re tayin ettik. Milletvekillerimizi ve parti y\u00f6netimimizi buna g\u00f6re belirledik. Hamlelerimizi bu vizyona ula\u015fma hedefiyle planlad\u0131k. Ne yap\u0131yorsak T\u00fcrkiye Y\u00fczy\u0131l\u0131&#8217;n\u0131n hayata ge\u00e7irilmesi i\u00e7in yap\u0131yor, t\u00fcm ad\u0131mlar\u0131m\u0131z\u0131 buna g\u00f6re yap\u0131yoruz.&#8221; ifadelerini kulland\u0131.<\/p>\n<p>&#8220;Gen\u00e7ler milletin \u00fcmididir&#8221; derken hamaset yapmad\u0131klar\u0131n\u0131, hakikati dile getirdiklerini belirten Erdo\u011fan, &#8220;Gen\u00e7ler gelece\u011fimizin teminat\u0131d\u0131r&#8217; diyorsak, T\u00fcrkiye&#8217;nin teminat\u0131 sizler oldu\u011fu i\u00e7in bunu s\u00f6yl\u00fcyoruz. &#8216;En b\u00fcy\u00fck zenginli\u011fimiz gen\u00e7lerdir&#8217; derken, pop\u00fclist beklentilerle de\u011fil t\u00fcm kalbimizle inand\u0131\u011f\u0131m\u0131z i\u00e7in bunu dillendiriyoruz. Sizlere bakt\u0131\u011f\u0131m\u0131zda sizlerin p\u0131r\u0131l p\u0131r\u0131l par\u0131ldayan \u015fu g\u00f6zlerinizde neyi g\u00f6r\u00fcyorsak dilimizle de onu ifade ediyoruz.&#8221; de\u011ferlendirmesini yapt\u0131.<\/p>\n<p>Ne 40 y\u0131l\u0131 a\u015fan siyasi hayat\u0131 ne de 21 y\u0131ll\u0131k iktidarlar\u0131 d\u00f6neminde kibirle, tekebb\u00fcrle yakla\u015fmad\u0131klar\u0131n\u0131 dile getiren Erdo\u011fan, s\u00f6zlerini \u015f\u00f6yle s\u00fcrd\u00fcrd\u00fc:<\/p>\n<p>&#8220;Gen\u00e7lerimize birilerinin dedi\u011fi gibi &#8216;T\u0131p\u0131\u015f t\u0131p\u0131\u015f gidip \u015funu yapacaks\u0131n\u0131z, b\u00f6yle davranacaks\u0131n\u0131z&#8217; asla demedik. \u0130\u00e7inde debelendi\u011fi dipsiz karanl\u0131\u011fa gen\u00e7leri de \u00e7ekmeye \u00e7al\u0131\u015fan kifayetsiz muhterisler gibi olmad\u0131k. Se\u00e7im d\u00f6neminde gen\u00e7lerin &#8216;demokrat dedesi&#8217; nam\u0131yla ortal\u0131kta dola\u015fanlar\u0131n, i\u015f gen\u00e7lere g\u00fcvenip g\u00f6rev vermeye gelince nas\u0131l s\u0131rra kadem bast\u0131klar\u0131n\u0131n hepimiz \u015fahidiyiz. Gen\u00e7lerin s\u0131rt\u0131ndan ge\u00e7inen bu tufeylilerin ne \u00fclke gibi ne millet gibi ne de gen\u00e7lerimizin meseleleri gibi bir g\u00fcndemlerinin olmad\u0131\u011f\u0131 a\u015fikard\u0131r. Bunlar\u0131n tek derdi, gayri ahlaki yollarla getirildikleri koltuklar\u0131n\u0131 korumakt\u0131r. \u0130\u015fte g\u00f6rd\u00fcn\u00fcz, otob\u00fcs\u00fcn \u00fczerinden koltuk at\u0131yor, \u00f6b\u00fcr\u00fc bak\u0131yorsun koltu\u011fu b\u0131rakmamak i\u00e7in yapmad\u0131k i\u015f b\u0131rakm\u0131yor. Bizim b\u00f6yle bir derdimiz elhamd\u00fclillah yok. Biz hayat\u0131n her alan\u0131nda gen\u00e7lerimize alan a\u00e7man\u0131n, destek olman\u0131n, onlar\u0131n dinamizmini, heyecan\u0131n\u0131, \u015fevkini \u00fclkenin ve milletin hayr\u0131na y\u00f6nlendirmenin m\u00fccadelesini verdik, veriyoruz.&#8221;<\/p>\n<p><img decoding=\"async\" alt=\"\" src=\"https:\/\/www.aa.com.tr\/uploads\/userFiles\/40b5e6df-807a-4c96-8fee-5e91cbea23a3\/2023%2FEkim%2Fgnc4.jpg\"\/><\/p>\n<h3>&#8220;Daima gen\u00e7lerin yan\u0131nda olduk&#8221;<\/h3>\n<p>Cumhurba\u015fkan\u0131 Erdo\u011fan, derslik say\u0131s\u0131n\u0131 343 binden 620 bine, \u00fcniversite say\u0131s\u0131n\u0131 76&#8217;dan 208&#8217;e, y\u00fcksek \u00f6\u011frenim yurt yatak kapasitesini 182 binden 950 bine, gen\u00e7lik merkezi say\u0131s\u0131n\u0131 9&#8217;dan 469&#8217;a, toplam spor tesisi say\u0131s\u0131n\u0131 bin 575&#8217;ten 4 bin 350&#8217;ye, ara\u015ft\u0131rma ve geli\u015ftirme merkezi say\u0131s\u0131n\u0131 s\u0131f\u0131rdan 1298&#8217;e ve tasar\u0131m merkezi say\u0131s\u0131n\u0131 s\u0131f\u0131rdan 326&#8217;ya, teknopark say\u0131s\u0131n\u0131 2&#8217;den 100&#8217;e \u00e7\u0131kartarak, daima gen\u00e7lerin yan\u0131nda olduklar\u0131n\u0131 bildirdi.<\/p>\n<p>T\u00dcB\u0130TAK burs programlar\u0131yla 2023 y\u0131l\u0131nda 26 bin 632 lisans, y\u00fcksek lisans ve doktora \u00f6\u011frencisine 730 milyon lira destek aktard\u0131klar\u0131n\u0131 anlatan Erdo\u011fan, STAR program\u0131yla bug\u00fcne kadar 6 bin 60 \u00f6\u011frencinin 3 bin 200&#8217;\u00fcn \u00fczerinde projede g\u00f6rev ald\u0131\u011f\u0131 bilgisini verdi.<\/p>\n<p>Erdo\u011fan, Bireysel Gen\u00e7 Giri\u015fimci Deste\u011fi ile toplam 2 bin 140 \u015firket kuruldu\u011funu aktararak, \u00f6rg\u00fcn e\u011fitimdeki \u00fcniversiteli gen\u00e7lere vadedilen cep telefonu ve bilgisayar deste\u011fiyle \u00fccretsiz 10 GB&#8217;lik internet s\u00f6z\u00fcn\u00fc tuttuklar\u0131n\u0131 s\u00f6yledi. Bir di\u011fer se\u00e7im vaatleri olan Aile ve Gen\u00e7lik Bankas\u0131&#8217;n\u0131n kurulu\u015funa dair kanun teklifini de Cumhur \u0130ttifak\u0131 olarak yak\u0131nda Meclise sunacaklar\u0131n\u0131 ifade etti.<\/p>\n<p>Deprem b\u00f6lgesini, pilot b\u00f6lge olarak belirledikleri bu banka ile depremzede gen\u00e7lerin yuva kurmalar\u0131na yard\u0131mc\u0131 olacaklar\u0131n\u0131 vurgulayan Erdo\u011fan, \u015funlar\u0131 kaydetti:<\/p>\n<p>&#8220;T\u00fcrkiye Y\u00fczy\u0131l\u0131&#8217;n\u0131n mimar\u0131 olaca\u011f\u0131na inand\u0131\u011f\u0131m\u0131z siz gen\u00e7 karde\u015flerimiz i\u00e7in t\u00fcm imkanlar\u0131m\u0131z\u0131 seferber etmi\u015f durumday\u0131z. Okuyan, ara\u015ft\u0131ran, sorgulayan, bilime, sanata, spora, k\u00fclt\u00fcre merakl\u0131 milli ve manevi de\u011ferlere sahip gen\u00e7lerimizin hayallerini ger\u00e7ekle\u015ftirmelerinin \u00f6n\u00fcnde hi\u00e7bir engel b\u0131rakm\u0131yoruz.<\/p>\n<p><img decoding=\"async\" alt=\"\" src=\"https:\/\/www.aa.com.tr\/uploads\/userFiles\/40b5e6df-807a-4c96-8fee-5e91cbea23a3\/2023%2FEkim%2Fgnc55.jpg\"\/><\/p>\n<p>\u00d6nceki hafta en sonuncusunu \u0130zmir&#8217;de d\u00fczenledi\u011fimiz TEKNOFEST&#8217;te \u00fclkemiz gen\u00e7li\u011finin nas\u0131l b\u00fcy\u00fck hedefleri oldu\u011funu bir kez daha g\u00f6rd\u00fck. Hamdolsun, bir milyon 200 bine yak\u0131n gen\u00e7, gelip gezdiler, ziyaret ettiler. Cumhuriyetimizin 100. y\u0131l\u0131na selam mahiyetinde \u0130stanbul, Ankara ve \u0130zmir&#8217;de tertiplenen festivali \u00e7o\u011fu gen\u00e7, toplam 4,6 milyon insan\u0131m\u0131z ziyaret etti. \u0130mkan verildi\u011finde, bu \u00fclkenin gen\u00e7lerinin neleri ba\u015farabilece\u011fine orada bir kez daha hep beraber \u015fahitlik ettik.&#8221;<\/p>\n<p>Bu alanda yeni bir ad\u0131m daha att\u0131klar\u0131na dikkati \u00e7eken Erdo\u011fan, &#8220;Uluslararas\u0131 Uzay Kongresi&#8217;nin 77&#8217;ncisine in\u015fallah 2026&#8217;da Antalya&#8217;da ev sahipli\u011fi yapaca\u011f\u0131z. Cumhuriyet tarihi boyunca \u00fclkemizde d\u00fczenlenecek en b\u00fcy\u00fck bilimsel etkinlik olacak kongrenin sizlere yeni ufuklar a\u00e7aca\u011f\u0131na inan\u0131yorum. Spor alan\u0131nda 2032 Avrupa Futbol \u015eampiyonas\u0131&#8217;n\u0131 T\u00fcrkiye-\u0130talya olarak in\u015fallah beraber d\u00fczenleyece\u011fiz. Her iki uluslararas\u0131 etkinli\u011fin de siz gen\u00e7lere hay\u0131rl\u0131 olmas\u0131n\u0131 diliyorum.&#8221;<\/p>\n<p>Cumhurba\u015fkan\u0131 Erdo\u011fan, \u0130srail ile \u0130zzeddin el-Kassam Tugaylar\u0131n\u0131n ba\u015f\u0131 \u00e7ekti\u011fi Filistinli gruplar aras\u0131ndaki \u00e7at\u0131\u015fmalara ili\u015fkin, &#8220;Biz bu \u00e7at\u0131\u015fmalar\u0131n, bu sald\u0131r\u0131lar\u0131n daha fazla b\u00fcy\u00fcmesini ve Allah korusun b\u00f6lgemize yay\u0131lmas\u0131n\u0131 istemiyoruz. B\u00f6lgede s\u00f6z ve etki sahibi t\u00fcm akt\u00f6rleri k\u00f6r\u00fc k\u00f6r\u00fcne birilerini desteklemek yerine gerilimi d\u00fc\u015f\u00fcrmek i\u00e7in \u00e7aba harcamaya \u00e7a\u011f\u0131r\u0131yoruz.&#8221; dedi.<\/p>\n<p>Erdo\u011fan, T\u00fcrkiye&#8217;nin de i\u00e7inde bulundu\u011fu b\u00f6lgenin son d\u00f6nemlerde olduk\u00e7a sanc\u0131l\u0131 ve s\u0131k\u0131nt\u0131l\u0131 g\u00fcnlerden ge\u00e7ti\u011fini s\u00f6yledi.<\/p>\n<p><img decoding=\"async\" alt=\"\" src=\"https:\/\/www.aa.com.tr\/uploads\/userFiles\/40b5e6df-807a-4c96-8fee-5e91cbea23a3\/2023%2FEkim%2Fgnc56.jpg\"\/><\/p>\n<p>Erdo\u011fan, Rusya-Ukrayna sava\u015f\u0131nda bug\u00fcn itibar\u0131yla 595&#8217;inci g\u00fcn\u00fcn geride b\u0131rak\u0131ld\u0131\u011f\u0131n\u0131 belirterek, \u015funlar\u0131 kaydetti:<\/p>\n<p>&#8220;Neredeyse 600 g\u00fcnd\u00fcr iki kom\u015fumuz aras\u0131nda \u00e7at\u0131\u015fmalar s\u00fcr\u00fcyor. Suriye&#8217;deki karde\u015flerimiz 12 y\u0131ld\u0131r bar\u0131\u015fa, huzura ve s\u00fckunete hasret bir \u015fekilde, bir k\u0131sm\u0131 i\u00e7eride, bir k\u0131sm\u0131 ba\u015fka \u00fclkelerde ama ger\u00e7ekten zor \u015fartlar alt\u0131nda hayata tutunmaya \u00e7al\u0131\u015f\u0131yor. Bir tarafta b\u00f6l\u00fcc\u00fc ter\u00f6r \u00f6rg\u00fct\u00fcn\u00fcn sald\u0131r\u0131lar\u0131, di\u011fer tarafta rejimin aral\u0131ks\u0131z bombard\u0131man\u0131yla milyonlarca mazlum hayatta kalma m\u00fccadelesi veriyor. Di\u011fer kom\u015fumuz Irak, Amerikan i\u015fgalinden beri etnik k\u00f6ken ve mezhep temelli gerilimlerden kendini kurtaramad\u0131. Yemen&#8217;den Libya&#8217;ya bir\u00e7ok karde\u015f co\u011frafyada maalesef istikrars\u0131zl\u0131k, \u00e7at\u0131\u015fma ve gerilim hakim. T\u00fcrkiye olarak tamam\u0131yla tarihi, be\u015feri, co\u011frafi ve dini ba\u011flar\u0131m\u0131z\u0131n oldu\u011fu bu topraklardaki hadiselerden bizler de do\u011frudan etkileniyoruz. Nerede bir zul\u00fcm varsa durdurmaya, nerede bir kanayan yara varsa merhem olmaya \u00e7al\u0131\u015f\u0131yoruz.&#8221;<\/p>\n<p>Mehmet Akif Ersoy&#8217;un &#8220;Zulm\u00fc alk\u0131\u015flayamam&#8221; \u015fiirinden dizeler okuyan Erdo\u011fan, &#8220;Biz de g\u00f6n\u00fcl co\u011frafyam\u0131z\u0131n tamam\u0131ndaki olaylara ve geli\u015fmelere bu zaviyeden bak\u0131yoruz. Kim olursa olsun mazluma sahip \u00e7\u0131kmay\u0131, d\u00fc\u015fenin elinden tutup kald\u0131rmay\u0131, kan\u0131n g\u00f6zya\u015f\u0131n\u0131n ve katliamlar\u0131n \u00f6n\u00fcne ge\u00e7meyi, do\u011fru bildiklerimizi cesaretle hayk\u0131rmay\u0131, kimden gelirse gelsin, bask\u0131ya, tehdide boyun e\u011fmemeyi, yani diklenmeden dik durmay\u0131, mazlumlara, ma\u011fdurlara ve t\u00fcm insanl\u0131\u011fa kar\u015f\u0131 \u00f6ncelikli vazifemiz olarak g\u00f6r\u00fcyoruz. Sevgili gen\u00e7 karde\u015flerim, as\u0131rlard\u0131r adalet ve hakkaniyetten sapmam\u0131\u015f bir millet olarak, \u0130srail-Filistin geriliminde de tavr\u0131m\u0131z bu y\u00f6ndedir.&#8221;<\/p>\n<p>Erdo\u011fan, \u0130srail-Filistin \u00e7at\u0131\u015fmas\u0131na ili\u015fkin 3 g\u00fcnd\u00fcr gerek b\u00f6lge gerek d\u00fcnya liderleriyle g\u00f6r\u00fc\u015fmeler ger\u00e7ekle\u015ftirdi\u011fini hat\u0131rlatarak, &#8220;\u015eu an itibar\u0131yla Gazze&#8217;de su yok, ekmek yok, g\u0131da yok. B\u00fct\u00fcn bunlar \u0130nsan Haklar\u0131 Evrensel Beyannamesi&#8217;ne ters. Nerede Bat\u0131? Herhangi bir bu noktada ald\u0131klar\u0131 tedbir var m\u0131? O da yok.&#8221; \u015feklinde konu\u015ftu.<\/p>\n<p>Erdo\u011fan, Amerika&#8217;n\u0131n b\u00f6lgeye u\u00e7ak gemisi g\u00f6ndermesine ili\u015fkin, &#8220;\u0130kinci u\u00e7ak gemisi de gelecek. Bay Amerika, yahu Amerika nere, Akdeniz, \u0130srail, Filistin nere? Ne i\u015fin var senin orada? \u015eimdi Amerika gibi bir \u00fclkeye bar\u0131\u015f\u0131 tesis mi yak\u0131\u015f\u0131r? Yoksa oraya benzinle, k\u00f6r\u00fckle gitmek mi yak\u0131\u015f\u0131r? Amerika&#8217;dan beklenen nedir, bu. Ama d\u00fc\u015f\u00fcn\u00fcn T\u00fcrkiye&#8217;ye ait Suriye&#8217;de bir S\u0130HA&#8217;y\u0131 ter\u00f6rle m\u00fccadele ederken d\u00fc\u015f\u00fcrecek kadar ferasetini kaybeden bir anlay\u0131\u015f var. Biz seninle NATO&#8217;da beraber de\u011fil miyiz? NATO&#8217;da beraber oldu\u011fun T\u00fcrkiye&#8217;nin S\u0130HA&#8217;s\u0131n\u0131 ter\u00f6rle m\u00fccadele eden bu \u00fclkenin S\u0130HA&#8217;s\u0131n\u0131 nas\u0131l d\u00fc\u015f\u00fcr\u00fcrs\u00fcn? &#8216;G\u00f6rmedim, bilmedim, fark\u0131nda de\u011filim.&#8217; Bunu nas\u0131l s\u00f6ylersin?&#8221; diye konu\u015ftu.<\/p>\n<p><img decoding=\"async\" alt=\"\" src=\"https:\/\/www.aa.com.tr\/uploads\/userFiles\/40b5e6df-807a-4c96-8fee-5e91cbea23a3\/2023%2FEkim%2Fgnc57.jpg\"\/><\/p>\n<h3>&#8220;Asla bunlar\u0131n b\u00f6yle bir derdi yok&#8221;<\/h3>\n<p>B\u00f6lgede krizin ilk patlak verdi\u011finde t\u00fcm taraflar\u0131 itidalle hareket etmeye \u00e7a\u011f\u0131rd\u0131klar\u0131n\u0131 aktaran Erdo\u011fan, \u015funlar\u0131 dile getirdi:<\/p>\n<p>&#8220;Telefon diplomasisiyle, \u00e7at\u0131\u015fmalara diyalog yoluyla \u00e7\u00f6z\u00fcm bulmaya gayret ettik. Bug\u00fcne kadar devlet ve h\u00fck\u00fcmet ba\u015fkan\u0131 seviyesinde 13 liderle telefon g\u00f6r\u00fc\u015fmem oldu. D\u0131\u015fi\u015fleri Bakan\u0131m\u0131z bir taraftan M\u0130T Ba\u015fkan\u0131m\u0131z bir taraftan muhataplar\u0131yla irtibata ge\u00e7erek g\u00f6r\u00fc\u015fmeler devam ediyor. Neler yapabiliriz? Bunun \u00fczerinde duruyoruz. D\u00fc\u015f\u00fcn\u00fcn. M\u0131s\u0131r&#8217;\u0131n Refah Kap\u0131s\u0131&#8217;n\u0131 bombalad\u0131lar. Buradan insani yard\u0131m g\u00f6nderme noktas\u0131nda ad\u0131m atal\u0131m, bunun \u00e7al\u0131\u015fmas\u0131n\u0131 yapal\u0131m dedik. Ama oray\u0131 da bombalad\u0131lar. Say\u0131n Sisi&#8217;yle de bu konuyu g\u00f6r\u00fc\u015ft\u00fck. Bug\u00fcn ayn\u0131 \u015fekilde Muhammed Bin Zayed ile g\u00f6r\u00fc\u015ft\u00fck. Katar Emiri&#8217;yle g\u00f6r\u00fc\u015ft\u00fck. &#8216;Birlikte beraber neler yapabiliriz?&#8217; Bunlar\u0131 konu\u015ftuk. Ataca\u011f\u0131m\u0131z ad\u0131mlar var. Bu insanlar susuz. Bu insanlar g\u0131das\u0131z. \u0130nsan Haklar\u0131 Evrensel Beyannamesi&#8217;nde bunlara y\u00f6nelik at\u0131lmas\u0131 gereken ad\u0131mlar\u0131 gerektiren g\u00f6revler var. Ama asla bunlar\u0131n b\u00f6yle bir derdi yok. Onlar\u0131n yok ama bizim var.&#8221;<\/p>\n<p>\u0130srail-Filistin \u00e7at\u0131\u015fmas\u0131nda sivillere y\u00f6nelik hi\u00e7bir eylemi tasvip etmediklerini a\u00e7\u0131k ve net bir \u015fekilde ifade ettiklerini hat\u0131rlatan Erdo\u011fan, \u015funlar\u0131 s\u00f6yledi:<\/p>\n<p>&#8220;Hamaset pe\u015fine d\u00fc\u015fmeden t\u00fcm b\u00f6lgemize s\u0131\u00e7rama riski olan bu ate\u015fi bir an \u00f6nce s\u00f6nd\u00fcrmenin derdinde olduk. Bug\u00fcn de ayn\u0131 yerde duruyoruz. Orant\u0131s\u0131z \u015fiddetin, daha fazla \u015fiddete, daha fazla ac\u0131ya, daha fazla y\u0131k\u0131ma, daha fazla istikrars\u0131zl\u0131\u011fa sebep olaca\u011f\u0131n\u0131 s\u00f6yl\u00fcyoruz. Gazze&#8217;de ya\u015fananlar tam olarak budur. Gazzeli karde\u015flerime y\u00f6nelik katliam derecesine varan sald\u0131r\u0131lar\u0131n hi\u00e7bir izah\u0131 olamaz. Toplam 360 kilometrekarelik dar bir alanda ya\u015fayan 2 milyon Gazzelinin elektri\u011fini, suyunu, akaryak\u0131t\u0131n\u0131, g\u0131das\u0131n\u0131 kesmek ne insanidir, ne vicdanidir, ne de bunun sava\u015f hukukunda yeri vard\u0131r? Sene 1947 ve sene 2023, s\u00fcrekli olarak \u0130srail buralar\u0131 i\u015fgal ederek ne yapt\u0131? \u015eu anda i\u015fte ufac\u0131k bir yere Filistin&#8217;i mahkum etti. Olmas\u0131 gereken ne? 1967 s\u0131n\u0131rlar\u0131 i\u00e7erisine Filistin&#8217;i kavu\u015fturmakt\u0131r. Sonucu ne kadar can yak\u0131c\u0131 olursa olsun hi\u00e7bir eylem b\u00f6yle bir zulm\u00fc hakl\u0131 k\u0131lmaz. Devletler ile \u00f6rg\u00fctleri ay\u0131ran en temel \u00f6zellik uluslararas\u0131 hukuka ve insani de\u011ferlere olan ba\u011fl\u0131l\u0131kt\u0131r. \u00d6rg\u00fctlerden farkl\u0131 olarak devletler, sava\u015f hukukuyla insan haklar\u0131na riayet etmekle m\u00fckelleftir. Bu \u00e7izginin giderek kayboldu\u011funu g\u00f6r\u00fcyoruz.&#8221;<\/p>\n<h3>&#8220;Bar\u0131\u015fa hizmet etmeyen her ad\u0131m sava\u015fa destek vermek demektir&#8221;<\/h3>\n<p>&#8220;\u0130\u00e7inde binlerce askerin, u\u00e7a\u011f\u0131n, silah\u0131n oldu\u011fu u\u00e7ak gemisini g\u00f6ndererek ne yapmak istiyorsun?&#8221; diyen Erdo\u011fan, \u015funlar\u0131 kaydetti:<\/p>\n<p>&#8220;Filistin halk\u0131na y\u00f6nelik insani yard\u0131mlar\u0131 durdurarak ne yapmak istiyorsun? Gazze&#8217;de ya\u015fanan insani trajediye k\u00f6r ve sa\u011f\u0131r kesilerek bar\u0131\u015fa hizmet edilmeyece\u011fi a\u00e7\u0131kt\u0131r. Bar\u0131\u015fa hizmet etmeyen her ad\u0131m sava\u015fa destek vermek demektir. Biz bu \u00e7at\u0131\u015fmalar\u0131n, bu sald\u0131r\u0131lar\u0131n daha fazla b\u00fcy\u00fcmesini ve Allah korusun b\u00f6lgemize yay\u0131lmas\u0131n\u0131 istemiyoruz. B\u00f6lgede s\u00f6z ve etki sahibi t\u00fcm akt\u00f6rleri k\u00f6r\u00fc k\u00f6r\u00fcne birilerini desteklemek yerine gerilimi d\u00fc\u015f\u00fcrmek i\u00e7in \u00e7aba harcamaya \u00e7a\u011f\u0131r\u0131yoruz. T\u00fcrkiye olarak Gazzeli karde\u015flerimize, insani yard\u0131m malzemesi ula\u015ft\u0131rmak i\u00e7in de \u00e7abalar\u0131m\u0131z\u0131 yo\u011funla\u015ft\u0131rd\u0131k. Duygular\u0131m\u0131z\u0131n politikalar\u0131m\u0131za tesir etmesine f\u0131rsat vermeden in\u015fallah bu krizi hassasiyetle, devletimizin binlerce y\u0131ll\u0131k tecr\u00fcbesine yak\u0131\u015f\u0131r basiret ve so\u011fukkanl\u0131l\u0131kla y\u00f6netece\u011fiz. Rabb&#8217;im yar ve yard\u0131mc\u0131m\u0131z olsun.&#8221;<\/p>\n<p>Gen\u00e7lere Cumhurba\u015fkanl\u0131\u011f\u0131 K\u00fclliyesi&#8217;ne te\u015frifleri i\u00e7in te\u015fekk\u00fcr eden Erdo\u011fan, en b\u00fcy\u00fck zenginli\u011fin, istiklalin, istikbalin, \u00fclkenin, devletin, milletin teminat\u0131n\u0131n onlar oldu\u011funu s\u00f6yledi.<\/p>\n<p>Demokrasinin g\u00fcvencesi ve g\u00fcc\u00fcn\u00fcn gen\u00e7ler oldu\u011funa vurgu yapan Erdo\u011fan, &#8220;Her biriniz tek ba\u015f\u0131na bir T\u00fcrkiye&#8217;siniz. \u0130n\u015fallah T\u00fcrkiye Y\u00fczy\u0131l\u0131&#8217;n\u0131 sizler in\u015fa edeceksiniz. Bu ufku, bu idraki, bu \u00f6zg\u00fcveni sizlerde g\u00f6r\u00fcyorum. Her birinizle ayr\u0131 ayr\u0131 gurur duydu\u011fumu bir kez daha ifade ediyorum. Unutmay\u0131n, 6 ay kald\u0131. 6 ay sonra mahalli se\u00e7imler var ve \u0130stanbul, Ankara ba\u015fta olmak \u00fczere b\u00fct\u00fcn buralar\u0131 yeniden geri alarak bu millete yerel y\u00f6netimlerde hizmet nedir, bunu g\u00f6stermemiz laz\u0131m.&#8221; ifadelerini kulland\u0131.<\/p>\n<h3>Programdan notlar<\/h3>\n<p>T\u00dcGVA Genel Ba\u015fkan\u0131 \u0130brahim Be\u015finci, programda yapt\u0131\u011f\u0131 konu\u015fmada, T\u00dcGVA&#8217;n\u0131n 20 bine yak\u0131n te\u015fkilat mensubu ve 340 bin \u00fcyesiyle b\u00fcy\u00fck bir karde\u015flik ailesine d\u00f6n\u00fc\u015ft\u00fc\u011f\u00fcn\u00fc belirtti.<\/p>\n<p>Be\u015finci, T\u00dcGVA&#8217;n\u0131n e\u011fitim faaliyetleri d\u0131\u015f\u0131nda 15 bin g\u00f6n\u00fcll\u00fcs\u00fcyle afet b\u00f6lgesinde canla ba\u015fla \u00e7al\u0131\u015ft\u0131\u011f\u0131n\u0131, 1740 kamyon yard\u0131m\u0131 deprem b\u00f6lgesine ula\u015ft\u0131rd\u0131klar\u0131n\u0131 s\u00f6yledi.<\/p>\n<p>Bir\u00e7ok projeyle milyonu a\u015fk\u0131n gence T\u00fcrkiye&#8217;nin d\u00f6rt bir taraf\u0131nda ula\u015ft\u0131klar\u0131n\u0131 vurgulayan Be\u015finci, &#8220;Bu gen\u00e7lik, bu te\u015fkilat \u00e7al\u0131\u015f\u0131yor. Gece, g\u00fcnd\u00fcz, yaz, k\u0131\u015f, ya\u011fmur, \u00e7amur, var, yok demeden t\u00fcm benli\u011fiyle \u00e7al\u0131\u015f\u0131yor. Bu \u00e7al\u0131\u015fmalar\u0131 hayata ge\u00e7iren y\u00f6netim kurulu \u00fcyelerimize, il temsilcilerimize, il\u00e7e temsilcilerimize te\u015fekk\u00fcr ediyorum. Bu \u00e7al\u0131\u015fmalar\u0131n hayata ge\u00e7mesinde maddi manevi desteklerini esirgemeyen k\u0131ymetli cumhurba\u015fkan\u0131m\u0131za \u00fclkemiz gen\u00e7li\u011fi ad\u0131na \u015f\u00fckranlar\u0131m\u0131z\u0131 sunuyorum.&#8221; dedi.<\/p>\n<p>Kur&#8217;an-\u0131 Kerim tilaveti ve \u0130stiklal Mar\u015f\u0131&#8217;n\u0131n okunmas\u0131n\u0131n ard\u0131ndan T\u00dcGVA&#8217;n\u0131n deprem b\u00f6lgesinde ger\u00e7ekle\u015ftirdi\u011fi faaliyetler ile T\u00dcGVA&#8217;n\u0131n tan\u0131t\u0131m\u0131n\u0131n yer ald\u0131\u011f\u0131 videolar izletildi.<\/p>\n<p>T\u00dcGVA Ba\u015fkan\u0131 Be\u015finci, Cumhurba\u015fkan\u0131 Erdo\u011fan&#8217;a, gen\u00e7li\u011fi ile spor ve siyaset hayat\u0131ndan foto\u011fraf kesitlerinin yer ald\u0131\u011f\u0131 bir tabloyu hediye etti.<\/p>\n<p>Cumhurba\u015fkan\u0131 Erdo\u011fan da konu\u015fmas\u0131n\u0131n ard\u0131ndan T\u00dcGVA g\u00f6n\u00fcll\u00fcs\u00fc gen\u00e7lere plaketlerini verdi.<\/p>\n<p>                            <span class=\"detay-foto-editor\">&#13;<br \/>\n                                <a href=\"https:\/\/www.aa.com.tr\/tr\/p\/abonelik-talep-formu\/1001\" target=\"_blank\" style=\"font-size:12px; color:#444; text-decoration:none;\" rel=\"noopener\">&#13;<br \/>\n                                    Anadolu Ajans\u0131 web sitesinde, AA Haber Ak\u0131\u015f Sistemi (HAS) \u00fczerinden abonelere sunulan haberler, \u00f6zetlenerek yay\u0131mlanmaktad\u0131r. <b style=\"color:#1897F7\">Abonelik i\u00e7in l\u00fctfen ileti\u015fime ge\u00e7iniz.<\/b>&#13;<br \/>\n                                <\/a>&#13;<br \/>\n                            <\/span>\n                        <\/div>\n<p><script>\n\t  window.fbAsyncInit = function() {\n\t\tFB.init({\n\t\t  appId: '1855843514662870',\n\t\t  status : true, \/\/ check login status\n\t\t  cookie : true, \/\/ enable cookies to allow the server to access the session\n\t\t  xfbml  : true  \/\/ parse XFBML\n\t\t});\n\t  };<\/p>\n<p>\t  (function() {\n\t\tvar e = document.createElement('script');\n\t\te.src=\"https:\/\/connect.facebook.net\/tr_TR\/all.js\";\n\t\te.async = true;\n\t\tdocument.getElementById('fb-root').appendChild(e);\n\t  }());\n    <\/script><\/p>\n","protected":false},"excerpt":{"rendered":"<p>Cumhurba\u015fkan\u0131 Recep Tayyip Erdo\u011fan, &#8220;Daha \u00f6nce siyasette hi\u00e7 g\u00f6rmedi\u011fimiz kirli pazarl\u0131klara \u015fahit olduk. Ne dediler? Alt\u0131l\u0131 masa dediler. Ne dediler? Gerekirse 16&#8217;l\u0131 masa dediler. Ne dediler? Gerekirse 1600&#8217;l\u00fc masa dediler. Ne oldu? Ne alt\u0131l\u0131 masa, ne 16&#8217;l\u0131 masa ne 1600&#8217;l\u00fc masa tuttu.&#8221; dedi. Erdo\u011fan, Be\u015ftepe Millet Kongre ve K\u00fclt\u00fcr Merkezi&#8217;nde d\u00fczenlenen T\u00fcrkiye Gen\u00e7lik Vakf\u0131 (T\u00dcGVA) [&hellip;]<\/p>\n","protected":false},"author":1,"featured_media":17377,"comment_status":"","ping_status":"","sticky":false,"template":"","format":"standard","meta":[],"categories":[47],"tags":[],"_links":{"self":[{"href":"https:\/\/kraios.app\/news\/wp-json\/wp\/v2\/posts\/17376"}],"collection":[{"href":"https:\/\/kraios.app\/news\/wp-json\/wp\/v2\/posts"}],"about":[{"href":"https:\/\/kraios.app\/news\/wp-json\/wp\/v2\/types\/post"}],"author":[{"embeddable":true,"href":"https:\/\/kraios.app\/news\/wp-json\/wp\/v2\/users\/1"}],"replies":[{"embeddable":true,"href":"https:\/\/kraios.app\/news\/wp-json\/wp\/v2\/comments?post=17376"}],"version-history":[{"count":0,"href":"https:\/\/kraios.app\/news\/wp-json\/wp\/v2\/posts\/17376\/revisions"}],"wp:featuredmedia":[{"embeddable":true,"href":"https:\/\/kraios.app\/news\/wp-json\/wp\/v2\/media\/17377"}],"wp:attachment":[{"href":"https:\/\/kraios.app\/news\/wp-json\/wp\/v2\/media?parent=17376"}],"wp:term":[{"taxonomy":"category","embeddable":true,"href":"https:\/\/kraios.app\/news\/wp-json\/wp\/v2\/categories?post=17376"},{"taxonomy":"post_tag","embeddable":true,"href":"https:\/\/kraios.app\/news\/wp-json\/wp\/v2\/tags?post=17376"}],"curies":[{"name":"wp","href":"https:\/\/api.w.org\/{rel}","templated":true}]}}