{"id":17366,"date":"2023-10-13T23:19:51","date_gmt":"2023-10-13T23:19:51","guid":{"rendered":"https:\/\/kraios.app\/news\/siyaset\/2023\/10\/13\/baskenti-dogu-kudus-olan-filistin-devleti-kurulmadigi-surece-catisma-devam-edecektir\/"},"modified":"2023-10-13T23:19:51","modified_gmt":"2023-10-13T23:19:51","slug":"baskenti-dogu-kudus-olan-filistin-devleti-kurulmadigi-surece-catisma-devam-edecektir","status":"publish","type":"post","link":"https:\/\/kraios.app\/news\/siyaset\/2023\/10\/13\/baskenti-dogu-kudus-olan-filistin-devleti-kurulmadigi-surece-catisma-devam-edecektir\/","title":{"rendered":"Ba\u015fkenti Do\u011fu Kud\u00fcs olan Filistin Devleti kurulmad\u0131\u011f\u0131 s\u00fcrece \u00e7at\u0131\u015fma devam edecektir"},"content":{"rendered":"<p><\/p>\n<div>\n<p>AK Parti Genel Ba\u015fkan Yard\u0131mc\u0131s\u0131 ve Parti S\u00f6zc\u00fcs\u00fc <strong>\u00d6mer \u00c7elik<\/strong>, \u0130srail-Filistin \u00e7at\u0131\u015fmas\u0131na ili\u015fkin, &#8220;Bu, politik \u00e7\u00f6z\u00fcme ula\u015f\u0131lmad\u0131\u011f\u0131 s\u00fcrece, 67 s\u0131n\u0131rlar\u0131 temelinde ba\u015fkenti Do\u011fu Kud\u00fcs olan bir Filistin Devleti&#8217;nin kurulmas\u0131 s\u00fcreci tamamlanmad\u0131\u011f\u0131 s\u00fcrece maalesef devam edecektir.&#8221; dedi.<\/p>\n<p>\u00c7elik, Parti Genel Merkezi&#8217;nde d\u00fczenlenen AK Parti Merkez Y\u00fcr\u00fctme Kurulu (<strong>MYK<\/strong>) toplant\u0131s\u0131n\u0131n ard\u0131ndan bas\u0131n toplant\u0131s\u0131 d\u00fczenledi. <\/p>\n<p>\u0130srail-Filistin \u00e7at\u0131\u015fmas\u0131nda sivil can kay\u0131plar\u0131n\u0131n artt\u0131\u011f\u0131, Gazze&#8217;nin topyekun bombaland\u0131\u011f\u0131 ve her iki taraftan da sivil insanlar\u0131n hayat\u0131n\u0131 kaybetti\u011fi sald\u0131r\u0131lar\u0131n \u00fcz\u00fcnt\u00fc verici oldu\u011funu belirten \u00c7elik, &#8220;Bundan sonras\u0131nda nereye gidece\u011fi konusunda da b\u00fcy\u00fck bir belirsizli\u011fi beraberinde getirmektedir. \u0130lk g\u00fcn yapt\u0131\u011f\u0131m\u0131z a\u00e7\u0131klamada s\u00f6ylemi\u015ftik, ister Filistin taraf\u0131ndan ister \u0130srail taraf\u0131ndan her t\u00fcrl\u00fc sivil kayb\u0131na kar\u015f\u0131y\u0131z ve sivillerin ve masum insanlar\u0131n hedef al\u0131nmas\u0131n\u0131 hi\u00e7bir \u015fekilde kabul etmiyoruz.&#8221; ifadesini kulland\u0131.<\/p>\n<p>Cumhurba\u015fkan\u0131 Recep Tayyip Erdo\u011fan&#8217;\u0131n \u00e7at\u0131\u015fman\u0131n ilk an\u0131ndan itibaren yo\u011fun diplomasi \u00e7abas\u0131 i\u00e7erisinde oldu\u011funu an\u0131msatan \u00c7elik, &#8220;Herkes tek tarafl\u0131 a\u00e7\u0131klamalar yaparken bar\u0131\u015f odakl\u0131, \u015fiddetin sona ermesine odakl\u0131 a\u00e7\u0131klamalar sadece Cumhurba\u015fkan\u0131m\u0131zdan gelmektedir. Tabii bu inisiyatifi herkesin desteklemesi gerekir aksi takdirde \u015fiddet ve kar\u015f\u0131 \u015fiddet k\u0131s\u0131r d\u00f6ng\u00fcs\u00fc i\u00e7erisinde b\u00f6lgeyi daha \u00e7ok ate\u015fin i\u00e7ine sokacak geli\u015fmeler ya\u015fanabilir.&#8221; diye konu\u015ftu.<\/p>\n<p>\u015eam ve Halep&#8217;in bombaland\u0131\u011f\u0131na dair birtak\u0131m haberler geldi\u011fini s\u00f6yleyen \u00d6mer \u00c7elik, \u015f\u00f6yle devam etti:<\/p>\n<p>&#8220;B\u00fct\u00fcn bunlar tehlikeli geli\u015fmelerdir. L\u00fcbnan&#8217;\u0131n, Suriye&#8217;nin hemen yak\u0131n\u0131nda olan bu olaylar b\u00fct\u00fcn b\u00f6lgeyi, b\u00fct\u00fcn d\u00fcnyay\u0131 hi\u00e7 kimsenin istemedi\u011fi birtak\u0131m \u00e7at\u0131\u015fmalara s\u00fcr\u00fckleyebilir. O sebeple \u015fiddetle kar\u015f\u0131 \u015fiddet k\u0131s\u0131r d\u00f6ng\u00fcs\u00fcn\u00fc k\u0131\u015fk\u0131rtacak a\u00e7\u0131klamalardan ve yakla\u015f\u0131mlardan herkesin ka\u00e7\u0131nmas\u0131 gerekir. Tabii bar\u0131\u015f i\u00e7in bir diplomasiyi ortaya koymak \u015fu anda en zor \u015fey. Herkes tarafgirane birtak\u0131m a\u00e7\u0131klamalarla, tek tarafl\u0131 a\u00e7\u0131klamalarla ortada dururken Gazze a\u011f\u0131r bir \u015fekilde bombalan\u0131yor, masum insanlar \u00f6l\u00fcyor. \u0130srail taraf\u0131ndan da sivil ve masum insanlar\u0131n kayb\u0131 s\u00f6z konusu oldu. \u0130srail g\u00fc\u00e7leri taraf\u0131ndan Kud\u00fcs&#8217;te ve ba\u015fka yerlerde ger\u00e7ekle\u015ftirilen, sivilleri hedef alan a\u015f\u0131r\u0131 \u015fiddet eylemlerine kar\u015f\u0131 \u00e7\u0131k\u0131yorsak ayn\u0131 \u015fekilde \u0130srailli sivilleri hedef alan \u015fiddet eylemlerine de ayn\u0131 \u015fekilde kar\u015f\u0131 \u00e7\u0131k\u0131yoruz.&#8221;<\/p>\n<p>Bu noktaya bir g\u00fcnde gelinmedi\u011fini ifade eden \u00c7elik, s\u00f6zlerini \u015f\u00f6yle s\u00fcrd\u00fcrd\u00fc:<\/p>\n<p>&#8220;Y\u0131llard\u0131r hepimizin takip etti\u011fi olaylar, geli\u015fmeler esas olarak b\u00fct\u00fcn bu tabloyu do\u011furan \u015fey 67 s\u0131n\u0131rlar\u0131 i\u00e7erisinde iki devletli \u00e7\u00f6z\u00fcm\u00fcn hayata ge\u00e7memesidir. Dolay\u0131s\u0131yla kar\u015f\u0131 \u015fiddet k\u0131s\u0131r d\u00f6ng\u00fcs\u00fcnden kurtulman\u0131n yolu, politik \u00e7\u00f6z\u00fcme ula\u015f\u0131lmas\u0131d\u0131r. Bu, politik \u00e7\u00f6z\u00fcme ula\u015f\u0131lmad\u0131\u011f\u0131 s\u00fcrece, 67 s\u0131n\u0131rlar\u0131 temelinde ba\u015fkenti Do\u011fu Kud\u00fcs olan bir Filistin Devleti&#8217;nin kurulmas\u0131 s\u00fcreci tamamlanmad\u0131\u011f\u0131 s\u00fcrece bu maalesef devam edecektir. Burada y\u0131llard\u0131r tekrarlanan bu \u015fiddet ve kar\u015f\u0131 \u015fiddet k\u0131s\u0131r d\u00f6ng\u00fcs\u00fc korkar\u0131z ki bu sefer daha tehlikeli yerlere gidecektir.&#8221;<\/p>\n<h3>&#8220;Gazze&#8217;nin tam anlam\u0131yla ku\u015fat\u0131lmas\u0131 uluslararas\u0131 hukuka ayk\u0131r\u0131d\u0131r&#8221;<\/h3>\n<p>\u0130srail-Filistin \u00e7at\u0131\u015fmas\u0131nda gerekli olan \u015feyin politik \u00e7\u00f6z\u00fcm ve adil bir bar\u0131\u015f\u0131n hayata ge\u00e7irilmesi oldu\u011funu s\u00f6yleyen \u00c7elik, &#8220;Gelinen nokta, ilk yap\u0131lan a\u00e7\u0131klamalar \u00e7ok daha birtak\u0131m vahim olaylar\u0131n ortaya \u00e7\u0131kabilece\u011fini g\u00f6steriyor. Burada sivilleri hedef alan ve topyekun hedef g\u00f6zetmeksizin yap\u0131lan bu bombalama faaliyetlerinin bir an evvel durmas\u0131 gerekiyor.&#8221; dedi.<\/p>\n<p>Gazze&#8217;nin tam anlam\u0131yla ku\u015fat\u0131lmas\u0131 uluslararas\u0131 hukuka ayk\u0131r\u0131 oldu\u011funu belirten \u00c7elik, &#8220;Orada masum insanlar, 2,5 milyona yak\u0131n ya\u015fayan Gazze halk\u0131n\u0131n topyekun cezaland\u0131r\u0131lmas\u0131, onlar\u0131n \u00fczerine bomba ya\u011fd\u0131r\u0131lmas\u0131 gibi bir tarz, herhangi bir \u015fekilde insan haklar\u0131na, hukuka uygun bir tarz olarak asla kabul edilemez.&#8221; ifadelerini kulland\u0131.<\/p>\n<p>\u00c7elik, Cumhurba\u015fkan\u0131 Erdo\u011fan&#8217;\u0131n iki taraftan da sivillerin kayb\u0131na kar\u015f\u0131 \u00e7\u0131kan, \u015fiddet ve kar\u015f\u0131 \u015fiddet k\u0131s\u0131r d\u00f6ng\u00fcs\u00fcn\u00fcn sona ermesi i\u00e7in daha geni\u015f ve adil bir perspektiften bir bar\u0131\u015f\u0131n ortaya \u00e7\u0131kar\u0131lmas\u0131 gerekti\u011fine dair yakla\u015f\u0131m\u0131n\u0131n herkes taraf\u0131ndan desteklenmesini beklediklerini s\u00f6yledi.<\/p>\n<p>\u0130srail-Filistin \u00e7at\u0131\u015fmas\u0131n\u0131n ba\u015flamas\u0131yla Avrupa Birli\u011fi ba\u015fta olmak \u00fczere baz\u0131 odaklar\u0131n, &#8220;Filistin&#8217;e yap\u0131lan yard\u0131mlar\u0131 kestik&#8221; \u015feklindeki yakla\u015f\u0131m\u0131n\u0131n do\u011fru bir yakla\u015f\u0131m olmad\u0131\u011f\u0131n\u0131 belirten \u00c7elik, \u015funlar\u0131 kaydetti:<\/p>\n<p>&#8220;Filistin halk\u0131n\u0131n topyekun cezaland\u0131r\u0131lmas\u0131 ya da su\u00e7lu ilan edilmesi gibi bir yakla\u015f\u0131m son derece ilkel bir yakla\u015f\u0131md\u0131r. Daha sonra Avrupa Birli\u011fi taraf\u0131ndan yap\u0131lan a\u00e7\u0131klamada bu tashih edilerek, &#8216;Biz insani yard\u0131mlar\u0131 kesmedik ama kalk\u0131nma yard\u0131mlar\u0131n\u0131 kestik.&#8217; gibisinden bir yakla\u015f\u0131m \u00fcretilmeye \u00e7al\u0131\u015f\u0131l\u0131yor. Bu da yanl\u0131\u015ft\u0131r. Yani insani yard\u0131mlarla ve kalk\u0131nma yard\u0131m\u0131yla bu sald\u0131r\u0131lar\u0131n ne ilgisi var? Topyekun Filistin halk\u0131n\u0131 cezaland\u0131rman\u0131n bu sald\u0131r\u0131lara cevap vermekle ne ilgisi var? Burada yap\u0131lmak istenen \u015fey maalesef toplu bir cezaland\u0131rma faaliyetine Avrupa Birli\u011fi&#8217;nin de alet olmas\u0131d\u0131r. Nitekim Gazze&#8217;de suyun ve elektri\u011fin kesilmesi, en temel hukuk metinlerine, insan haklar\u0131 belgelerine ve insanl\u0131\u011f\u0131n vicdan\u0131na ayk\u0131r\u0131d\u0131r. Yak\u0131n zamana kadar Rusya-Ukrayna Sava\u015f\u0131&#8217;n\u0131n ilk d\u00f6nemlerinde Rusya&#8217;n\u0131n, Ukrayna&#8217;n\u0131n belli b\u00f6lgelerine su ve elektrik vermedi\u011fini iddia ederek, b\u00fct\u00fcn Avrupa Birli\u011fi kurumlar\u0131 aya\u011fa kalkm\u0131\u015ft\u0131. \u015eimdi k\u00fc\u00e7\u00fcc\u00fck bir co\u011frafyada, Gazze&#8217;de insanlar susuz b\u0131rak\u0131l\u0131yor, topyekun bir cezaland\u0131rmayla kar\u015f\u0131 kar\u015f\u0131ya b\u0131rak\u0131l\u0131yor. \u00c7oluk, \u00e7ocuk, kad\u0131n, herkes elektriksiz ve susuz bir ortamda insanl\u0131k d\u0131\u015f\u0131 bir muameleye tabi tutuluyor. Bunun herhangi bir \u015fekilde me\u015fru g\u00f6r\u00fclmesi s\u00f6z konusu olamaz.&#8221;<\/p>\n<h3>&#8220;\u0130nsanl\u0131k vicdan\u0131 ad\u0131na s\u00f6ylenecek bir s\u00f6z kalmaz&#8221;<\/h3>\n<p>Sald\u0131r\u0131lara cevap vermekle Filistin halk\u0131n\u0131 topyekun cezaland\u0131rmak aras\u0131ndaki \u00e7izginin hassasiyetle korunmas\u0131 gerekti\u011fini s\u00f6yleyen \u00d6mer \u00c7elik, &#8220;Bu \u00e7izgi kaybolursa hukuk kaybolur, insan haklar\u0131 kaybolur. \u0130nsanl\u0131k vicdan\u0131 ad\u0131na s\u00f6ylenecek bir s\u00f6z kalmaz. Herkes de buna seyirci kalm\u0131\u015f olur.&#8221; dedi.<\/p>\n<p>Gazze&#8217;deki bombard\u0131man devam ederken kad\u0131nlar\u0131n ve \u00e7ocuklar\u0131n hayatlar\u0131n\u0131 kurtarmak i\u00e7in kullanabilecekleri tek kap\u0131n\u0131n, Refah S\u0131n\u0131r Kap\u0131s\u0131 oldu\u011funu ifade eden \u00c7elik, &#8220;Refah S\u0131n\u0131r Kap\u0131s\u0131&#8217;n\u0131n bombalanmas\u0131 oradaki insanlar\u0131 topyekun mezara g\u00f6mme gibi bir anlay\u0131\u015f\u0131 beraberinde getirir. Dolay\u0131s\u0131yla sald\u0131r\u0131lara cevap vermekle, Gazze halk\u0131n\u0131, masumlar\u0131 topyekun cezaland\u0131rmak aras\u0131nda \u00e7izgi g\u00f6zetilmezse ortada ne hukuk kal\u0131r ne devlet anlay\u0131\u015f\u0131 kal\u0131r. Ayr\u0131ca ikide bir bakanlar, &#8216;Gazze&#8217;yi tam ku\u015fatma alt\u0131nda tutaca\u011f\u0131z&#8217; diye a\u00e7\u0131klama yap\u0131yorlar. Zaten a\u00e7\u0131k hava hapishanesi olarak de\u011ferlendiriliyordu, Gazze&#8217;nin tam ku\u015fatma alt\u0131nda tutulmas\u0131, uluslararas\u0131 hukuka ayk\u0131r\u0131d\u0131r.&#8221; ifadelerini kulland\u0131.<\/p>\n<p>Bir sald\u0131r\u0131ya cevap verilirken sald\u0131ranlarla m\u00fccadele edilmesi yerine topyekun sald\u0131r\u0131da b\u00fct\u00fcn bir etnik ya da dini aidiyeti cezaland\u0131rmaya kalk\u0131\u015fman\u0131n insan haklar\u0131 a\u00e7\u0131s\u0131ndan \u00e7ok vahim sonu\u00e7lar do\u011furaca\u011f\u0131n\u0131 belirten \u00c7elik, \u015f\u00f6yle devam etti:<\/p>\n<p>&#8220;Nitekim daha olay olur olmaz \u0130srail Ba\u015fbakan\u0131 taraf\u0131ndan &#8216;Verece\u011fimiz cevapla b\u00f6lgedeki dengeleri ve haritalar\u0131 de\u011fi\u015ftirece\u011fiz&#8217; gibisinden bu sald\u0131r\u0131lara politik hedef koyulmas\u0131, b\u00f6lgeyi daha da istikrars\u0131zla\u015ft\u0131racak bir politik hedef koyulmas\u0131 da yanl\u0131\u015ft\u0131r. Bu b\u00f6lgedeki haritalar\u0131 ya da dengeleri de\u011fi\u015ftirmek i\u00e7in kullan\u0131labilecek bir vesile de\u011fildir. Tam tersine b\u00f6lgede daha \u00e7ok istikrara katk\u0131 sa\u011flamak \u00fczere esas\u0131nda 67 s\u0131n\u0131rlar\u0131 dahilinde do\u011fru ve adil bir bar\u0131\u015fa ula\u015f\u0131lmas\u0131 i\u00e7in \u00fczerinde d\u00fc\u015f\u00fcn\u00fclmesi gereken bir meseledir. Burada egemen bir devlet olarak herkes kendisine yap\u0131lan sald\u0131r\u0131 kar\u015f\u0131s\u0131nda sald\u0131ranlara cevap verir. Ama esas mesele Filistin meselesi dedi\u011fimiz 10 y\u0131llard\u0131r \u00e7\u00f6z\u00fcms\u00fcz kalm\u0131\u015f, 10 y\u0131llard\u0131r \u015fiddet, kar\u015f\u0131 \u015fiddet k\u0131s\u0131r d\u00f6ng\u00fcs\u00fc i\u00e7inden nesillerin yok oldu\u011fu, bu adil \u00e7\u00f6z\u00fcme ve bar\u0131\u015fa ula\u015f\u0131lmadan y\u00fcr\u00fcyen s\u00fcre\u00e7te, bu bir g\u00fcnde ortaya \u00e7\u0131kan bir mesele de\u011fildir. Dolay\u0131s\u0131yla haritalar\u0131 de\u011fi\u015ftirmekten, b\u00f6lgeyi istikrars\u0131zla\u015ft\u0131rmaktan ya da b\u00f6lge devletlerine yap\u0131lacak birtak\u0131m sald\u0131r\u0131lardan bahsetmek \u015fu anda yap\u0131labilecek en basiretsiz yakla\u015f\u0131m olarak \u00f6ne gelir.&#8221;<\/p>\n<p>\u00c7elik, &#8220;Gazze&#8217;nin a\u00e7\u0131klar\u0131na, \u0130srail&#8217;in a\u00e7\u0131klar\u0131na u\u00e7ak gemisi, sava\u015f gemisi g\u00f6ndermenin verdi\u011fi mesaj, buradaki \u015fiddet-kar\u015f\u0131 \u015fiddet k\u0131s\u0131r d\u00f6ng\u00fcs\u00fcn\u00fc sona erdirmeye, hem Filistin taraf\u0131ndaki hem \u0130srail taraf\u0131ndaki sivillerin, masumlar\u0131n hayatlar\u0131n\u0131 korumaya d\u00f6n\u00fck bir yakla\u015f\u0131m mesaj\u0131 vermiyor.&#8221; dedi.<\/p>\n<p>\u00c7e\u015fitli devletlerin, \u0130srail&#8217;in kendini savunma hakk\u0131ndan bahsettiklerini an\u0131msatan \u00c7elik, \u015fu de\u011ferlendirmede bulundu:<\/p>\n<p>&#8220;Birle\u015fmi\u015f Milletler (BM) \u00fcyesi bir devlet, kendisine bir sald\u0131r\u0131 yap\u0131ld\u0131\u011f\u0131 zaman hukuk i\u00e7erisinde bu sald\u0131r\u0131lara cevap verme hakk\u0131na sahiptir. Bu bak\u0131mdan egemen devletlerin kendini savunma hakk\u0131 tabii ki vard\u0131r. Ama dedi\u011fimiz gibi bu sald\u0131r\u0131lara d\u00f6n\u00fck olarak m\u00fctekabiliyet esas\u0131 \u00e7er\u00e7evesinde orant\u0131l\u0131 bir \u015fekilde olmas\u0131 gerekir. Onun yerine b\u00fct\u00fcn bir Gazze halk\u0131n\u0131, b\u00fct\u00fcn bir Filistin halk\u0131n\u0131 cezaland\u0131rmaya d\u00f6n\u00fck, oradaki masum \u00e7ocuklar\u0131n, kad\u0131nlar\u0131n, ya\u015fl\u0131 insanlar\u0131n hayat\u0131n\u0131 kaybetmesine d\u00f6n\u00fck, oradaki masum sivillerin hedef al\u0131nmas\u0131na d\u00f6n\u00fck bir \u015fiddet eylemine d\u00f6n\u00fc\u015f\u00fcrse bunun hi\u00e7bir \u015fekilde kabul edilmesi s\u00f6z konusu olamaz.&#8221;<\/p>\n<p>\u00c7elik, gelinen noktada Cumhurba\u015fkan\u0131 Recep Tayyip Erdo\u011fan&#8217;\u0131n verdi\u011fi mesajlardaki yol haritas\u0131na herkesin destek vermesi gerekti\u011fini belirterek, &#8220;Bir an evvel bu \u015fiddetin ve kar\u015f\u0131 \u015fiddetin sona ermesi, ayn\u0131 \u015fekilde adil ve kapsaml\u0131 bir planla bar\u0131\u015fa kavu\u015fulmas\u0131&#8230; Yani Filistinli \u00e7ocuklar\u0131n rahat uyumas\u0131 i\u00e7in \u0130srailli \u00e7ocuklar\u0131n \u00f6lmesi, \u0130srailli \u00e7ocuklar\u0131n rahat uyumas\u0131 i\u00e7in Filistinli \u00e7ocuklar\u0131n \u00f6lmesi gerekmiyor. Herkesin bar\u0131\u015f i\u00e7erisinde ya\u015fayabilece\u011fi, Filistinli \u00e7ocuklar\u0131n da \u0130srailli \u00e7ocuklar\u0131n da bahsetti\u011fimiz iki devletli \u00e7\u00f6z\u00fcm perspektifi i\u00e7erisinde ortak bir bar\u0131\u015f anlay\u0131\u015f\u0131 temelinde ya\u015fayabilecekleri kapsaml\u0131, adil bir bar\u0131\u015f plan\u0131n\u0131n hayata ge\u00e7irilmesi, 1967 s\u0131n\u0131rlar\u0131 temelindeki Filistin devletinin kurulmas\u0131 bu meselenin zaten \u00e7\u00f6z\u00fcm\u00fc anlam\u0131na gelecektir.&#8221; ifadelerini kulland\u0131.<\/p>\n<p>\u015eu anda bar\u0131\u015f mesaj\u0131 verilmesi gerekti\u011fini kaydeden \u00c7elik, &#8220;b\u00f6lgeye u\u00e7ak gemileri yollamakla ne elde edilece\u011fini&#8221; sordu.<\/p>\n<p>&#8220;Suriye meselesi&#8221; ba\u015flad\u0131\u011f\u0131ndan beri Akdeniz&#8217;de zaten her taraf\u0131n sava\u015f gemileriyle dolu oldu\u011funu s\u00f6yleyen \u00c7elik, \u015funlar\u0131 kaydetti:<\/p>\n<p>&#8220;\u015eimdi bir de oraya, Gazze&#8217;nin a\u00e7\u0131klar\u0131na, \u0130srail&#8217;in a\u00e7\u0131klar\u0131na u\u00e7ak gemisi, sava\u015f gemisi g\u00f6ndermenin verdi\u011fi mesaj, buradaki \u015fiddet-kar\u015f\u0131 \u015fiddet k\u0131s\u0131r d\u00f6ng\u00fcs\u00fcn\u00fc sona erdirmeye, hem Filistin taraf\u0131ndaki hem \u0130srail taraf\u0131ndaki sivillerin, masumlar\u0131n hayatlar\u0131n\u0131 korumaya d\u00f6n\u00fck bir yakla\u015f\u0131m mesaj\u0131 vermiyor. \u015eu an yap\u0131lmas\u0131 gereken hem Filistin taraf\u0131ndaki hem \u0130srail taraf\u0131ndaki masumlar\u0131n ve sivillerin hayat\u0131n\u0131 koruyacak \u015fekilde bar\u0131\u015f perspektifini g\u00fc\u00e7l\u00fc bir \u015fekilde ortaya koymak ve bunun alt\u0131n\u0131 \u00e7izmektir. Oraya ba\u015fka devletlerin g\u00f6nderdi\u011fi her sava\u015f gemisi, her u\u00e7ak gemisi \u015fiddet s\u00fcrs\u00fcn, \u015fiddet b\u00f6lgeye daha \u00e7ok yay\u0131ls\u0131n diyenlerin i\u015fine yarayacak bir vesile sunmu\u015f olacak.&#8221;<\/p>\n<p>\u00c7elik, iki taraftan da masumlar\u0131n hedef al\u0131nd\u0131\u011f\u0131 b\u00fct\u00fcn eylemleri reddettiklerini s\u00f6yledi.<\/p>\n<h3>&#8220;Ter\u00f6rle m\u00fccadele operasyonlar\u0131m\u0131z, d\u00fcnyan\u0131n en y\u00fcksek me\u015fruiyete sahip operasyonlar\u0131&#8221;<\/h3>\n<p>T\u00fcrkiye&#8217;nin ter\u00f6rle m\u00fccadelesinin, ter\u00f6r odaklar\u0131n\u0131n bulunduklar\u0131 yerlere d\u00f6n\u00fck olarak g\u00fc\u00e7l\u00fc \u015fekilde devam etti\u011fini vurgulayan \u00c7elik, T\u00fcrk Silahl\u0131 Kuvvetleri, Milli \u0130stihbarat Te\u015fkilat\u0131, polis ve jandarman\u0131n faaliyetlerinin, T\u00fcrkiye&#8217;ye d\u00f6n\u00fck ter\u00f6r eylemi ger\u00e7ekle\u015ftiren, buna te\u015febb\u00fcs eden ya da planlayanlar\u0131n nerede olurlarsa olsun hak ettikleri cevab\u0131 alaca\u011f\u0131n\u0131 bir kere daha g\u00f6sterdi\u011fini ifade etti.<\/p>\n<p>Ter\u00f6rle m\u00fccadele operasyonlar\u0131n\u0131n, Birle\u015fmi\u015f Milletler S\u00f6zle\u015fmesi&#8217;nden al\u0131nan yetkiyle tamamen me\u015fru m\u00fcdafaa haklar\u0131 temelinde ger\u00e7ekle\u015ftirildi\u011fini aktaran \u00c7elik, T\u00fcrkiye&#8217;nin ter\u00f6rle m\u00fccadele operasyonlar\u0131n\u0131n, d\u00fcnyan\u0131n en y\u00fcksek me\u015fruiyete sahip operasyonlar\u0131 oldu\u011funu bildirdi.<\/p>\n<p>Karaba\u011f&#8217;da ya\u015fanan geli\u015fmelere de\u011finen \u00c7elik, b\u00f6lgeden Ermenistan Silahl\u0131 Kuvvetleri ve illegal Ermeni \u00e7etelerinin uzakla\u015ft\u0131r\u0131lmas\u0131n\u0131n ard\u0131ndan, insanlara kalmalar\u0131 ya da ayr\u0131lmalar\u0131 \u015feklinde se\u00e7enek sunuldu\u011funu anlatt\u0131.<\/p>\n<p>Bunun \u00fczerine Azerbaycan&#8217;\u0131n soyk\u0131r\u0131m yapt\u0131\u011f\u0131 iddialar\u0131n\u0131n dile getirildi\u011fini, bunlar\u0131n yalan oldu\u011funu s\u00f6yleyen \u00c7elik, \u015f\u00f6yle konu\u015ftu:<\/p>\n<p>&#8220;Herhangi bir \u015fekilde bir soyk\u0131r\u0131m yok. Kimsenin bir yere g\u00f6\u00e7meye zorland\u0131\u011f\u0131 yok. Nitekim BM misyonu bu iddialar\u0131 ara\u015ft\u0131rmak \u00fczere 1 Ekim&#8217;de oraya gitti. Yay\u0131nlad\u0131klar\u0131 raporlarda herhangi bir \u015fekilde Ermeni sivillere d\u00f6n\u00fck bir \u015fiddet eyleminin, bir bask\u0131n\u0131n olmad\u0131\u011f\u0131n\u0131, soyk\u0131r\u0131m ya da \u015fiddet gibi adland\u0131r\u0131labilecek faaliyetlere rastlamad\u0131klar\u0131n\u0131 s\u00f6ylediler. Tabii bu raporlardan da, bu a\u00e7\u0131klamadan da rahats\u0131z olanlar oldu. 9 Ekim g\u00fcn\u00fc b\u00f6lgeye yeni bir misyon g\u00f6nderildi. Ama tabii ki \u00f6zellikle Fransa gibi devletlerin olay\u0131 ka\u015f\u0131yan ve Azerbaycan kar\u015f\u0131t\u0131 bir yakla\u015f\u0131mla diasporan\u0131n g\u00fcd\u00fcm\u00fcnde olaya yakla\u015fan tav\u0131rlar\u0131 hi\u00e7bir \u015fekilde kar\u015f\u0131l\u0131k bulmuyor. BM&#8217;nin oradaki de\u011ferlendirmesi herhangi bir \u015fekilde bu iddialar\u0131n bir altl\u0131\u011f\u0131n\u0131n olmad\u0131\u011f\u0131 \u015feklindedir.&#8221;<\/p>\n<p>Kuzey K\u0131br\u0131s T\u00fcrk Cumhuriyeti&#8217;nde (KKTC) Yi\u011fitler-Pile yolunun yap\u0131lmas\u0131yla ilgili gerilim ya\u015fand\u0131\u011f\u0131n\u0131 hat\u0131rlatan \u00c7elik, \u015f\u00f6yle devam etti:<\/p>\n<p>&#8220;19 Eyl\u00fcl g\u00fcn\u00fc olu\u015fan olaylardan sonra bu konuda KKTC ile BM otoritesi aras\u0131nda bir uzla\u015fma sa\u011flanm\u0131\u015f g\u00f6z\u00fck\u00fcyor. B\u00f6ylece Pile b\u00f6lgesinde ve ayr\u0131ca o b\u00f6lgenin tamam\u0131nda KKTC&#8217;nin oluru olmadan herhangi bir i\u015flem yap\u0131lamayacak. Burada insani ama\u00e7larla yap\u0131lan yol faaliyetleri de ayn\u0131 \u015fekilde devam edecek. Demek ki adada iki e\u015fit devlet ve iki e\u015fit taraf oldu\u011fu kabul edildi\u011fi zaman herhangi bir sorun olmadan KKTC uluslararas\u0131 kurumlarla gayet uyumlu bi\u00e7imde faaliyetlerini s\u00fcrd\u00fcrmektedir.&#8221;<\/p>\n<h3>Sorular\u0131 yan\u0131tlad\u0131<\/h3>\n<p>Afganistan&#8217;daki depremde hayat\u0131n\u0131 kaybedenlere Allah&#8217;tan rahmet dileyen \u00c7elik, Cumhurba\u015fkan\u0131 Erdo\u011fan&#8217;\u0131n talimat\u0131yla T\u00fcrkiye&#8217;nin Afganistan&#8217;a insani yard\u0131m g\u00f6nderdi\u011fini an\u0131msatt\u0131.<\/p>\n<p>AK Parti S\u00f6zc\u00fcs\u00fc \u00c7elik, a\u00e7\u0131klamalar\u0131n\u0131n ard\u0131ndan sorular\u0131 yan\u0131tlad\u0131.<\/p>\n<p>\u0130srail&#8217;i ziyaret eden ABD D\u0131\u015fi\u015fleri Bakan\u0131 Antony Blinken&#8217;in &#8220;Bug\u00fcn sadece ABD D\u0131\u015fi\u015fleri Bakan\u0131 olarak de\u011fil, bir Yahudi olarak da buraday\u0131m.&#8221; ifadesine y\u00f6nelik soru \u00fczerine \u00c7elik, &#8220;Maalesef uluslararas\u0131 toplumdan gelen sesler, \u015fimdiye kadar yani bu bahsetti\u011fim Cumhurba\u015fkan\u0131m\u0131z\u0131n ortaya koydu\u011fu bar\u0131\u015f perspektifini ve \u015fiddet, kar\u015f\u0131 \u015fiddet k\u0131s\u0131r d\u00f6ng\u00fcs\u00fcn\u00fc ortadan kald\u0131racak bir perspektifi ortaya koyam\u0131yor. Bunun d\u0131\u015f\u0131nda duruyor.&#8221; dedi.<\/p>\n<p>\u0130srail&#8217;in kendini savunma hakk\u0131n\u0131n, Filistin halk\u0131n\u0131n, insan haklar\u0131na uygun ya\u015fama hakk\u0131yla birlikte de\u011ferlendirilmesi gerekti\u011fine dikkati \u00e7eken \u00c7elik, \u015f\u00f6yle konu\u015ftu:<\/p>\n<p>&#8220;Birisi \u00e7\u0131kar da \u0130srailli masumlar\u0131n, \u0130srailli sivillerin hedef al\u0131nmas\u0131n\u0131 desteklerse, bu ne kadar yanl\u0131\u015fsa Filistin halk\u0131n\u0131n bu \u015fekilde topyekun cezaland\u0131r\u0131lmas\u0131 da o kadar yanl\u0131\u015f. Biz \u0130srail&#8217;deki masumlara, sivillere d\u00f6n\u00fck yap\u0131lan bu eylemlerin kar\u015f\u0131s\u0131nda oldu\u011fumuzu s\u00f6yl\u00fcyoruz. Ayn\u0131 \u015fekilde Filistin&#8217;deki masumlara d\u00f6n\u00fck olarak da bu \u015fekilde bir tablonun ortaya \u00e7\u0131kmamas\u0131 gerekir. Say\u0131n Cumhurba\u015fkan\u0131m\u0131z herkese \u015fu \u00e7a\u011fr\u0131da bulundu, &#8216;Devlet gibi davran\u0131n. Devlet akl\u0131yla davran\u0131n. \u00d6rg\u00fct gibi davranmay\u0131n&#8217; diye. \u015eimdi topyekun Gazze&#8217;nin bombalanmas\u0131 ne demektir, burada bir devlet akl\u0131 s\u00f6z konusu olabilir mi?&#8221;<\/p>\n<p>Blinken&#8217;in a\u00e7\u0131klamalar\u0131na tepki g\u00f6steren \u00c7elik, &#8220;Diplomasinin, bar\u0131\u015f perspektifinin i\u015fletilmesi gereken bir olayda dini aidiyet vurgulanarak bir tarafgirlik \u00fcretilmesi kadar yanl\u0131\u015f bir \u015fey olabilir mi? ABD D\u0131\u015fi\u015fleri Bakan\u0131n\u0131n a\u00e7\u0131klamas\u0131 son derece yanl\u0131\u015f bir \u015feydir. Bulundu\u011fu g\u00f6rev diplomasinin i\u015fletilmesi gereken bir g\u00f6rev. B\u00f6ylesine basiretsiz bir a\u00e7\u0131klama olabilir mi? Diplomasiyi i\u015fletmesi gerekenler \u015fimdi dini aidiyetler \u00fczerinden, bir tarafgirli\u011fi ve hizip\u00e7ili\u011fi i\u015fletiyorlar. Buradan herhangi bir perspektif \u00e7\u0131kmaz. O y\u00fczden herkesin a\u00e7\u0131klamalar\u0131na \u00e7ok dikkat etmesi gerekir.&#8221; diye konu\u015ftu.<\/p>\n<p>\u0130Y\u0130 Parti Genel Ba\u015fkan\u0131 Meral Ak\u015fener&#8217;in T\u00fcrkiye&#8217;deki s\u0131\u011f\u0131nmac\u0131lar\u0131n \u0130srail&#8217;le sava\u015fmaya gitmesi y\u00f6n\u00fcndeki a\u00e7\u0131klamas\u0131 da sorulan \u00c7elik, siyasetin hukuk i\u00e7erisinde hareket edilen bir alan oldu\u011funu s\u00f6yledi.<\/p>\n<p>\u00c7elik, &#8220;Muhalefetteki bir siyasi parti genel ba\u015fkan\u0131n\u0131n, T\u00fcrkiye&#8217;deki g\u00f6\u00e7men ve s\u0131\u011f\u0131nmac\u0131lara seslenerek, &#8216;Sizin masraf\u0131n\u0131z\u0131 kar\u015f\u0131layal\u0131m, gidin \u0130srailli \u00f6ld\u00fcr\u00fcn&#8217; gibi bir a\u00e7\u0131klamas\u0131 son derece yanl\u0131\u015f ve vahim bir a\u00e7\u0131klamad\u0131r. Siyaset ya\u015fatmak i\u00e7in organizasyon yapar, hukuk d\u0131\u015f\u0131 yollarla insanlar\u0131n \u00f6ld\u00fcr\u00fclmesi i\u00e7in organizasyon yapmaz.&#8221; dedi.<\/p>\n<p>\u00c7elik, bu a\u00e7\u0131klaman\u0131n d\u00fczeltilmesi gerekti\u011fini de s\u00f6yledi.<\/p>\n<p>T\u00fcrkiye&#8217;nin iki \u00fclke aras\u0131ndaki \u00e7at\u0131\u015fmalar\u0131n durdurulmas\u0131 ve esir takaslar\u0131na ili\u015fkin \u00e7al\u0131\u015fmalar\u0131na d\u00f6n\u00fck bir soruyu da yan\u0131tlayan \u00c7elik, &#8220;Say\u0131n Cumhurba\u015fkan\u0131m\u0131z\u0131n, gerek bu tip \u00e7at\u0131\u015fma alanlar\u0131ndaki bar\u0131\u015f misyonuna liderlik etmesi, gerekse bu esir takaslarla ilgili olarak \u00e7ok uzun zamand\u0131r bir siyasi rol\u00fc vard\u0131r. \u00c7ok da b\u00fcy\u00fck bir tecr\u00fcbesi vard\u0131r.&#8221; dedi.<\/p>\n<p>\u00c7elik, \u015funlar\u0131 kaydetti:<\/p>\n<p>&#8220;Burada da ilk g\u00fcnden itibaren, bar\u0131\u015f konusunda ara bulucu olabilece\u011fimizi ve bu esir takas\u0131 meselesinde de \u00fczerimize d\u00fc\u015feni yapaca\u011f\u0131m\u0131z\u0131 Cumhurba\u015fkan\u0131m\u0131z ifade etti\u011fi andan itibaren kurumlar\u0131m\u0131z bunu talimat olarak alm\u0131\u015flard\u0131r ve haz\u0131rl\u0131klar\u0131n\u0131 yapm\u0131\u015flard\u0131r. Kurumlar\u0131m\u0131z bu \u015fiddet, kar\u015f\u0131 \u015fiddet, k\u0131s\u0131r d\u00f6ng\u00fcs\u00fcn\u00fcn sona ermesi, oraya insani yard\u0131m g\u00f6t\u00fcr\u00fclmesi ve ayn\u0131 zamanda diplomatik a\u00e7\u0131dan ara buluculuk gerekti\u011finde yapmam\u0131z gerekenler a\u00e7\u0131s\u0131ndan tam haz\u0131r bir \u015fekilde Cumhurba\u015fkan\u0131m\u0131z\u0131n talimat\u0131 do\u011frultusunda haz\u0131rl\u0131klar\u0131n\u0131 tamamlam\u0131\u015flard\u0131r. T\u00fcrkiye Cumhuriyeti devleti b\u00fct\u00fcn kurumlar\u0131yla bu misyonlar\u0131 yerine getirmeye haz\u0131rd\u0131r. Vatanda\u015flar\u0131m\u0131za \u00e7a\u011fr\u0131 yap\u0131ld\u0131, &#8216;\u00c7at\u0131\u015fma b\u00f6lgelerinden uzak durun. Herhangi bir \u015fekilde g\u00fcvenli b\u00f6lgeye ge\u00e7emiyorsan\u0131z b\u00fcy\u00fckel\u00e7ili\u011fimizle irtibat kurun&#8217; diye. Orada da bu takip ediliyor. B\u00fct\u00fcn vatanda\u015flar\u0131m\u0131zdan, yani bir tahliye gerekti\u011finde de bununla ilgili haz\u0131rl\u0131\u011f\u0131m\u0131z da var. B\u00fct\u00fcn vatanda\u015flar\u0131m\u0131zdan istirham\u0131m\u0131z b\u00fcy\u00fckel\u00e7ili\u011fimizin a\u00e7\u0131klamalar\u0131n\u0131 takip etsinler. S\u0131k\u0131nt\u0131l\u0131 bir b\u00f6lgede kalm\u0131\u015flarsa, derhal b\u00fcy\u00fckel\u00e7ili\u011fimizle irtibata ge\u00e7sinler. Kendileri derhal oradan al\u0131nacakt\u0131r. Bununla ilgili b\u00fct\u00fcn faaliyet, imkanlar seferber edilecektir. Onun d\u0131\u015f\u0131nda ayr\u0131lmak isteyenler i\u00e7in de Ula\u015ft\u0131rma Bakan\u0131m\u0131z da a\u00e7\u0131klad\u0131, Milli Savunma Bakanl\u0131\u011f\u0131m\u0131z da, gereken haz\u0131rl\u0131\u011f\u0131m\u0131z vard\u0131r, konuyu yak\u0131ndan takip ediyoruz.&#8221;<\/p>\n<p>                            <span class=\"detay-foto-editor\">&#13;<br \/>\n                                <a href=\"https:\/\/www.aa.com.tr\/tr\/p\/abonelik-talep-formu\/1001\" target=\"_blank\" style=\"font-size:12px; color:#444; text-decoration:none;\" rel=\"noopener\">&#13;<br \/>\n                                    Anadolu Ajans\u0131 web sitesinde, AA Haber Ak\u0131\u015f Sistemi (HAS) \u00fczerinden abonelere sunulan haberler, \u00f6zetlenerek yay\u0131mlanmaktad\u0131r. <b style=\"color:#1897F7\">Abonelik i\u00e7in l\u00fctfen ileti\u015fime ge\u00e7iniz.<\/b>&#13;<br \/>\n                                <\/a>&#13;<br \/>\n                            <\/span>\n                        <\/div>\n<p><script>\n\t  window.fbAsyncInit = function() {\n\t\tFB.init({\n\t\t  appId: '1855843514662870',\n\t\t  status : true, \/\/ check login status\n\t\t  cookie : true, \/\/ enable cookies to allow the server to access the session\n\t\t  xfbml  : true  \/\/ parse XFBML\n\t\t});\n\t  };<\/p>\n<p>\t  (function() {\n\t\tvar e = document.createElement('script');\n\t\te.src=\"https:\/\/connect.facebook.net\/tr_TR\/all.js\";\n\t\te.async = true;\n\t\tdocument.getElementById('fb-root').appendChild(e);\n\t  }());\n    <\/script><\/p>\n","protected":false},"excerpt":{"rendered":"<p>AK Parti Genel Ba\u015fkan Yard\u0131mc\u0131s\u0131 ve Parti S\u00f6zc\u00fcs\u00fc \u00d6mer \u00c7elik, \u0130srail-Filistin \u00e7at\u0131\u015fmas\u0131na ili\u015fkin, &#8220;Bu, politik \u00e7\u00f6z\u00fcme ula\u015f\u0131lmad\u0131\u011f\u0131 s\u00fcrece, 67 s\u0131n\u0131rlar\u0131 temelinde ba\u015fkenti Do\u011fu Kud\u00fcs olan bir Filistin Devleti&#8217;nin kurulmas\u0131 s\u00fcreci tamamlanmad\u0131\u011f\u0131 s\u00fcrece maalesef devam edecektir.&#8221; dedi. \u00c7elik, Parti Genel Merkezi&#8217;nde d\u00fczenlenen AK Parti Merkez Y\u00fcr\u00fctme Kurulu (MYK) toplant\u0131s\u0131n\u0131n ard\u0131ndan bas\u0131n toplant\u0131s\u0131 d\u00fczenledi. \u0130srail-Filistin \u00e7at\u0131\u015fmas\u0131nda sivil [&hellip;]<\/p>\n","protected":false},"author":1,"featured_media":17367,"comment_status":"","ping_status":"","sticky":false,"template":"","format":"standard","meta":[],"categories":[47],"tags":[],"_links":{"self":[{"href":"https:\/\/kraios.app\/news\/wp-json\/wp\/v2\/posts\/17366"}],"collection":[{"href":"https:\/\/kraios.app\/news\/wp-json\/wp\/v2\/posts"}],"about":[{"href":"https:\/\/kraios.app\/news\/wp-json\/wp\/v2\/types\/post"}],"author":[{"embeddable":true,"href":"https:\/\/kraios.app\/news\/wp-json\/wp\/v2\/users\/1"}],"replies":[{"embeddable":true,"href":"https:\/\/kraios.app\/news\/wp-json\/wp\/v2\/comments?post=17366"}],"version-history":[{"count":0,"href":"https:\/\/kraios.app\/news\/wp-json\/wp\/v2\/posts\/17366\/revisions"}],"wp:featuredmedia":[{"embeddable":true,"href":"https:\/\/kraios.app\/news\/wp-json\/wp\/v2\/media\/17367"}],"wp:attachment":[{"href":"https:\/\/kraios.app\/news\/wp-json\/wp\/v2\/media?parent=17366"}],"wp:term":[{"taxonomy":"category","embeddable":true,"href":"https:\/\/kraios.app\/news\/wp-json\/wp\/v2\/categories?post=17366"},{"taxonomy":"post_tag","embeddable":true,"href":"https:\/\/kraios.app\/news\/wp-json\/wp\/v2\/tags?post=17366"}],"curies":[{"name":"wp","href":"https:\/\/api.w.org\/{rel}","templated":true}]}}