{"id":17332,"date":"2023-10-13T16:38:34","date_gmt":"2023-10-13T16:38:34","guid":{"rendered":"https:\/\/kraios.app\/news\/siyaset\/2023\/10\/13\/cumhurbaskani-erdogan-kongre-turkiyeye-ornek-olacak-heyecan-ve-kardeslik-iklimi-icinde-gerceklestirildi\/"},"modified":"2023-10-13T16:38:34","modified_gmt":"2023-10-13T16:38:34","slug":"cumhurbaskani-erdogan-kongre-turkiyeye-ornek-olacak-heyecan-ve-kardeslik-iklimi-icinde-gerceklestirildi","status":"publish","type":"post","link":"https:\/\/kraios.app\/news\/siyaset\/2023\/10\/13\/cumhurbaskani-erdogan-kongre-turkiyeye-ornek-olacak-heyecan-ve-kardeslik-iklimi-icinde-gerceklestirildi\/","title":{"rendered":"Cumhurba\u015fkan\u0131 Erdo\u011fan: Kongre T\u00fcrkiye&#039;ye \u00f6rnek olacak heyecan ve karde\u015flik iklimi i\u00e7inde ger\u00e7ekle\u015ftirildi"},"content":{"rendered":"<p>Cumhurba\u015fkan\u0131 ve AK Parti Genel Ba\u015fkan\u0131 Erdo\u011fan, kongrenin, AK Parti ve temsil etti\u011fi davan\u0131n gelene\u011fine uygun \u015fekilde, T\u00fcrkiye&#8217;ye \u00f6rnek olacak bir co\u015fku, heyecan ve karde\u015flik iklimi i\u00e7inde ger\u00e7ekle\u015ftirildi\u011fini ifade etti.<\/p>\n","protected":false},"excerpt":{"rendered":"<p>Cumhurba\u015fkan\u0131 ve AK Parti Genel Ba\u015fkan\u0131 Erdo\u011fan, kongrenin, AK Parti ve temsil etti\u011fi davan\u0131n gelene\u011fine uygun \u015fekilde, T\u00fcrkiye&#8217;ye \u00f6rnek olacak bir co\u015fku, heyecan ve karde\u015flik iklimi i\u00e7inde ger\u00e7ekle\u015ftirildi\u011fini ifade etti.<\/p>\n","protected":false},"author":1,"featured_media":17333,"comment_status":"","ping_status":"","sticky":false,"template":"","format":"standard","meta":[],"categories":[47],"tags":[],"_links":{"self":[{"href":"https:\/\/kraios.app\/news\/wp-json\/wp\/v2\/posts\/17332"}],"collection":[{"href":"https:\/\/kraios.app\/news\/wp-json\/wp\/v2\/posts"}],"about":[{"href":"https:\/\/kraios.app\/news\/wp-json\/wp\/v2\/types\/post"}],"author":[{"embeddable":true,"href":"https:\/\/kraios.app\/news\/wp-json\/wp\/v2\/users\/1"}],"replies":[{"embeddable":true,"href":"https:\/\/kraios.app\/news\/wp-json\/wp\/v2\/comments?post=17332"}],"version-history":[{"count":0,"href":"https:\/\/kraios.app\/news\/wp-json\/wp\/v2\/posts\/17332\/revisions"}],"wp:featuredmedia":[{"embeddable":true,"href":"https:\/\/kraios.app\/news\/wp-json\/wp\/v2\/media\/17333"}],"wp:attachment":[{"href":"https:\/\/kraios.app\/news\/wp-json\/wp\/v2\/media?parent=17332"}],"wp:term":[{"taxonomy":"category","embeddable":true,"href":"https:\/\/kraios.app\/news\/wp-json\/wp\/v2\/categories?post=17332"},{"taxonomy":"post_tag","embeddable":true,"href":"https:\/\/kraios.app\/news\/wp-json\/wp\/v2\/tags?post=17332"}],"curies":[{"name":"wp","href":"https:\/\/api.w.org\/{rel}","templated":true}]}}