{"id":17301,"date":"2023-10-13T13:42:30","date_gmt":"2023-10-13T13:42:30","guid":{"rendered":"https:\/\/kraios.app\/news\/siyaset\/2023\/10\/13\/filistin-ve-israili-kalici-barisa-yonelik-muzakerelere-baslamaya-davet-ediyoruz\/"},"modified":"2023-10-13T13:42:30","modified_gmt":"2023-10-13T13:42:30","slug":"filistin-ve-israili-kalici-barisa-yonelik-muzakerelere-baslamaya-davet-ediyoruz","status":"publish","type":"post","link":"https:\/\/kraios.app\/news\/siyaset\/2023\/10\/13\/filistin-ve-israili-kalici-barisa-yonelik-muzakerelere-baslamaya-davet-ediyoruz\/","title":{"rendered":"Filistin ve \u0130srail&#8217;i kal\u0131c\u0131 bar\u0131\u015fa y\u00f6nelik m\u00fczakerelere ba\u015flamaya davet ediyoruz"},"content":{"rendered":"<p><\/p>\n<div>\n<p>TBMM taraf\u0131ndan \u0130srail-Filistin \u00e7at\u0131\u015fmas\u0131 i\u00e7in yay\u0131mlanan ortak bildiride, Gazze&#8217;de bitmeyen insani trajediyi derinle\u015ftiren kolektif cezaland\u0131rma y\u00f6ntemleri ile hedefi do\u011frudan siviller olan t\u00fcm sald\u0131r\u0131lar k\u0131nand\u0131.<\/p>\n<p>TBMM&#8217;de grubu bulunan 6 siyasi partinin imzas\u0131yla \u0130srail-Filistin \u00e7at\u0131\u015fmas\u0131na y\u00f6nelik ortak bildiri yay\u0131mland\u0131. Bildiride, Filistin ve \u0130srail&#8217;de ya\u015fanan \u00e7at\u0131\u015fmalarda \u00e7ok say\u0131da sivil can kay\u0131plar\u0131n\u0131n ya\u015fanmas\u0131n\u0131n, sivil altyap\u0131n\u0131n hedef al\u0131nmas\u0131n\u0131n ve sivillerin en temel ihtiya\u00e7lar\u0131n\u0131 dahi kar\u015f\u0131layamayacak durumda b\u0131rak\u0131lmalar\u0131n\u0131n vicdanlar\u0131 yaralad\u0131\u011f\u0131 vurguland\u0131.<\/p>\n<p>Krizin ba\u015fka b\u00f6lgelere de sirayet potansiyelinin b\u00f6lgesel g\u00fcvenlik ve istikrar\u0131 ciddi bi\u00e7imde tehdit etti\u011finin alt\u0131 \u00e7izilen bildiride, &#8220;Sivillerin her \u015fartta korunmas\u0131 ve toplu cezaland\u0131rma mahiyetindeki uygulamalardan ka\u00e7\u0131n\u0131lmas\u0131 hukukun, vicdan\u0131n ve insanl\u0131\u011f\u0131n gere\u011fidir. Bu gerilimin telafi edilemez sonu\u00e7lar do\u011furmamas\u0131 i\u00e7in t\u00fcm taraflar\u0131 bar\u0131\u015f-g\u00fcvenlik-istikrar vizyonumuz \u00e7er\u00e7evesinde itidale ve akl\u0131selime davet ediyoruz.&#8221; ifadesine yer verildi.<\/p>\n<p>Filistin-\u0130srail hatt\u0131nda son ya\u015fananlar\u0131n, uzun s\u00fcredir tarifsiz s\u0131k\u0131nt\u0131, umutsuzluk ve ac\u0131lara yol a\u00e7an bu sorunun art\u0131k iki devletli \u00e7\u00f6z\u00fcme y\u00f6nelik yerle\u015fik Birle\u015fmi\u015f Milletler parametreleri temelinde ve m\u00fczakereler yoluyla adil, kapsaml\u0131 ve kal\u0131c\u0131 bir \u00e7\u00f6z\u00fcme kavu\u015fturulmas\u0131 zaruretini bir kez daha g\u00f6zler \u00f6n\u00fcne serdi\u011fine i\u015faret edilen bildiride, \u015fu tespitlerde bulunuldu:<\/p>\n<p>&#8220;Filistin-\u0130srail meselesinin \u00e7\u00f6z\u00fcm\u00fc, sonu\u00e7lar\u0131 y\u00f6netmekten de\u011fil, sorunlar\u0131n temelinde yatan sebepleri ortadan kald\u0131rmaktan ge\u00e7mektedir. Son olaylar, 56 y\u0131ld\u0131r devam eden hukuksuz i\u015fgal ve buna ba\u011fl\u0131 politikalar\u0131n do\u011furdu\u011fu bir sonu\u00e7tur. Topraklar\u0131, hayat ve gelecek umutlar\u0131 elinden al\u0131nan Filistin halk\u0131 bug\u00fcn yeni ve emsali g\u00f6r\u00fclmemi\u015f bir ku\u015fatma alt\u0131ndad\u0131r. \u0130ki milyon insan\u0131n ya\u015fad\u0131\u011f\u0131 ve 16 y\u0131ll\u0131k ablukayla \u00e7oktan bir a\u00e7\u0131k hava hapishanesine d\u00f6n\u00fc\u015fm\u00fc\u015f bulunan Gazze&#8217;ye sa\u011flanan g\u0131da, enerji ve insani yard\u0131mlar\u0131n kesilmesi, sivil yerle\u015fimlerin hedef g\u00f6zetilmeksizin vurulmas\u0131 uluslararas\u0131 hukukun a\u00e7\u0131k ve a\u011f\u0131r bir ihlalidir.&#8221;<\/p>\n<h3>&#8220;Birle\u015fmi\u015f Milletler G\u00fcvenlik Konseyinin sorumluluk almas\u0131 gerekmekte&#8221;<\/h3>\n<p>Bildiride, i\u015fgalle ba\u015flayan, yasa d\u0131\u015f\u0131 yerle\u015fimcilerin m\u00fclk gasplar\u0131n\u0131n, kutsal mekanlar\u0131n stat\u00fcs\u00fcn\u00fc hi\u00e7e sayan sald\u0131r\u0131 ve provokasyonlarla devam eden ihlaller zincirinin ve \u00e7ifte standart uygulamalar\u0131n iki devlet temelindeki \u00e7\u00f6z\u00fcm vizyonunu da a\u015f\u0131nd\u0131rmaya devam etti\u011fine dikkat \u00e7ekildi.<\/p>\n<p>\u0130\u015fgal alt\u0131ndaki Filistin topraklar\u0131nda devam eden i\u015fgal uygulamalar\u0131n\u0131n bir an \u00f6nce sona ermesi ve adil bir bar\u0131\u015fa ula\u015f\u0131lmas\u0131n\u0131n \u015fart oldu\u011fu vurgulanan bildiride, \u015funlar kaydedildi:<\/p>\n<p>&#8220;Ba\u015fta Birle\u015fmi\u015f Milletler G\u00fcvenlik Konseyi olmak \u00fczere, t\u00fcm uluslararas\u0131 toplumun, art\u0131k daha fazla gecikmeksizin iki devletli \u00e7\u00f6z\u00fcm vizyonu temelinde taraflar\u0131 adil bir \u00e7\u00f6z\u00fcme y\u00f6nlendirmek i\u00e7in sorumluluk almas\u0131 gerekmektedir. Ortado\u011fu&#8217;da kal\u0131c\u0131 bar\u0131\u015f\u0131n ancak Filistin-\u0130srail meselesinin adil bir \u00e7\u00f6z\u00fcme kavu\u015fturulmas\u0131yla m\u00fcmk\u00fcn oldu\u011funu ve bunun 1967 s\u0131n\u0131rlar\u0131 temelinde, ba\u015fkenti Kud\u00fcs olan, ba\u011f\u0131ms\u0131z, egemen ve co\u011frafi b\u00fct\u00fcnl\u00fc\u011f\u00fc haiz bir Filistin Devleti&#8217;nin v\u00fccut bulmas\u0131yla m\u00fcmk\u00fcn olabilece\u011fini net bir \u015fekilde yineliyoruz.<\/p>\n<p>T\u00fcrkiye B\u00fcy\u00fck Millet Meclisi&#8217;nde grubu bulunan t\u00fcm siyasi partiler olarak yukar\u0131da s\u0131ralad\u0131\u011f\u0131m\u0131z g\u00f6r\u00fc\u015fler temelinde, Filistin ve \u0130srail&#8217;de ya\u015fanan \u00e7at\u0131\u015fmalar\u0131n taraflar\u0131ndan t\u0131rmand\u0131rmaya son vermelerini ve sivilleri hedef almamalar\u0131n\u0131 bekliyoruz. Gazze&#8217;de bitmeyen insani trajediyi derinle\u015ftiren kolektif cezaland\u0131rma y\u00f6ntemleri ile hedefi do\u011frudan siviller olan t\u00fcm sald\u0131r\u0131lar\u0131 k\u0131n\u0131yor, Filistin ve \u0130srail&#8217;i, iki devlet temelinde adil ve kal\u0131c\u0131 bir \u00e7\u00f6z\u00fcme ula\u015fmalar\u0131 i\u00e7in daha fazla gecikmeksizin kal\u0131c\u0131 bar\u0131\u015fa y\u00f6nelik m\u00fczakerelere ba\u015flamaya davet ediyoruz.&#8221;<\/p>\n<p>Bildirinin TBMM Genel Kurulu&#8217;nda okunmas\u0131n\u0131n ard\u0131ndan TBMM Ba\u015fkanvekili G\u00fclizar Bi\u00e7er Karaca, birle\u015fimi 17 Ekim Sal\u0131 g\u00fcn\u00fc saat 15.00&#8217;te toplanmak \u00fczere kapatt\u0131.<\/p>\n<p>                            <span class=\"detay-foto-editor\">&#13;<br \/>\n                                <a href=\"https:\/\/www.aa.com.tr\/tr\/p\/abonelik-talep-formu\/1001\" target=\"_blank\" style=\"font-size:12px; color:#444; text-decoration:none;\" rel=\"noopener\">&#13;<br \/>\n                                    Anadolu Ajans\u0131 web sitesinde, AA Haber Ak\u0131\u015f Sistemi (HAS) \u00fczerinden abonelere sunulan haberler, \u00f6zetlenerek yay\u0131mlanmaktad\u0131r. <b style=\"color:#1897F7\">Abonelik i\u00e7in l\u00fctfen ileti\u015fime ge\u00e7iniz.<\/b>&#13;<br \/>\n                                <\/a>&#13;<br \/>\n                            <\/span>\n                        <\/div>\n<p><script>\n\t  window.fbAsyncInit = function() {\n\t\tFB.init({\n\t\t  appId: '1855843514662870',\n\t\t  status : true, \/\/ check login status\n\t\t  cookie : true, \/\/ enable cookies to allow the server to access the session\n\t\t  xfbml  : true  \/\/ parse XFBML\n\t\t});\n\t  };<\/p>\n<p>\t  (function() {\n\t\tvar e = document.createElement('script');\n\t\te.src=\"https:\/\/connect.facebook.net\/tr_TR\/all.js\";\n\t\te.async = true;\n\t\tdocument.getElementById('fb-root').appendChild(e);\n\t  }());\n    <\/script><\/p>\n","protected":false},"excerpt":{"rendered":"<p>TBMM taraf\u0131ndan \u0130srail-Filistin \u00e7at\u0131\u015fmas\u0131 i\u00e7in yay\u0131mlanan ortak bildiride, Gazze&#8217;de bitmeyen insani trajediyi derinle\u015ftiren kolektif cezaland\u0131rma y\u00f6ntemleri ile hedefi do\u011frudan siviller olan t\u00fcm sald\u0131r\u0131lar k\u0131nand\u0131. TBMM&#8217;de grubu bulunan 6 siyasi partinin imzas\u0131yla \u0130srail-Filistin \u00e7at\u0131\u015fmas\u0131na y\u00f6nelik ortak bildiri yay\u0131mland\u0131. Bildiride, Filistin ve \u0130srail&#8217;de ya\u015fanan \u00e7at\u0131\u015fmalarda \u00e7ok say\u0131da sivil can kay\u0131plar\u0131n\u0131n ya\u015fanmas\u0131n\u0131n, sivil altyap\u0131n\u0131n hedef al\u0131nmas\u0131n\u0131n ve sivillerin [&hellip;]<\/p>\n","protected":false},"author":1,"featured_media":17302,"comment_status":"","ping_status":"","sticky":false,"template":"","format":"standard","meta":[],"categories":[47],"tags":[],"_links":{"self":[{"href":"https:\/\/kraios.app\/news\/wp-json\/wp\/v2\/posts\/17301"}],"collection":[{"href":"https:\/\/kraios.app\/news\/wp-json\/wp\/v2\/posts"}],"about":[{"href":"https:\/\/kraios.app\/news\/wp-json\/wp\/v2\/types\/post"}],"author":[{"embeddable":true,"href":"https:\/\/kraios.app\/news\/wp-json\/wp\/v2\/users\/1"}],"replies":[{"embeddable":true,"href":"https:\/\/kraios.app\/news\/wp-json\/wp\/v2\/comments?post=17301"}],"version-history":[{"count":0,"href":"https:\/\/kraios.app\/news\/wp-json\/wp\/v2\/posts\/17301\/revisions"}],"wp:featuredmedia":[{"embeddable":true,"href":"https:\/\/kraios.app\/news\/wp-json\/wp\/v2\/media\/17302"}],"wp:attachment":[{"href":"https:\/\/kraios.app\/news\/wp-json\/wp\/v2\/media?parent=17301"}],"wp:term":[{"taxonomy":"category","embeddable":true,"href":"https:\/\/kraios.app\/news\/wp-json\/wp\/v2\/categories?post=17301"},{"taxonomy":"post_tag","embeddable":true,"href":"https:\/\/kraios.app\/news\/wp-json\/wp\/v2\/tags?post=17301"}],"curies":[{"name":"wp","href":"https:\/\/api.w.org\/{rel}","templated":true}]}}