{"id":17232,"date":"2023-10-13T08:18:40","date_gmt":"2023-10-13T08:18:40","guid":{"rendered":"https:\/\/kraios.app\/news\/siyaset\/2023\/10\/13\/vatandaslar-tbmmye-en-cok-sahipsiz-kopeklerden-dert-yandi\/"},"modified":"2023-10-13T08:18:40","modified_gmt":"2023-10-13T08:18:40","slug":"vatandaslar-tbmmye-en-cok-sahipsiz-kopeklerden-dert-yandi","status":"publish","type":"post","link":"https:\/\/kraios.app\/news\/siyaset\/2023\/10\/13\/vatandaslar-tbmmye-en-cok-sahipsiz-kopeklerden-dert-yandi\/","title":{"rendered":"Vatanda\u015flar TBMM&#8217;ye en \u00e7ok sahipsiz k\u00f6peklerden dert yand\u0131"},"content":{"rendered":"<p><\/p>\n<div>\n<p>TBMM Dilek\u00e7e Komisyonuna son 5 ayda gelen \u015fikayet konular\u0131n\u0131n ba\u015f\u0131nda, sahipsiz k\u00f6peklerle ilgili ya\u015fanan sorunlar geldi.<\/p>\n<p>Vatanda\u015flar\u0131n parlamentoya iletti\u011fi dilek ve \u015fikayetleri inceleyen TBMM Dilek\u00e7e Komisyonuna, 28. D\u00f6nem&#8217;in ba\u015flang\u0131c\u0131 olan 15 May\u0131stan bu yana 3 bin 985 ba\u015fvuru yap\u0131ld\u0131.<\/p>\n<p>Komisyona yap\u0131lan m\u00fcracaatlar\u0131n y\u00fczde 93&#8217;\u00fc elektronik posta yoluyla, geri kalanlar\u0131 da elden, faks, posta ve milletvekilleri arac\u0131l\u0131\u011f\u0131yla ger\u00e7ekle\u015ftirildi.<\/p>\n<p>Dilek\u00e7e Komisyonu Ba\u015fkanl\u0131k Divan\u0131, ger\u00e7ekle\u015ftirdi\u011fi 6 toplant\u0131da 1771 dilek\u00e7e hakk\u0131nda karar verdi, 23 dilek\u00e7eyi ise mevzuata uygun olmamas\u0131 ya da m\u00fckerrer olmas\u0131 sebebiyle i\u015flemden kald\u0131rd\u0131. Di\u011fer dilek\u00e7elerin incelemesi devam ediyor.<\/p>\n<h3>En \u00e7ok \u015fikayet ba\u015f\u0131bo\u015f k\u00f6peklerle ilgili<\/h3>\n<p>TBMM Dilek\u00e7e Komisyonuna en \u00e7ok \u015fikayet edilen konu sahipsiz k\u00f6peklerle ilgili oldu.<\/p>\n<p>Ya\u015fad\u0131klar\u0131 \u015fehirlerdeki sahipsiz k\u00f6peklerden dert yanan vatanda\u015flar, soruna \u00e7\u00f6z\u00fcm bulunmas\u0131 i\u00e7in ilgili kurum ve kurulu\u015flarca \u00e7al\u0131\u015fma yap\u0131lmas\u0131n\u0131 ya da y\u00fcr\u00fct\u00fclen \u00e7al\u0131\u015fmalar\u0131n artt\u0131r\u0131lmas\u0131n\u0131 talep etti.<\/p>\n<p>Bir\u00e7ok vatanda\u015f ba\u015f\u0131bo\u015f k\u00f6peklerin toplat\u0131lmas\u0131n\u0131, k\u0131s\u0131rla\u015ft\u0131r\u0131lmas\u0131n\u0131, yerle\u015fim yerlerinden uzakla\u015ft\u0131r\u0131lmas\u0131n\u0131 isterken baz\u0131lar\u0131 da hayvanlar\u0131n\u0131 soka\u011fa terk edenlerin tespit edilerek cezaland\u0131r\u0131lmas\u0131 talebinde bulundu.<\/p>\n<p>Ba\u015fvurular aras\u0131nda, s\u00f6z konusu \u015fikayetlerin aksine, &#8220;ba\u015f\u0131bo\u015f k\u00f6peklerin yol a\u00e7t\u0131\u011f\u0131 sorunlara dikkati \u00e7ekmek ve bu sorunlar\u0131n \u00e7\u00f6z\u00fcm\u00fc i\u00e7in \u00e7al\u0131\u015fma y\u00fcr\u00fctmek i\u00e7in kurulan bir internet platformunun kapat\u0131lmas\u0131 ve sahibinin tutuklanmas\u0131&#8221; ile &#8220;toplumu yanl\u0131\u015f bilgilendirerek sokak hayvanlar\u0131n\u0131 hedef g\u00f6sterdi\u011fi iddia edilen bir derne\u011fin kapat\u0131lmas\u0131&#8221; talepleri de dikkati \u00e7ekti.<\/p>\n<p>Sahipsiz k\u00f6peklerle ilgili ba\u015fvurular\u0131 inceleyen Dilek\u00e7e Komisyonu Ba\u015fkanl\u0131k Divan\u0131, s\u00f6z konusu taleplerin bir k\u0131sm\u0131n\u0131n kar\u015f\u0131lanabilmesi amac\u0131yla 5199 say\u0131l\u0131 Hayvanlar\u0131 Koruma Kanunu&#8217;nda de\u011fi\u015fiklik yap\u0131lmas\u0131 gerekti\u011fi; baz\u0131 talepler i\u00e7in ise ilgili mevzuat\u0131n uygulamas\u0131n\u0131n devam etti\u011finin anla\u015f\u0131ld\u0131\u011f\u0131na karar verdi.<\/p>\n<p>Komisyon, dilek\u00e7e sahiplerine, Tar\u0131m ve Orman Bakanl\u0131\u011f\u0131, \u00c7evre, \u015eehircilik ve \u0130klim De\u011fi\u015fikli\u011fi Bakanl\u0131\u011f\u0131 ile T\u00fcrkiye Belediyeler Birli\u011finin bu alanda y\u00fcr\u00fctt\u00fc\u011f\u00fc \u00e7al\u0131\u015fmalarla ilgili bilgi verdi.<\/p>\n<h3>K\u0131s\u0131rla\u015ft\u0131rma say\u0131lar\u0131 yetersiz kal\u0131yor<\/h3>\n<p>Tar\u0131m ve Orman Bakanl\u0131\u011f\u0131n\u0131n komisyona g\u00f6nderdi\u011fi yaz\u0131da, yerel y\u00f6netimlerce ger\u00e7ekle\u015ftirilen k\u0131s\u0131rla\u015ft\u0131rma say\u0131s\u0131n\u0131n hayvanlar\u0131n yavrulama say\u0131s\u0131n\u0131n \u00e7ok alt\u0131nda kalmas\u0131 ve rehabilitasyonu ger\u00e7ekle\u015ftirilen hayvanlar\u0131n da yasa uyar\u0131nca, al\u0131nd\u0131klar\u0131 ortama geri b\u0131rak\u0131lma zorunlulu\u011funun bulunmas\u0131 nedeniyle sokaklardaki sahipsiz hayvan say\u0131s\u0131n\u0131n azalt\u0131lamad\u0131\u011f\u0131 belirtildi.<\/p>\n<p>T\u00fcrkiye Belediyeler Birli\u011fi Ba\u015fkanl\u0131\u011f\u0131 da sokak hayvanlar\u0131na y\u00f6nelik hizmetlerin, kamuoyunda olu\u015fan hassasiyet dikkate al\u0131narak y\u00fcr\u00fct\u00fclmeye \u00e7al\u0131\u015f\u0131ld\u0131\u011f\u0131na dikkati \u00e7ekerek, &#8220;Birli\u011fimize, tehlike arz eden hayvanlara y\u00f6nelik kay\u0131t s\u00fcresinin uzat\u0131lmas\u0131, k\u0131s\u0131rla\u015ft\u0131rma i\u00e7in Birlik taraf\u0131ndan fon olu\u015fturulmas\u0131, bir k\u0131s\u0131m belediye s\u0131n\u0131rlar\u0131nda bulunan hayvanlar\u0131n bak\u0131m\u0131 ile belediyeler taraf\u0131ndan hayvanlara y\u00f6nelik hizmetlerde kullan\u0131lmak \u00fczere destek talepleri iletilmektedir.&#8221; bilgisini payla\u015ft\u0131.<\/p>\n<p>\u00c7evre, \u015eehircilik ve \u0130klim De\u011fi\u015fikli\u011fi Bakanl\u0131\u011f\u0131 ise 31 Ocak 2022 tarihli verilerine g\u00f6re son 5 y\u0131lda 1 milyon 310 bin 108 hayvan\u0131n k\u0131s\u0131rla\u015ft\u0131r\u0131ld\u0131\u011f\u0131n\u0131, 2 milyon 704 bin 768 hayvan\u0131n rehabilite edildi\u011fini ve 274 bin 940 hayvan\u0131n da sahiplendirildi\u011fini aktard\u0131. Ayn\u0131 raporda, Ankara&#8217;da 90 bin, \u0130stanbul&#8217;da 128 bin 900, \u0130zmir&#8217;de de 450 bin olmak \u00fczere toplam 668 bin 900 sahipsiz k\u00f6pek bulundu\u011fu kaydedildi.<\/p>\n<h3>\u0130lgin\u00e7 dilek\u00e7eler<\/h3>\n<p>\u00d6te yandan, Komisyona gelen dilek\u00e7eler aras\u0131nda ilgin\u00e7 talepler de yer ald\u0131.<\/p>\n<p>Ba\u015fvurular aras\u0131nda, TBMM&#8217;nin pazar g\u00fcnleri de \u00e7al\u0131\u015fmas\u0131, T\u00fcrkiye&#8217;nin kar\u015f\u0131 koyacak anti-starlinkleri olmad\u0131\u011f\u0131 gerek\u00e7esiyle Elon Musk&#8217;\u0131n starlink uydu projesinin T\u00fcrkiye&#8217;de uygulanmamas\u0131, cuma namaz\u0131 vaktinin kamu ve \u00f6zel sekt\u00f6r \u00e7al\u0131\u015fma saatleri a\u00e7\u0131s\u0131ndan resmi tatil ilan edilmesi, emekliler i\u00e7in internetin \u00fccretsiz olmas\u0131, \u0130stanbul&#8217;da Anadolu ve Avrupa yakalar\u0131 i\u00e7in ayr\u0131 belediye ba\u015fkanl\u0131\u011f\u0131 se\u00e7imi yap\u0131lmas\u0131, TBMM&#8217;de siyasi partilerin haftal\u0131k grup toplant\u0131lar\u0131n\u0131n vatanda\u015flar\u0131n kat\u0131l\u0131m\u0131na kapal\u0131 olarak yap\u0131lmas\u0131, depremzedelerin ma\u011fduriyetlerini gidermek i\u00e7in EYT kapsam\u0131n\u0131n geni\u015fletilmesi gibi taleplerle birlikte, Cumhurba\u015fkan\u0131 Recep Tayyip Erdo\u011fan&#8217;\u0131 evinde a\u011f\u0131rlamak isteyen, istifa etti\u011fi eski i\u015f yerine geri d\u00f6nebilmek i\u00e7in yard\u0131m talep eden, TBMM&#8217;den ajanda ve kalem gibi e\u015fantiyon malzeme isteyenlerin dilek\u00e7eleri de bulunuyor.<\/p>\n<p>                            <span class=\"detay-foto-editor\">&#13;<br \/>\n                                <a href=\"https:\/\/www.aa.com.tr\/tr\/p\/abonelik-talep-formu\/1001\" target=\"_blank\" style=\"font-size:12px; color:#444; text-decoration:none;\" rel=\"noopener\">&#13;<br \/>\n                                    Anadolu Ajans\u0131 web sitesinde, AA Haber Ak\u0131\u015f Sistemi (HAS) \u00fczerinden abonelere sunulan haberler, \u00f6zetlenerek yay\u0131mlanmaktad\u0131r. <b style=\"color:#1897F7\">Abonelik i\u00e7in l\u00fctfen ileti\u015fime ge\u00e7iniz.<\/b>&#13;<br \/>\n                                <\/a>&#13;<br \/>\n                            <\/span>\n                        <\/div>\n<p><script>\n\t  window.fbAsyncInit = function() {\n\t\tFB.init({\n\t\t  appId: '1855843514662870',\n\t\t  status : true, \/\/ check login status\n\t\t  cookie : true, \/\/ enable cookies to allow the server to access the session\n\t\t  xfbml  : true  \/\/ parse XFBML\n\t\t});\n\t  };<\/p>\n<p>\t  (function() {\n\t\tvar e = document.createElement('script');\n\t\te.src=\"https:\/\/connect.facebook.net\/tr_TR\/all.js\";\n\t\te.async = true;\n\t\tdocument.getElementById('fb-root').appendChild(e);\n\t  }());\n    <\/script><\/p>\n","protected":false},"excerpt":{"rendered":"<p>TBMM Dilek\u00e7e Komisyonuna son 5 ayda gelen \u015fikayet konular\u0131n\u0131n ba\u015f\u0131nda, sahipsiz k\u00f6peklerle ilgili ya\u015fanan sorunlar geldi. Vatanda\u015flar\u0131n parlamentoya iletti\u011fi dilek ve \u015fikayetleri inceleyen TBMM Dilek\u00e7e Komisyonuna, 28. D\u00f6nem&#8217;in ba\u015flang\u0131c\u0131 olan 15 May\u0131stan bu yana 3 bin 985 ba\u015fvuru yap\u0131ld\u0131. Komisyona yap\u0131lan m\u00fcracaatlar\u0131n y\u00fczde 93&#8217;\u00fc elektronik posta yoluyla, geri kalanlar\u0131 da elden, faks, posta ve milletvekilleri [&hellip;]<\/p>\n","protected":false},"author":1,"featured_media":17233,"comment_status":"","ping_status":"","sticky":false,"template":"","format":"standard","meta":[],"categories":[47],"tags":[],"_links":{"self":[{"href":"https:\/\/kraios.app\/news\/wp-json\/wp\/v2\/posts\/17232"}],"collection":[{"href":"https:\/\/kraios.app\/news\/wp-json\/wp\/v2\/posts"}],"about":[{"href":"https:\/\/kraios.app\/news\/wp-json\/wp\/v2\/types\/post"}],"author":[{"embeddable":true,"href":"https:\/\/kraios.app\/news\/wp-json\/wp\/v2\/users\/1"}],"replies":[{"embeddable":true,"href":"https:\/\/kraios.app\/news\/wp-json\/wp\/v2\/comments?post=17232"}],"version-history":[{"count":0,"href":"https:\/\/kraios.app\/news\/wp-json\/wp\/v2\/posts\/17232\/revisions"}],"wp:featuredmedia":[{"embeddable":true,"href":"https:\/\/kraios.app\/news\/wp-json\/wp\/v2\/media\/17233"}],"wp:attachment":[{"href":"https:\/\/kraios.app\/news\/wp-json\/wp\/v2\/media?parent=17232"}],"wp:term":[{"taxonomy":"category","embeddable":true,"href":"https:\/\/kraios.app\/news\/wp-json\/wp\/v2\/categories?post=17232"},{"taxonomy":"post_tag","embeddable":true,"href":"https:\/\/kraios.app\/news\/wp-json\/wp\/v2\/tags?post=17232"}],"curies":[{"name":"wp","href":"https:\/\/api.w.org\/{rel}","templated":true}]}}