{"id":17219,"date":"2023-10-13T06:38:06","date_gmt":"2023-10-13T06:38:06","guid":{"rendered":"https:\/\/kraios.app\/news\/siyaset\/2023\/10\/13\/disisleri-bakani-fidan-bae-disisleri-bakani-al-nahyan-ile-telefonda-gorustu\/"},"modified":"2023-10-13T06:38:06","modified_gmt":"2023-10-13T06:38:06","slug":"disisleri-bakani-fidan-bae-disisleri-bakani-al-nahyan-ile-telefonda-gorustu","status":"publish","type":"post","link":"https:\/\/kraios.app\/news\/siyaset\/2023\/10\/13\/disisleri-bakani-fidan-bae-disisleri-bakani-al-nahyan-ile-telefonda-gorustu\/","title":{"rendered":"D\u0131\u015fi\u015fleri Bakan\u0131 Fidan, BAE D\u0131\u015fi\u015fleri Bakan\u0131 Al Nahyan ile telefonda g\u00f6r\u00fc\u015ft\u00fc"},"content":{"rendered":"<p>D\u0131\u015fi\u015fleri Bakan\u0131 Hakan Fidan, Birle\u015fik Arap Emirlikleri (BAE) D\u0131\u015fi\u015fleri Bakan\u0131 \u015eeyh Abdullah bin Zayid Al Nahyan ile \u0130srail ve Filistin&#8217;de ya\u015fanan son geli\u015fmeler hakk\u0131nda telefonda konu\u015ftu.<\/p>\n","protected":false},"excerpt":{"rendered":"<p>D\u0131\u015fi\u015fleri Bakan\u0131 Hakan Fidan, Birle\u015fik Arap Emirlikleri (BAE) D\u0131\u015fi\u015fleri Bakan\u0131 \u015eeyh Abdullah bin Zayid Al Nahyan ile \u0130srail ve Filistin&#8217;de ya\u015fanan son geli\u015fmeler hakk\u0131nda telefonda konu\u015ftu.<\/p>\n","protected":false},"author":1,"featured_media":17220,"comment_status":"","ping_status":"","sticky":false,"template":"","format":"standard","meta":[],"categories":[47],"tags":[],"_links":{"self":[{"href":"https:\/\/kraios.app\/news\/wp-json\/wp\/v2\/posts\/17219"}],"collection":[{"href":"https:\/\/kraios.app\/news\/wp-json\/wp\/v2\/posts"}],"about":[{"href":"https:\/\/kraios.app\/news\/wp-json\/wp\/v2\/types\/post"}],"author":[{"embeddable":true,"href":"https:\/\/kraios.app\/news\/wp-json\/wp\/v2\/users\/1"}],"replies":[{"embeddable":true,"href":"https:\/\/kraios.app\/news\/wp-json\/wp\/v2\/comments?post=17219"}],"version-history":[{"count":0,"href":"https:\/\/kraios.app\/news\/wp-json\/wp\/v2\/posts\/17219\/revisions"}],"wp:featuredmedia":[{"embeddable":true,"href":"https:\/\/kraios.app\/news\/wp-json\/wp\/v2\/media\/17220"}],"wp:attachment":[{"href":"https:\/\/kraios.app\/news\/wp-json\/wp\/v2\/media?parent=17219"}],"wp:term":[{"taxonomy":"category","embeddable":true,"href":"https:\/\/kraios.app\/news\/wp-json\/wp\/v2\/categories?post=17219"},{"taxonomy":"post_tag","embeddable":true,"href":"https:\/\/kraios.app\/news\/wp-json\/wp\/v2\/tags?post=17219"}],"curies":[{"name":"wp","href":"https:\/\/api.w.org\/{rel}","templated":true}]}}