{"id":17189,"date":"2023-10-13T01:26:16","date_gmt":"2023-10-13T01:26:16","guid":{"rendered":"https:\/\/kraios.app\/news\/siyaset\/2023\/10\/13\/tbmm-baskani-kurtulmus-meclisimizin-gosterdigi-dayanisma-turkiyenin-durdugu-yeri-tespit-acisindan-tarihi-bir-adim\/"},"modified":"2023-10-13T01:26:16","modified_gmt":"2023-10-13T01:26:16","slug":"tbmm-baskani-kurtulmus-meclisimizin-gosterdigi-dayanisma-turkiyenin-durdugu-yeri-tespit-acisindan-tarihi-bir-adim","status":"publish","type":"post","link":"https:\/\/kraios.app\/news\/siyaset\/2023\/10\/13\/tbmm-baskani-kurtulmus-meclisimizin-gosterdigi-dayanisma-turkiyenin-durdugu-yeri-tespit-acisindan-tarihi-bir-adim\/","title":{"rendered":"TBMM Ba\u015fkan\u0131 Kurtulmu\u015f: Meclisimizin g\u00f6sterdi\u011fi dayan\u0131\u015fma T\u00fcrkiye&#039;nin durdu\u011fu yeri tespit a\u00e7\u0131s\u0131ndan tarihi bir ad\u0131m"},"content":{"rendered":"<p>TBMM Ba\u015fkan\u0131 Kurtulmu\u015f, &#8220;Meclisimizin g\u00f6stermi\u015f oldu\u011fu bu dayan\u0131\u015fman\u0131n; bar\u0131\u015f i\u00e7erisinde, daha m\u00fcreffeh ve adil bir d\u00fcnyan\u0131n temini i\u00e7in T\u00fcrkiye&#8217;nin durdu\u011fu yeri tespit a\u00e7\u0131s\u0131ndan tarihi bir ad\u0131m oldu\u011funun alt\u0131n\u0131 \u00e7izmek istiyorum.&#8221; ifadesini kulland\u0131.<\/p>\n","protected":false},"excerpt":{"rendered":"<p>TBMM Ba\u015fkan\u0131 Kurtulmu\u015f, &#8220;Meclisimizin g\u00f6stermi\u015f oldu\u011fu bu dayan\u0131\u015fman\u0131n; bar\u0131\u015f i\u00e7erisinde, daha m\u00fcreffeh ve adil bir d\u00fcnyan\u0131n temini i\u00e7in T\u00fcrkiye&#8217;nin durdu\u011fu yeri tespit a\u00e7\u0131s\u0131ndan tarihi bir ad\u0131m oldu\u011funun alt\u0131n\u0131 \u00e7izmek istiyorum.&#8221; ifadesini kulland\u0131.<\/p>\n","protected":false},"author":1,"featured_media":17190,"comment_status":"","ping_status":"","sticky":false,"template":"","format":"standard","meta":[],"categories":[47],"tags":[],"_links":{"self":[{"href":"https:\/\/kraios.app\/news\/wp-json\/wp\/v2\/posts\/17189"}],"collection":[{"href":"https:\/\/kraios.app\/news\/wp-json\/wp\/v2\/posts"}],"about":[{"href":"https:\/\/kraios.app\/news\/wp-json\/wp\/v2\/types\/post"}],"author":[{"embeddable":true,"href":"https:\/\/kraios.app\/news\/wp-json\/wp\/v2\/users\/1"}],"replies":[{"embeddable":true,"href":"https:\/\/kraios.app\/news\/wp-json\/wp\/v2\/comments?post=17189"}],"version-history":[{"count":0,"href":"https:\/\/kraios.app\/news\/wp-json\/wp\/v2\/posts\/17189\/revisions"}],"wp:featuredmedia":[{"embeddable":true,"href":"https:\/\/kraios.app\/news\/wp-json\/wp\/v2\/media\/17190"}],"wp:attachment":[{"href":"https:\/\/kraios.app\/news\/wp-json\/wp\/v2\/media?parent=17189"}],"wp:term":[{"taxonomy":"category","embeddable":true,"href":"https:\/\/kraios.app\/news\/wp-json\/wp\/v2\/categories?post=17189"},{"taxonomy":"post_tag","embeddable":true,"href":"https:\/\/kraios.app\/news\/wp-json\/wp\/v2\/tags?post=17189"}],"curies":[{"name":"wp","href":"https:\/\/api.w.org\/{rel}","templated":true}]}}