{"id":17139,"date":"2023-10-12T15:59:08","date_gmt":"2023-10-12T15:59:08","guid":{"rendered":"https:\/\/kraios.app\/news\/siyaset\/2023\/10\/12\/cumhurbaskani-erdogan-bbp-genel-baskani-desticiyi-kabul-etti\/"},"modified":"2023-10-12T15:59:08","modified_gmt":"2023-10-12T15:59:08","slug":"cumhurbaskani-erdogan-bbp-genel-baskani-desticiyi-kabul-etti","status":"publish","type":"post","link":"https:\/\/kraios.app\/news\/siyaset\/2023\/10\/12\/cumhurbaskani-erdogan-bbp-genel-baskani-desticiyi-kabul-etti\/","title":{"rendered":"Cumhurba\u015fkan\u0131 Erdo\u011fan, BBP Genel Ba\u015fkan\u0131 Destici&#8217;yi kabul etti"},"content":{"rendered":"<p><\/p>\n<div>\n<p>Kabul, <strong>AK Parti<\/strong> Genel Merkezi&#8217;nde bas\u0131na kapal\u0131 ger\u00e7ekle\u015fti.<\/p>\n<p><strong>Destici<\/strong>&#8216;yi Genel Merkez&#8217;e geli\u015finde AK Parti Genel Sekreteri Fatih \u015eahin kar\u015f\u0131lad\u0131.<\/p>\n<p>Kabul sonras\u0131 bas\u0131n mensuplar\u0131na a\u00e7\u0131klamada bulunan Mustafa Destici, kabulde, partinin 22 Ekim&#8217;de ger\u00e7ekle\u015fecek 12. Ola\u011fan B\u00fcy\u00fck Kongresine davet ilettiklerini s\u00f6yledi.<\/p>\n<p>Destici, Filistin ve \u0130srail aras\u0131nda ya\u015fanan ve sava\u015fa d\u00f6n\u00fc\u015fen s\u00fcre\u00e7te sivillere y\u00f6nelik sald\u0131r\u0131lara dikkati \u00e7ekerek, \u0130srail&#8217;in orant\u0131s\u0131z g\u00fc\u00e7le Gazze&#8217;yi vurdu\u011funu s\u00f6yledi. Mustafa Destici, &#8220;\u0130srail, Hamas&#8217;\u0131n ger\u00e7ekle\u015ftirdi\u011fi sald\u0131r\u0131dan sonra bunu da dayanak tutarak ve ABD ba\u015fta olmak \u00fczere di\u011fer bat\u0131 devletlerinin de deste\u011fini alarak Gazze&#8217;yi tamamen yerle yeksan etme, daha sonra da i\u015fgal edip \u0130srail topraklar\u0131na katma projesini uygulamaya koymaya haz\u0131rlan\u0131yor. Buna b\u00fct\u00fcn d\u00fcnyan\u0131n &#8216;dur&#8217; demesi laz\u0131m.&#8221; diye konu\u015ftu.<\/p>\n<p>ABD&#8217;nin a\u00e7\u0131ktan \u0130srail&#8217;in taraf\u0131nda olmas\u0131n\u0131n d\u00fcnya bar\u0131\u015f\u0131 a\u00e7\u0131s\u0131ndan kabul edilebilir bir durum olmad\u0131\u011f\u0131n\u0131 ifade eden Destici, &#8220;\u00c7a\u011fr\u0131m\u0131z sadece bat\u0131l\u0131 devletlere de\u011fil, Arap Birli\u011fi, \u0130slam \u0130\u015fbirli\u011fi Te\u015fkilat\u0131&#8230; Bunlar\u0131n daha h\u0131zl\u0131 hareket etmesi ve net bir durum sergilemesi gerekiyor. \u0130slam d\u00fcnyas\u0131, ate\u015fkes, bar\u0131\u015f\u0131n sa\u011flanmas\u0131 i\u00e7in net duru\u015f koyarsa daha erken sonu\u00e7 al\u0131naca\u011f\u0131n\u0131 d\u00fc\u015f\u00fcn\u00fcyorum.&#8221; de\u011ferlendirmesinde bulundu.<\/p>\n<p>Kabulde, yeni anayasadan yerel se\u00e7imlere kadar belli ba\u015fl\u0131klar\u0131 isti\u015fare etme f\u0131rsat\u0131 bulduklar\u0131n\u0131 belirten Destici, kongrenin ard\u0131ndan tekrar bir araya geleceklerini s\u00f6yledi.<\/p>\n<p>Yerel se\u00e7imde i\u015fbirli\u011fine ili\u015fkin bir soruya Mustafa Destici, &#8220;AK Parti b\u00fcy\u00fck kurultay\u0131n\u0131 yapt\u0131. Biz de 22 Ekim&#8217;de kongremizi ger\u00e7ekle\u015ftirdikten sonra bunlar\u0131 o zaman daha net bir \u015fekilde oturup, konu\u015fma imkan\u0131 bulaca\u011f\u0131m\u0131z\u0131 ifade etmek istiyorum. Biz Cumhur \u0130ttifak\u0131&#8217;n\u0131n bir par\u00e7as\u0131y\u0131z. Cumhur \u0130ttifak\u0131 sadece se\u00e7im i\u015fbirli\u011fi demek de\u011fildir. Bir ruhu, gayesi, amac\u0131 vard\u0131r. Di\u011fer bir \u00f6nceli\u011fimiz de T\u00fcrkiye&#8217;yi bu darbe anayasas\u0131ndan kurtarmak, demokratik, sivil bir anayasa kavu\u015fturmakt\u0131r.&#8221; yan\u0131t\u0131n\u0131 verdi.<\/p>\n<p>                            <span class=\"detay-foto-editor\">&#13;<br \/>\n                                <a href=\"https:\/\/www.aa.com.tr\/tr\/p\/abonelik-talep-formu\/1001\" target=\"_blank\" style=\"font-size:12px; color:#444; text-decoration:none;\" rel=\"noopener\">&#13;<br \/>\n                                    Anadolu Ajans\u0131 web sitesinde, AA Haber Ak\u0131\u015f Sistemi (HAS) \u00fczerinden abonelere sunulan haberler, \u00f6zetlenerek yay\u0131mlanmaktad\u0131r. <b style=\"color:#1897F7\">Abonelik i\u00e7in l\u00fctfen ileti\u015fime ge\u00e7iniz.<\/b>&#13;<br \/>\n                                <\/a>&#13;<br \/>\n                            <\/span>\n                        <\/div>\n<p><script>\n\t  window.fbAsyncInit = function() {\n\t\tFB.init({\n\t\t  appId: '1855843514662870',\n\t\t  status : true, \/\/ check login status\n\t\t  cookie : true, \/\/ enable cookies to allow the server to access the session\n\t\t  xfbml  : true  \/\/ parse XFBML\n\t\t});\n\t  };<\/p>\n<p>\t  (function() {\n\t\tvar e = document.createElement('script');\n\t\te.src=\"https:\/\/connect.facebook.net\/tr_TR\/all.js\";\n\t\te.async = true;\n\t\tdocument.getElementById('fb-root').appendChild(e);\n\t  }());\n    <\/script><\/p>\n","protected":false},"excerpt":{"rendered":"<p>Kabul, AK Parti Genel Merkezi&#8217;nde bas\u0131na kapal\u0131 ger\u00e7ekle\u015fti. Destici&#8216;yi Genel Merkez&#8217;e geli\u015finde AK Parti Genel Sekreteri Fatih \u015eahin kar\u015f\u0131lad\u0131. Kabul sonras\u0131 bas\u0131n mensuplar\u0131na a\u00e7\u0131klamada bulunan Mustafa Destici, kabulde, partinin 22 Ekim&#8217;de ger\u00e7ekle\u015fecek 12. Ola\u011fan B\u00fcy\u00fck Kongresine davet ilettiklerini s\u00f6yledi. Destici, Filistin ve \u0130srail aras\u0131nda ya\u015fanan ve sava\u015fa d\u00f6n\u00fc\u015fen s\u00fcre\u00e7te sivillere y\u00f6nelik sald\u0131r\u0131lara dikkati \u00e7ekerek, \u0130srail&#8217;in [&hellip;]<\/p>\n","protected":false},"author":1,"featured_media":17140,"comment_status":"","ping_status":"","sticky":false,"template":"","format":"standard","meta":[],"categories":[47],"tags":[],"_links":{"self":[{"href":"https:\/\/kraios.app\/news\/wp-json\/wp\/v2\/posts\/17139"}],"collection":[{"href":"https:\/\/kraios.app\/news\/wp-json\/wp\/v2\/posts"}],"about":[{"href":"https:\/\/kraios.app\/news\/wp-json\/wp\/v2\/types\/post"}],"author":[{"embeddable":true,"href":"https:\/\/kraios.app\/news\/wp-json\/wp\/v2\/users\/1"}],"replies":[{"embeddable":true,"href":"https:\/\/kraios.app\/news\/wp-json\/wp\/v2\/comments?post=17139"}],"version-history":[{"count":0,"href":"https:\/\/kraios.app\/news\/wp-json\/wp\/v2\/posts\/17139\/revisions"}],"wp:featuredmedia":[{"embeddable":true,"href":"https:\/\/kraios.app\/news\/wp-json\/wp\/v2\/media\/17140"}],"wp:attachment":[{"href":"https:\/\/kraios.app\/news\/wp-json\/wp\/v2\/media?parent=17139"}],"wp:term":[{"taxonomy":"category","embeddable":true,"href":"https:\/\/kraios.app\/news\/wp-json\/wp\/v2\/categories?post=17139"},{"taxonomy":"post_tag","embeddable":true,"href":"https:\/\/kraios.app\/news\/wp-json\/wp\/v2\/tags?post=17139"}],"curies":[{"name":"wp","href":"https:\/\/api.w.org\/{rel}","templated":true}]}}