{"id":17105,"date":"2023-10-12T07:37:07","date_gmt":"2023-10-12T07:37:07","guid":{"rendered":"https:\/\/kraios.app\/news\/siyaset\/2023\/10\/12\/cumhur-ittifakinin-yerel-secim-isbirligi-heyetleri-belli-oldu\/"},"modified":"2023-10-12T07:37:07","modified_gmt":"2023-10-12T07:37:07","slug":"cumhur-ittifakinin-yerel-secim-isbirligi-heyetleri-belli-oldu","status":"publish","type":"post","link":"https:\/\/kraios.app\/news\/siyaset\/2023\/10\/12\/cumhur-ittifakinin-yerel-secim-isbirligi-heyetleri-belli-oldu\/","title":{"rendered":"Cumhur \u0130ttifak\u0131&#039;n\u0131n yerel se\u00e7im i\u015fbirli\u011fi heyetleri belli oldu"},"content":{"rendered":"<p>Heyette AK Parti&#8217;den Efkan Ala, Ali \u0130hsan Yavuz ve Yusuf Ziya Y\u0131lmaz, MHP&#8217;den Sadir Durmaz, Feti Y\u0131ld\u0131z ve Muhammed Levent B\u00fclb\u00fcl yer al\u0131yor.<\/p>\n","protected":false},"excerpt":{"rendered":"<p>Heyette AK Parti&#8217;den Efkan Ala, Ali \u0130hsan Yavuz ve Yusuf Ziya Y\u0131lmaz, MHP&#8217;den Sadir Durmaz, Feti Y\u0131ld\u0131z ve Muhammed Levent B\u00fclb\u00fcl yer al\u0131yor.<\/p>\n","protected":false},"author":1,"featured_media":17106,"comment_status":"","ping_status":"","sticky":false,"template":"","format":"standard","meta":[],"categories":[47],"tags":[],"_links":{"self":[{"href":"https:\/\/kraios.app\/news\/wp-json\/wp\/v2\/posts\/17105"}],"collection":[{"href":"https:\/\/kraios.app\/news\/wp-json\/wp\/v2\/posts"}],"about":[{"href":"https:\/\/kraios.app\/news\/wp-json\/wp\/v2\/types\/post"}],"author":[{"embeddable":true,"href":"https:\/\/kraios.app\/news\/wp-json\/wp\/v2\/users\/1"}],"replies":[{"embeddable":true,"href":"https:\/\/kraios.app\/news\/wp-json\/wp\/v2\/comments?post=17105"}],"version-history":[{"count":0,"href":"https:\/\/kraios.app\/news\/wp-json\/wp\/v2\/posts\/17105\/revisions"}],"wp:featuredmedia":[{"embeddable":true,"href":"https:\/\/kraios.app\/news\/wp-json\/wp\/v2\/media\/17106"}],"wp:attachment":[{"href":"https:\/\/kraios.app\/news\/wp-json\/wp\/v2\/media?parent=17105"}],"wp:term":[{"taxonomy":"category","embeddable":true,"href":"https:\/\/kraios.app\/news\/wp-json\/wp\/v2\/categories?post=17105"},{"taxonomy":"post_tag","embeddable":true,"href":"https:\/\/kraios.app\/news\/wp-json\/wp\/v2\/tags?post=17105"}],"curies":[{"name":"wp","href":"https:\/\/api.w.org\/{rel}","templated":true}]}}