{"id":17065,"date":"2023-10-12T01:42:55","date_gmt":"2023-10-12T01:42:55","guid":{"rendered":"https:\/\/kraios.app\/news\/siyaset\/2023\/10\/12\/filistin-halkini-topyekun-cezalandirmayi-amaclayan-fevri-kararlardan-herkes-uzak-durmali\/"},"modified":"2023-10-12T01:42:55","modified_gmt":"2023-10-12T01:42:55","slug":"filistin-halkini-topyekun-cezalandirmayi-amaclayan-fevri-kararlardan-herkes-uzak-durmali","status":"publish","type":"post","link":"https:\/\/kraios.app\/news\/siyaset\/2023\/10\/12\/filistin-halkini-topyekun-cezalandirmayi-amaclayan-fevri-kararlardan-herkes-uzak-durmali\/","title":{"rendered":"Filistin halk\u0131n\u0131 topyekun cezaland\u0131rmay\u0131 ama\u00e7layan fevri kararlardan herkes uzak durmal\u0131"},"content":{"rendered":"<p><\/p>\n<div>\n<p>Cumhurba\u015fkan\u0131 ve AK Parti Genel Ba\u015fkan\u0131 Recep Tayyip Erdo\u011fan, partisinin TBMM Grup Toplant\u0131s\u0131&#8217;nda yapt\u0131\u011f\u0131 konu\u015fmada, T\u00fcrkiye&#8217;nin, 14 May\u0131s 1950&#8217;den sonra 14 May\u0131s 2023&#8217;te, Cumhuriyetinin kurulu\u015funun ilk asr\u0131n\u0131 tamamlarken bir kez daha demokrasisinin g\u00fcc\u00fcn\u00fc t\u00fcm d\u00fcnyaya g\u00f6sterdi\u011fini belirtti.<\/p>\n<p>Bu se\u00e7imlerde milli iradenin \u00fcst\u00fcnl\u00fc\u011f\u00fc anlay\u0131\u015f\u0131ndan taviz vermeden m\u00fccadelelerini y\u00fcr\u00fctt\u00fcklerinde vesayetin de darbelerin de i\u00e7 ve d\u0131\u015f kumpaslar\u0131n da \u00fcstesinden gelebileceklerini ispatlad\u0131klar\u0131n\u0131 ifade eden Erdo\u011fan, &#8220;Cumhur \u0130ttifak\u0131&#8217;n\u0131n bu s\u00fcre\u00e7te sergiledi\u011fi sa\u011flam ve ilkeli duru\u015f, tarihe alt\u0131n harflerle nak\u015folunmu\u015ftur.&#8221; diye konu\u015ftu.<\/p>\n<p>MHP Genel Ba\u015fkan\u0131 Devlet Bah\u00e7eli ba\u015fta olmak \u00fczere Cumhur \u0130ttifak\u0131&#8217;ndaki t\u00fcm ortaklar\u0131na te\u015fekk\u00fcr eden Erdo\u011fan, &#8220;\u0130n\u015fallah T\u00fcrkiye Y\u00fczy\u0131l\u0131 destan\u0131n\u0131, Cumhur \u0130ttifak\u0131 olarak beraberce yazacak ve gelecek nesillere arma\u011fan edece\u011fiz. \u00dclkesinin ve milletinin bekas\u0131, istiklali ve istikbali u\u011frunda verdi\u011fimiz m\u00fccadeleye kat\u0131lmak isteyen herkese, Cumhur \u0130ttifak\u0131&#8217;n\u0131n kap\u0131s\u0131n\u0131n, tabii ortaklar\u0131m\u0131z\u0131n da r\u0131zas\u0131 \u015fart\u0131yla, a\u00e7\u0131k oldu\u011funu belirtmek isterim.&#8221; dedi.<\/p>\n<p class=\"videoWrapper\">\n<div class=\"jeg_video_container jeg_video_content\"><iframe loading=\"lazy\" title=\"Cumhurba\u015fkan\u0131 Erdo\u011fan: Filistin halk\u0131n\u0131 cezaland\u0131rmay\u0131 ama\u00e7layan kararlardan herkes uzak durmal\u0131\" width=\"500\" height=\"281\" src=\"https:\/\/www.youtube.com\/embed\/pWQEmekD88g?feature=oembed\" frameborder=\"0\" allow=\"accelerometer; autoplay; clipboard-write; encrypted-media; gyroscope; picture-in-picture; web-share\" allowfullscreen><\/iframe><\/div>\n<p>&amp;amp;amp;amp;amp;amp;amp;amp;amp;amp;amp;amp;amp;amp;amp;amp;amp;amp;amp;amp;amp;amp;amp;amp;amp;amp;amp;amp;amp;amp;amp;lt;br class=&#8221;k-br&#8221; \/&amp;amp;amp;amp;amp;amp;amp;amp;amp;amp;amp;amp;amp;amp;amp;amp;amp;amp;amp;amp;amp;amp;amp;amp;amp;amp;amp;amp;amp;amp;amp;gt;<\/iframe><\/p>\n<h3>&#8220;Gazi Meclisimize h\u00fcrmetsizlik ediyorlar&#8221;<\/h3>\n<p>Cumhurba\u015fkan\u0131 Erdo\u011fan, AK Parti&#8217;nin, kurulu\u015fundan bug\u00fcne girdi\u011fi her se\u00e7imde oldu\u011fu gibi, 14 ve 28 May\u0131s se\u00e7imlerinde de oylar\u0131yla, dualar\u0131yla, destekleriyle yanlar\u0131nda olan milletin t\u00fcm fertlerine, d\u00fcnyan\u0131n d\u00f6rt bir yan\u0131ndaki t\u00fcm karde\u015flerine te\u015fekk\u00fcr etti.<\/p>\n<p>\u00d6zellikle deprem b\u00f6lgesindeki vatanda\u015flar\u0131n, s\u0131rf sand\u0131ktaki tercihlerinden dolay\u0131 maruz kald\u0131klar\u0131 al\u00e7ak\u00e7a hakaretler kar\u015f\u0131s\u0131nda sergiledi\u011fi vakur tavr\u0131 asla unutmayacaklar\u0131n\u0131 dile getiren Erdo\u011fan, \u015funlar\u0131 kaydetti:<\/p>\n<p>&#8220;Kendilerinden ba\u015fka kimseye tahamm\u00fcl\u00fc olmayan fa\u015fist zihniyet, bu son hezeyan\u0131n\u0131n bedelini may\u0131s se\u00e7imlerinde oldu\u011fu gibi, in\u015fallah 2024 mart mahalli idareler se\u00e7imlerinde de \u00f6deyecektir. Anadolu insan\u0131n\u0131n ferasetinden ve basiretinden nasibini almam\u0131\u015f olanlar, su\u00e7u kendilerinde aramak yerine hala millete y\u00fcklemeye kalk\u0131yor. Meclis \u00e7at\u0131s\u0131 alt\u0131nda ni\u00e7in yer bulamad\u0131klar\u0131n\u0131 sorgulamak yerine, milli iradenin temsilcisi olan Gazi Meclisimize h\u00fcrmetsizlik ediyorlar. Tercihini \u00fclkesinin ve kendinin gelece\u011fi i\u00e7in en do\u011frusundan yana yapma iradesini g\u00f6steren milletin asil evlatlar\u0131n\u0131 a\u015fa\u011f\u0131layarak, tahkir ve tahrik ederek iktidara gelece\u011fini sananlar, bir kez daha h\u00fcsrana u\u011fram\u0131\u015ft\u0131r. Kimse, hi\u00e7bir partiye ve adaya &#8216;t\u0131p\u0131\u015f t\u0131p\u0131\u015f oy vermek&#8217; mecburiyetinde olmad\u0131\u011f\u0131n\u0131 g\u00f6stermi\u015ftir.&#8221;<\/p>\n<h3>&#8220;Adamlar bilirim dolduramam\u0131\u015f\/Dolduramayacak koltu\u011funu&#8230;&#8221;<\/h3>\n<p>Cumhurba\u015fkan\u0131 Erdo\u011fan, millete sayg\u0131s\u0131 olmayan\u0131n kendisinin de sayg\u0131y\u0131 hak etmedi\u011fini belirterek, bu konuda Arif Nihat Asya&#8217;n\u0131n &#8220;Adamlar bilirim s\u00f6n\u00fck\/Adamlar bilirim \u00e7\u00fcr\u00fck\/Adamlar bilirim rozetleri\/Y\u00fcreklerinden b\u00fcy\u00fck. Adamlar bilirim anlamam\u0131\u015f\/Anlamayacak ne oldu\u011funu\/Adamlar bilirim dolduramam\u0131\u015f\/Dolduramayacak koltu\u011funu. Sabahlar bilirim, \u00f6\u011flenler\/\u0130kindiler, ak\u015famlar bilirim\/Ve g\u00fcnlerin gecelerin\/D\u0131\u015f\u0131nda ya\u015fayan adamlar bilirim.&#8221; dizelerini aktard\u0131.<\/p>\n<p>Sadece g\u00fcnlerin ve gecelerin de\u011fil, \u00fclkeye ve millete dair ne varsa her t\u00fcrl\u00fc derdin, tasan\u0131n, \u00e7ilenin, gayretin d\u0131\u015f\u0131nda ya\u015fayan adamlar bildiklerini ifade eden Erdo\u011fan, s\u00f6zlerini \u015f\u00f6yle s\u00fcrd\u00fcrd\u00fc:<\/p>\n<p>&#8220;Se\u00e7imden sonra olup bitenleri, verilen koltuk kavgalar\u0131n\u0131, yap\u0131lan kirli pazarl\u0131klar\u0131 hep birlikte g\u00f6r\u00fcyoruz. Allah kimseyi b\u00f6yle bir duruma d\u00fc\u015f\u00fcrmesin diyoruz. Hep s\u00f6yledi\u011fimiz gibi biz be\u015feri planda milletin g\u00fcc\u00fcnden daha b\u00fcy\u00fck g\u00fc\u00e7 g\u00f6rmedik, tan\u0131mad\u0131k, bilmiyoruz. AK Parti&#8217;nin 3 Kas\u0131m 2002&#8217;den 14 ve 28 May\u0131s 2023&#8217;e kadar girdi\u011fi her se\u00e7imde bu hakikati bizzat ya\u015fad\u0131k. Ayn\u0131 \u015fekilde vesayetle ve ter\u00f6rle m\u00fccadelemizden 15 Temmuz \u015fanl\u0131 direni\u015fimize kadar maruz kald\u0131\u011f\u0131m\u0131z her sald\u0131r\u0131da bu hakikati tecr\u00fcbe ettik.&#8221;<\/p>\n<h3>&#8220;Bu ba\u011f\u0131 ne kadar kuvvetli tutarsak, sand\u0131kta o derece yenilmez oluruz&#8221;<\/h3>\n<p>Cumhurba\u015fkan\u0131 Erdo\u011fan, AK Parti&#8217;nin g\u00fcc\u00fc, milletle olan g\u00f6n\u00fcl ba\u011f\u0131n\u0131n g\u00fcc\u00fc kadar oldu\u011funa dikkati \u00e7ekerek, &#8220;Bu ba\u011f\u0131 ne kadar kuvvetli tutarsak, sand\u0131kta o derece yenilmez oluruz. Bu ba\u011f\u0131 zay\u0131flatt\u0131\u011f\u0131m\u0131zda ise kendi elimizle kendi hazin ak\u0131betimizi haz\u0131rlam\u0131\u015f oluruz.&#8221; diye konu\u015ftu.<\/p>\n<p>AK Parti Genel Merkezi, kad\u0131n ve gen\u00e7lik kollar\u0131, milletvekilleri, belediye ba\u015fkanlar\u0131, il ve il\u00e7e te\u015fkilatlar\u0131, \u00fcyeleriyle bu ger\u00e7e\u011fi bir an bile ak\u0131llar\u0131ndan \u00e7\u0131karmadan \u00e7al\u0131\u015fmalar\u0131n\u0131 y\u00fcr\u00fcteceklerini ifade eden Erdo\u011fan, \u015fu de\u011ferlendirmelerde bulundu:<\/p>\n<p>&#8220;Aksi takdirde, yolunu \u015fa\u015f\u0131r\u0131p bizden uza\u011fa d\u00fc\u015fenlere ve onlar\u0131n s\u0131\u011f\u0131nd\u0131\u011f\u0131 tek parti fa\u015fizminin temsilcisi olan partiye benzeriz. Allah sadece bizi de\u011fil, herkesi b\u00f6yle bir kabusun i\u00e7ine d\u00fc\u015fmekten korusun. Kimseye yar olmam\u0131\u015f bu g\u00f6k kubbede b\u0131rakaca\u011f\u0131m\u0131z ho\u015f sedalar ne kadar \u00e7ok olursa, gelecek nesillerden o derece samimi hay\u0131r dua alaca\u011f\u0131m\u0131za inan\u0131yorum. Sizlerden de \u00e7al\u0131\u015fmalar\u0131n\u0131z\u0131 bu anlay\u0131\u015fla y\u00fcr\u00fctmenizi istiyorum. \u00d6n\u00fcm\u00fczdeki d\u00f6nemde T\u00fcrkiye Y\u00fczy\u0131l\u0131&#8217;n\u0131n in\u015fas\u0131na verece\u011finiz katk\u0131lar i\u00e7in \u015fimdiden sizlere te\u015fekk\u00fcr ediyorum.&#8221;<\/p>\n<p>Erdo\u011fan, ge\u00e7en hafta demokrasi \u015f\u00f6leni havas\u0131 i\u00e7inde ger\u00e7ekle\u015ftirdikleri AK Parti 4&#8217;\u00fcnc\u00fc Ola\u011fan\u00fcst\u00fc B\u00fcy\u00fck Kongresi&#8217;nde Merkez Karar ve Y\u00f6netim Kuruluna (MKYK), Merkez Disiplin Kuruluna, Parti \u0130\u00e7i Demokrasi Hakem Kuruluna, Siyasi Erdem ve Etik Kuruluna se\u00e7ilenleri tebrik etti.<\/p>\n<p>MKYK&#8217;de, Genel Merkezde halen g\u00f6rev \u00fcstlenenler d\u0131\u015f\u0131nda milletvekillerine yer vermediklerine dikkati \u00e7eken Erdo\u011fan, hem illerindeki yo\u011fun \u00e7al\u0131\u015fmalar\u0131 hem Meclis faaliyetleri sebebiyle zaten a\u011f\u0131r bir y\u00fck alt\u0131nda olan milletvekillerine, se\u00e7imlerde ilave g\u00f6revlendirmeler de yapt\u0131klar\u0131n\u0131 belirtti.<\/p>\n<p>Milletvekillerine seslenen Erdo\u011fan, &#8220;Sizler, milletin temsilcisi ve AK Parti Milletvekili konumunuzla, Genel Merkezimizin t\u00fcm faaliyetlerinin tabii bir par\u00e7as\u0131 olarak, s\u0131fatlar\u0131n en y\u00fccesine sahipsiz.&#8221; diye konu\u015ftu.<\/p>\n<p>MKYK&#8217;yi daha geni\u015f bir yelpazeye yayarak, Genel Merkezin temsil alan\u0131n\u0131 geni\u015fletme ve \u00fclkenin tamam\u0131nda daha etkin \u00e7al\u0131\u015fmalar y\u00fcr\u00fctmesine imkan sa\u011flama d\u00fc\u015f\u00fcncesiyle hareket ettiklerini anlatan Erdo\u011fan, 2024 se\u00e7imlerine bu MKYK ve MYK ile haz\u0131rlanacaklar\u0131n\u0131, vakti geldi\u011finde yapacaklar\u0131 ola\u011fan kongrede ise Genel Merkez y\u00f6netimini, performans ve temsil odakl\u0131 bir anlay\u0131\u015fla tekrar g\u00f6zden ge\u00e7ireceklerini dile getirdi.<\/p>\n<p>Bu s\u00fcre\u00e7teki en \u00f6nemli kriterlerinin, gelecek y\u0131l mart ay\u0131nda yap\u0131lacak belediye ba\u015fkanl\u0131\u011f\u0131 se\u00e7iminde elde edilecek sonu\u00e7lar olaca\u011f\u0131n\u0131 vurgulayan Erdo\u011fan, \u015funlar\u0131 s\u00f6yledi:<\/p>\n<p>&#8220;Mevcut belediyelerimizi daha g\u00fc\u00e7l\u00fc bir \u015fekilde elde tutarken, \u0130stanbul ve Ankara ba\u015fta olmak \u00fczere yeni \u015fehirlerle milletimizi &#8216;ger\u00e7ek belediyecilikle&#8217; tan\u0131\u015ft\u0131rana kadar bize durmak, duraksamak yoktur. Sizlerin, may\u0131s se\u00e7imlerinin ard\u0131ndan yaz d\u00f6neminde de k\u00f6y k\u00f6y, mahalle mahalle, il\u00e7e il\u00e7e, \u015fehir \u015fehir dola\u015ft\u0131\u011f\u0131n\u0131z\u0131, hem te\u015fkilat\u0131m\u0131zla, hem vatanda\u015flar\u0131m\u0131zla kucakla\u015ft\u0131\u011f\u0131n\u0131z\u0131 biliyorum. S\u00f6z\u00fcne, \u015fikayetine, talebine kulak verdi\u011fimiz, derdine derman olmak i\u00e7in samimi gayret g\u00f6stererek g\u00f6nl\u00fcne girdi\u011fimiz her vatanda\u015f\u0131m\u0131z, bizim i\u00e7in bir kazan\u00e7t\u0131r. Bu s\u00fcre\u00e7te bakanlar\u0131m\u0131z da 81 vilayetimize adeta \u00e7\u0131karma yapt\u0131lar, milletvekillerimiz, te\u015fkilatlar\u0131m\u0131z ve milletimizle isti\u015fareler ger\u00e7ekle\u015ftirdiler. Verimini hep birlikte g\u00f6rd\u00fc\u011f\u00fcm\u00fcz \u015fehir bulu\u015fmalar\u0131m\u0131z\u0131 devam ettirece\u011fiz.&#8221;<\/p>\n<h3>&#8220;Koltuklar\u0131n\u0131, \u00e7\u0131karlar\u0131n\u0131 ve siyasi ikballerini korumaktan ba\u015fka bir dertleri yok&#8221;<\/h3>\n<p>Erdo\u011fan, seferberlik ruhuyla ko\u015fturarak, 783 bin kilometrekarelik vatan topra\u011f\u0131n\u0131n hi\u00e7bir k\u00f6\u015fesinde ayak basmad\u0131k yer b\u0131rakmayacaklar\u0131n\u0131 ifade ederek, milletvekillerinin de Meclis \u00e7al\u0131\u015fmalar\u0131ndan arta kalan g\u00fcnlerini mutlaka se\u00e7im b\u00f6lgelerinde de\u011ferlendirmelerinin \u00e7ok \u00f6nemli oldu\u011funu ifade etti.<\/p>\n<p>Cumhurba\u015fkan\u0131 Erdo\u011fan, \u015f\u00f6yle devam etti:<\/p>\n<p>&#8220;\u200b\u200bNe siyasette ne kamuoyunda ne \u015fehirlerimizin g\u00fcndeminde en k\u00fc\u00e7\u00fck bir bo\u015flu\u011fa meydan vermeyece\u011fiz. Unutmay\u0131n\u0131z, bizim b\u0131rakt\u0131\u011f\u0131m\u0131z her bo\u015fluk, muhalefetin yalanlar\u0131 ve iftiralar\u0131yla doldurulacakt\u0131r. T\u00fcrkiye&#8217;ye 21 y\u0131lda as\u0131rl\u0131k eser ve hizmetler kazand\u0131rm\u0131\u015f, demokrasi ve kalk\u0131nma at\u0131l\u0131mlar\u0131 yapt\u0131rm\u0131\u015f, \u00e7a\u011f atlatm\u0131\u015f bir kadro olarak, bize yak\u0131\u015fan neyse onu yapaca\u011f\u0131z. Muhalefet kadrolar\u0131n\u0131n milletten kopuk, daha \u00e7ok i\u00e7 m\u00fccadeleye d\u00f6n\u00fck, \u00fclkenin sorunlar\u0131na ilgisiz, lakayt, \u00fcretken de\u011fil \u00e7\u0131\u011f\u0131rtkan tavr\u0131 sizleri \u015fa\u015f\u0131rtmas\u0131n. Bunlar hep b\u00f6yleydi. Sadece, iyi birer tiyatro oyuncusu olduklar\u0131 i\u00e7in d\u0131\u015far\u0131ya kar\u015f\u0131 farkl\u0131 bir duru\u015f ve s\u00f6ylem sergiliyorlard\u0131. Bunlar\u0131n g\u00fcndeminde sadece belediyelerinin asans\u00f6rlerine kimin binece\u011fi vard\u0131. Bug\u00fcn de koltuklar\u0131n\u0131, \u00e7\u0131karlar\u0131n\u0131 ve siyasi ikballerini korumaktan ba\u015fka bir dertleri yok.&#8221;<\/p>\n<h3>&#8220;S\u00fcrprizi kar\u015f\u0131m\u0131zdakilere ya\u015fatmak istiyoruz&#8221;<\/h3>\n<p>Cumhurba\u015fkan\u0131 Erdo\u011fan, hazirandan bu yana AK Parti ile ana muhalefet partisi CHP&#8217;nin yapt\u0131\u011f\u0131 \u00e7al\u0131\u015fmalara ili\u015fkin bir video izletti. Daha sonra Erdo\u011fan, \u015funlar\u0131 kaydetti:<\/p>\n<p>&#8220;\u00dcstelik tek parti fa\u015fizminin temsilcilerinin bu kifayetsiz muhterislik \u00f6rnekleri yeni de de\u011fildir. Milletin \u00f6n\u00fcne \u00e7eyrek as\u0131r boyunca hi\u00e7 sand\u0131k koymayan, ilk koydu\u011funda da &#8216;a\u00e7\u0131k oy gizli tasnif&#8217; y\u00f6ntemini kullanan, milletin tercihiyle ba\u015fa gelmi\u015f Ba\u015fbakan\u0131 asan, darbelere alk\u0131\u015f tutan bir zihniyetten s\u00f6z ediyoruz. Hat\u0131rlay\u0131n\u0131z; rahmetli Menderes, \u00fclke ve millet i\u00e7in ne yapt\u0131ysa, bunlara ra\u011fmen yapt\u0131. Rahmetli \u00d6zal, tarihe damgas\u0131n\u0131 vuran reformlar\u0131n\u0131 bunlara ra\u011fmen ger\u00e7ekle\u015ftirdi. Biz de 21 y\u0131ld\u0131r sessiz devrimlerimizi, kalk\u0131nma at\u0131l\u0131mlar\u0131m\u0131z\u0131 hep bunlara ra\u011fmen hayata ge\u00e7irdik.<\/p>\n<p>Siyaset, \u015fayet siz \u00fczerinize d\u00fc\u015fenleri hakk\u0131yla yapmazsan\u0131z, daima s\u00fcrprizlere a\u00e7\u0131k bir aland\u0131r. Belediye ba\u015fkanl\u0131\u011f\u0131 se\u00e7imlerinde bu t\u00fcr s\u00fcrprizler ya\u015fad\u0131k. \u00d6n\u00fcm\u00fczdeki se\u00e7imlerde, her \u015feyi olmas\u0131 gerekti\u011fi \u015fekilde yaparak, s\u00fcrprizi kar\u015f\u0131m\u0131zdakilere ya\u015fatmak istiyoruz. Bu konuda en b\u00fcy\u00fck g\u00f6rev de sizlere d\u00fc\u015f\u00fcyor. \u00d6n\u00fcm\u00fczdeki s\u00fcreci, &#8216;\u00f6nce \u00fclkem, \u00f6nce memleketim, \u00f6nce partim&#8217; anlay\u0131\u015f\u0131yla y\u00fcr\u00fct\u00fcrsek, hep birlikte kazan\u0131r\u0131z. &#8216;\u00d6nce ben, \u00f6nce benim \u00e7\u0131karlar\u0131m, hesaplar\u0131m, \u00f6nceliklerim&#8217; diyenlerin ise kar\u015f\u0131m\u0131zdakilerden fark\u0131 kalmaz. Bu konuda her birinize g\u00fcveniyorum, inan\u0131yorum.&#8221;<\/p>\n<h3><img decoding=\"async\" alt=\"\" src=\"https:\/\/www.aa.com.tr\/uploads\/userFiles\/7e80dc7f-a011-4033-a881-3a6b5b580d82\/AA-32371008.jpg\"\/><\/h3>\n<h3\/>\n<p>Erdo\u011fan, milletten \u00fclkeyi y\u00f6netme vazifesini al\u0131rken \u00e7ok geni\u015f bir alanda sorumluluk \u00fcstlendiklerinin bilincinde olduklar\u0131n\u0131, bunun i\u00e7in sadece i\u00e7 siyasetin tart\u0131\u015fmalar\u0131na ve hesaplar\u0131na s\u0131k\u0131\u015ft\u0131racak her t\u00fcrl\u00fc tuzaktan, polemikten, \u00e7eki\u015fmeden uzak durduklar\u0131n\u0131 belirtti.<\/p>\n<p>Son d\u00f6nemde vatanda\u015flar\u0131n can\u0131n\u0131 en \u00e7ok yakan ve s\u0131kan konunun hayat pahal\u0131l\u0131\u011f\u0131 oldu\u011funu vurgulayan Erdo\u011fan, esasen her \u00fclkenin kendi ger\u00e7eklerine g\u00f6re farkl\u0131 seviyelerde seyreden enflasyondaki y\u00fcksek oranl\u0131 art\u0131\u015flar\u0131n, t\u00fcm d\u00fcnyan\u0131n sorunu oldu\u011funu kaydetti.<\/p>\n<p>Erdo\u011fan, &#8220;T\u00fcrkiye olarak biz de birden fazla fakt\u00f6r\u00fcn \u00fcst \u00fcste gelmesiyle, bu sorundan ciddi \u015fekilde muzdarip durumday\u0131z. \u00dclkemizi b\u00fcy\u00fctme \u00fczerine kurulu temel ekonomik stratejimizden asla taviz vermeden, yeni yol ve y\u00f6ntemlerle, enflasyonun ve yol a\u00e7t\u0131\u011f\u0131 s\u0131k\u0131nt\u0131lar\u0131n \u00fcstesinden gelecek bir program uyguluyoruz.&#8221; diye konu\u015ftu.<\/p>\n<p>Cumhurba\u015fkan\u0131 Erdo\u011fan, bu program\u0131n ba\u015far\u0131s\u0131n\u0131n ancak devlet kurumlar\u0131 yan\u0131nda \u00fcreticisinden toptanc\u0131s\u0131na, perakendecisinden t\u00fcketicisine, \u00e7al\u0131\u015fan\u0131ndan kendi ad\u0131na al\u0131m-sat\u0131m yapan\u0131na kadar t\u00fcm kesimleriyle 85 milyonun tamam\u0131n\u0131n fedakarl\u0131\u011f\u0131 ve kararl\u0131l\u0131\u011f\u0131yla m\u00fcmk\u00fcn oldu\u011funu s\u00f6yledi.<\/p>\n<p>T\u00fcrkiye&#8217;deki hayat pahal\u0131l\u0131\u011f\u0131n\u0131n, bilhassa baz\u0131 alanlarda, ne enflasyonla ne d\u00f6viz kuruyla ne de ba\u015fka bir ak\u0131lc\u0131 sebeple izah edilemeyecek seviyelere ula\u015ft\u0131\u011f\u0131n\u0131 kaydeden Erdo\u011fan, &#8220;Sadece, belirsizlik ortam\u0131n\u0131 f\u0131rsat bilip \u00fc\u00e7 kuru\u015f daha fazla kazanmak u\u011fruna \u00fclkesine bu k\u00f6t\u00fcl\u00fc\u011f\u00fc yapanlar, asl\u0131nda kendi geleceklerini sabote ettiklerini bilmelidir. Biz, g\u00fcven ve istikrar iklimini g\u00fc\u00e7lendirdik\u00e7e, bu f\u0131rsat\u00e7\u0131lar\u0131n foyalar\u0131 daha net bir \u015fekilde d\u00f6k\u00fclmektedir. Milletimden bu f\u0131rsat\u00e7\u0131lara hak ettikleri cevab\u0131, gerekti\u011finde mal\u0131n\u0131 sat\u0131n almayarak, gerekti\u011finde hizmetini ba\u015fka yerlerden temine y\u00f6nelerek ama her seferinde mutlaka yap\u0131lan ahlaks\u0131zl\u0131\u011f\u0131 if\u015fa ederek vermesini istiyorum. Otomobilden konuta, kiradan g\u0131daya pek \u00e7ok alanda ya\u015fanan dengesiz fiyatlamalar\u0131n \u00f6n\u00fcne ancak bu \u015fekilde ge\u00e7ebiliriz.&#8221; de\u011ferlendirmesinde bulundu.<\/p>\n<p>Erdo\u011fan, h\u00fck\u00fcmet olarak, ald\u0131klar\u0131 tedbirlerin etkilerini yava\u015f yava\u015f g\u00f6rmeye ba\u015flad\u0131klar\u0131n\u0131; milletin de m\u00fccadeleye destek vermesiyle s\u00fcrecin daha da h\u0131zlanaca\u011f\u0131n\u0131 bildirdi.<\/p>\n<h3>&#8220;\u0130n\u015fas\u0131 tamamlanan konutlar\u0131 hak sahiplerine teslim etmeye ba\u015flayaca\u011f\u0131z&#8221;<\/h3>\n<p>Emeklilerin ya\u015fad\u0131\u011f\u0131 s\u0131k\u0131nt\u0131lar\u0131 bir nebze de olsa hafifletmek i\u00e7in, kas\u0131m ay\u0131n\u0131n ortas\u0131nda \u00f6denecek \u015fekilde, bir defaya mahsus 5 bin lira ikramiye \u00f6demesi yapmay\u0131 kararla\u015ft\u0131rd\u0131klar\u0131n\u0131 an\u0131msatan Erdo\u011fan, &#8220;Hem \u00e7al\u0131\u015fanlar\u0131m\u0131z\u0131n hem de emeklilerimizin maa\u015flar\u0131nda, enflasyon fark\u0131 ve refah pay\u0131n\u0131 i\u00e7eren yeni d\u00fczenlemeleri y\u0131lba\u015f\u0131nda ayr\u0131ca yapaca\u011f\u0131z. Emekliklerimizle ilgili ald\u0131\u011f\u0131m\u0131z karar\u0131n tekrar hay\u0131rl\u0131 olmas\u0131n\u0131 diliyorum.&#8221; diye konu\u015ftu.<\/p>\n<p>Deprem b\u00f6lgesinin ihya ve in\u015fa \u00e7al\u0131\u015fmalar\u0131n\u0131 da yak\u0131ndan takip ettiklerini hat\u0131rlatan Erdo\u011fan, \u015fehirleri yeniden aya\u011fa kald\u0131rmak i\u00e7in hem rezerv alanlarda hem de yerinde d\u00f6n\u00fc\u015f\u00fcm \u00e7al\u0131\u015fmalar\u0131n\u0131 s\u00fcratlendirdiklerinin bilgisini verdi.<\/p>\n<p>Ge\u00e7ici bar\u0131nma alanlar\u0131ndaki vatanda\u015flar\u0131 bir an \u00f6nce sa\u011flam, g\u00fcvenli, huzurlu evlerine kavu\u015fturmak i\u00e7in devletin t\u00fcm imkanlar\u0131n\u0131 seferber ettiklerini s\u00f6yleyen Erdo\u011fan, &#8220;\u0130n\u015fallah \u00f6n\u00fcm\u00fczdeki aylardan itibaren, in\u015fas\u0131 tamamlanan konutlar\u0131 hak sahiplerine teslim etmeye ba\u015flayaca\u011f\u0131z.&#8221; dedi.<\/p>\n<h3>&#8220;Biz bu co\u011frafyan\u0131n ve medeniyetin hanc\u0131s\u0131y\u0131z, yolcusu de\u011fil&#8221;<\/h3>\n<p>G\u00fcndemdeki bir ba\u015fka meselenin de s\u0131n\u0131rlar\u0131 tehdit eden ter\u00f6r \u00f6rg\u00fctleriyle m\u00fccadele oldu\u011funun alt\u0131n\u0131 \u00e7izen Erdo\u011fan, Irak&#8217;\u0131n ve Suriye&#8217;nin kuzeyindeki inlerinden T\u00fcrkiye&#8217;ye sald\u0131rma haz\u0131rl\u0131\u011f\u0131 yapan, T\u00fcrkiye&#8217;nin b\u00f6lgedeki unsurlar\u0131n\u0131 taciz eden ter\u00f6ristlere nefes ald\u0131rmad\u0131klar\u0131n\u0131 s\u00f6yledi.<\/p>\n<p>Hava harekatlar\u0131yla, top\u00e7u birlikleriyle, gerekti\u011finde kara unsurlar\u0131yla her an ter\u00f6ristlerin tepelerinde olduklar\u0131n\u0131 vurgulayan Erdo\u011fan, \u015f\u00f6yle konu\u015ftu:<\/p>\n<p>&#8220;Bir s\u00fcredir y\u00fcr\u00fctt\u00fc\u011f\u00fcm\u00fcz yo\u011fun hava operasyonlar\u0131n\u0131 daha da art\u0131rarak, ter\u00f6r \u00f6rg\u00fct\u00fc mensuplar\u0131n\u0131, onlar\u0131 her an ve her yerde imha edece\u011fimizi g\u00f6stererek devam ettirece\u011fiz. Bu m\u00fccadelemizde, ter\u00f6ristlerin yan\u0131nda yer alarak bize zarar verenlere cevab\u0131m\u0131z\u0131 \u00f6n\u00fcnde sonunda verece\u011fimizden kimsenin \u015f\u00fcphesi olmas\u0131n. K\u00f6rfez Sava\u015f\u0131 d\u00f6neminden kalma hesaplar\u0131n\u0131 Suriye&#8217;deki ter\u00f6r \u00f6rg\u00fct\u00fcne arka \u00e7\u0131karak s\u00fcrd\u00fcrmeye \u00e7al\u0131\u015fanlar\u0131n, art\u0131k ortak milli \u00e7\u0131karlar\u0131m\u0131z\u0131n gerektirdi\u011fi akl\u0131selim politikalara d\u00f6neceklerini umut ediyoruz. T\u00fcrkiye, m\u00fcttefiklik ili\u015fkileri i\u00e7inde oldu\u011fu her devletin ve kurumun hukukuna sayg\u0131l\u0131d\u0131r, onlardan da ayn\u0131 \u015fekilde kendi hukukuna sayg\u0131 g\u00f6stermelerini beklemektedir. \u015eayet bu denge kurulamazsa, o zaman herkesin kendi politikalar\u0131n\u0131 belirleme ve kendi yolunu \u00e7izme opsiyonu me\u015fru hak haline d\u00f6n\u00fc\u015f\u00fcr. Biz samimiyetle, m\u00fcttefiklerimizle birlikte g\u00fcvenli, huzurlu, m\u00fcreffeh bir ortak gelece\u011fe y\u00fcr\u00fcmek istiyoruz.<\/p>\n<p>Bu \u00fclkeye art\u0131k dayatmalarla, gizli-a\u00e7\u0131k siyasi oyunlarla, sinsi ekonomik tuzaklarla istikamet \u00e7izilemeyece\u011fini herkesin kabul etmesi \u015fart. Hala mandac\u0131l\u0131k hayalleri g\u00f6renleri, e\u015fit ortakl\u0131k temelinde yeni bir siyasi, diplomatik, ekonomik ili\u015fki modelini \u00f6z\u00fcmsemeye ve gere\u011fini yerine getirmeye davet ediyoruz. Biz, tam bin y\u0131ld\u0131r bu topraklarda bedel \u00f6deyerek ya\u015f\u0131yoruz. Biz bu co\u011frafyan\u0131n ve medeniyetin hanc\u0131s\u0131y\u0131z, yolcusu de\u011fil. Burada yolcu durumunda olanlar\u0131n, konumlar\u0131n\u0131 bir kez daha g\u00f6zden ge\u00e7irmeleri ve ona g\u00f6re davranmaya ba\u015flamalar\u0131 kendi menfaatlerinedir.&#8221;<\/p>\n<p>Erdo\u011fan, T\u00fcrkiye&#8217;nin etnik k\u00f6ken, inan\u00e7 ve mezhep farkl\u0131l\u0131\u011f\u0131, siyasi ve sosyal \u00e7\u0131kar \u00e7at\u0131\u015fmalar\u0131 bak\u0131m\u0131ndan d\u00fcnyan\u0131n en k\u0131r\u0131lgan b\u00f6lgesinde yer ald\u0131\u011f\u0131n\u0131 belirtti.<\/p>\n<p>\u0130bn Haldun&#8217;un &#8220;Co\u011frafya kaderdir&#8221; tespitinin de bu tablonun en yal\u0131n ve \u00e7arp\u0131c\u0131 ifadesi oldu\u011funa i\u015faret eden Erdo\u011fan, &#8220;Tarihimizi ve co\u011frafyam\u0131z\u0131, bunlar\u0131n bize y\u00fckledi\u011fi kaderimizi de\u011fi\u015ftiremeyece\u011fimize, b\u00f6yle bir niyetimiz de olmad\u0131\u011f\u0131na g\u00f6re mevcut \u015fartlar\u0131n elverdi\u011fi en iyi, en do\u011fru, en g\u00fcvenli yolu izlememiz \u015fartt\u0131r. Rusya-Ukrayna sava\u015f\u0131ndan Kafkasya&#8217;daki \u00e7at\u0131\u015fmalara, Balkanlar&#8217;daki gerilimlerden Akdeniz&#8217;deki \u00e7eki\u015fmelere kadar \u00e7evremizdeki t\u00fcm hadiseleri bu anlay\u0131\u015fla de\u011ferlendiriyoruz.&#8221; ifadesini kulland\u0131.<\/p>\n<p>Son g\u00fcnlerde Filistin ve \u0130srail topraklar\u0131nda ya\u015fanan, Golan Tepeleri&#8217;ne yay\u0131lma e\u011filimi g\u00f6steren geli\u015fmeleri de takip ettiklerini aktaran Erdo\u011fan, hem ter\u00f6rle m\u00fccadelede hem de b\u00f6lgedeki t\u00fcm sava\u015f ve \u00e7at\u0131\u015fmalardaki tav\u0131rlar\u0131n\u0131n a\u00e7\u0131k oldu\u011funu vurgulad\u0131.<\/p>\n<p>Sivillere y\u00f6nelik hi\u00e7bir eylemi, sivil yerle\u015fimleri hedef alan hi\u00e7bir sald\u0131r\u0131y\u0131 do\u011fru bulmad\u0131klar\u0131n\u0131 dile getiren Erdo\u011fan, sava\u015f\u0131n da bir ahlak\u0131 oldu\u011funa, taraflar\u0131n buna riayet etmesi gerekti\u011fine inand\u0131klar\u0131n\u0131 belirtti. \u0130srail ve Gazze&#8217;deki \u00e7at\u0131\u015fmalarda bu ilkenin \u00e7ok a\u011f\u0131r bir \u015fekilde ihlal edildi\u011finin alt\u0131n\u0131 \u00e7izen Erdo\u011fan, \u015f\u00f6yle devam etti:<\/p>\n<p>&#8220;\u0130srail topraklar\u0131ndaki sivillerin \u00f6ld\u00fcr\u00fclmesine a\u00e7\u0131k\u00e7a kar\u015f\u0131 \u00e7\u0131k\u0131yoruz. Ayn\u0131 \u015fekilde, Gazze&#8217;deki masumlar\u0131n hi\u00e7bir ayr\u0131m g\u00f6zetilmeden s\u00fcrekli bombard\u0131mana maruz b\u0131rak\u0131larak katledilmelerini de asla kabul etmiyoruz. Bir \u015fehrin suyunu, elektri\u011fini, giri\u015f-\u00e7\u0131k\u0131\u015flar\u0131n\u0131 kesip altyap\u0131s\u0131n\u0131 \u00e7\u00f6kerterek, camisinden kilisesine t\u00fcm ibadethanelerini, okullar\u0131n\u0131 y\u0131karak, insanlar\u0131n en temel insani ihtiya\u00e7lar\u0131na eri\u015fmesini engelleyerek, i\u00e7inde sivillerin ya\u015fad\u0131\u011f\u0131 binalar\u0131 bombalarla yerle yeksan ederek, velhas\u0131l her t\u00fcrl\u00fc utan\u00e7 verici y\u00f6ntemle y\u00fcr\u00fct\u00fclen bir \u00e7at\u0131\u015fma, sava\u015f de\u011fil katliamd\u0131r. Gazze&#8217;ye y\u00f6nelik orant\u0131s\u0131z ve her t\u00fcrl\u00fc ahlaki temelden yoksun sald\u0131r\u0131lar\u0131, d\u00fcnya kamuoyu nezdinde \u0130srail&#8217;i hi\u00e7 beklemedi\u011fi ve istenmeyen bir konuma itebilir. Sivil yerle\u015fimleri bombalamak, sivil insanlar\u0131 kasten \u00f6ld\u00fcrmek, b\u00f6lgeye insani yard\u0131m getiren ara\u00e7lar\u0131 engellemek, \u00fcstelik b\u00fct\u00fcn bunlar\u0131 maharet gibi sunmaya kalkmak, devlet de\u011fil ancak \u00f6rg\u00fct refleksi olabilir. \u0130srail, devlet gibi de\u011fil \u00f6rg\u00fct gibi davran\u0131rsa, sonunda \u00f6rg\u00fct gibi muamele g\u00f6rmeye ba\u015flayaca\u011f\u0131n\u0131 unutmamal\u0131d\u0131r.&#8221;<\/p>\n<p>Cumhurba\u015fkan\u0131 Erdo\u011fan, kelimeleri, kavramlar\u0131, olgular\u0131 e\u011fip b\u00fckerek, insanlar\u0131n do\u011fu\u015ftan gelen temel hak ve \u00f6zg\u00fcrl\u00fcklerine f\u00fctursuzca sald\u0131rarak, verdikleri s\u00f6zleri \u00e7i\u011fneyerek y\u00fcr\u00fct\u00fclen bir siyasetin hay\u0131rl\u0131 sonu\u00e7lar do\u011furmas\u0131n\u0131n beklenemeyece\u011fine i\u015faret etti.<\/p>\n<h3>&#8220;Birle\u015fmi\u015f Milletler k\u00fcrs\u00fcs\u00fcnden bu hakikatleri t\u00fcm d\u00fcnyaya a\u00e7\u0131k\u00e7a s\u00f6yledik&#8221;<\/h3>\n<p>&#8220;Ne b\u00f6lgenin ne de d\u00fcnyan\u0131n, b\u00f6lgedeki \u00e7at\u0131\u015fmalar\u0131n ve insanl\u0131k trajedilerinin s\u00fcrmesine tahamm\u00fcl\u00fc yoktur.&#8221; diyen Erdo\u011fan, \u015funlar\u0131 kaydetti:<\/p>\n<p>&#8220;Mesele, sadece oradaki mazlum ve ma\u011fdur insanlar\u0131n sorunu de\u011fildir. Gelinen nokta itibar\u0131yla mesele, d\u00fcnyan\u0131n tamam\u0131n\u0131n, k\u00fcresel y\u00f6netim ve g\u00fcvenlik d\u00fczeninin, bu konuda sorumluluk ve yetki sahibi t\u00fcm kurumlar\u0131n haysiyet sorunudur. Filistin meselesinin \u00e7\u00f6z\u00fcms\u00fczl\u00fc\u011fe mahkum edilmesinin m\u00fcsebbiplerinden biri de verdi\u011fi s\u00f6zlerin hi\u00e7birini yerine getirmeyen uluslararas\u0131 toplumdur. Birle\u015fmi\u015f Milletler ve di\u011fer kurulu\u015flar, Filistin halk\u0131n\u0131 tek ba\u015f\u0131na b\u0131rakm\u0131\u015f, ahde vefa g\u00f6stermemi\u015f, Filistinlilerin hak ve hukukunu koruyamam\u0131\u015ft\u0131r. Biz bunu yeni s\u00f6ylemiyoruz daha \u00f6nce Birle\u015fmi\u015f Milletler k\u00fcrs\u00fcs\u00fcnden bu hakikatleri t\u00fcm d\u00fcnyaya a\u00e7\u0131k\u00e7a s\u00f6yledik.&#8221;<\/p>\n<p>Birle\u015fmi\u015f Milletler Genel Kurulunda 2019&#8217;da yapt\u0131\u011f\u0131 konu\u015fmas\u0131n\u0131n, 1947&#8217;den itibaren Filistin ve \u0130srail&#8217;in topraklar\u0131nda ya\u015fanan de\u011fi\u015fimi i\u00e7eren haritan\u0131n g\u00f6sterilmesinin ard\u0131ndan Erdo\u011fan, &#8220;Tablo bu. G\u00f6r\u00fcld\u00fc\u011f\u00fc gibi 1947&#8217;deki Filistin, 1947&#8217;deki \u0130srail ve Filistin. Geliyoruz 1949-1967 \u0130srail ne halde. Geliyoruz \u015fu andaki hale \u0130srail ne halde, Filistin ne halde. B\u00f6lgede bug\u00fcne kadar adaletsizli\u011fe g\u00f6z yuman insanl\u0131k, son hadiselerde de iyi bir s\u0131nav vermiyor.&#8221; diye konu\u015ftu.<\/p>\n<p>B\u00f6lgede etki sahibi akt\u00f6rlerin s\u00fckuneti tesis etme yerine yang\u0131na adeta k\u00f6r\u00fckle giden k\u0131\u015fk\u0131rt\u0131c\u0131 tavr\u0131n\u0131 esefle kar\u015f\u0131lad\u0131klar\u0131n\u0131 dile getiren Erdo\u011fan, &#8220;Amerika, Avrupa ve di\u011fer b\u00f6lgelerdeki devletleri, taraflar aras\u0131nda hakkaniyetli, adil ve insani dengelere dayal\u0131 tutumlar almaya \u00e7a\u011f\u0131r\u0131yoruz.&#8221; dedi.<\/p>\n<h3>&#8220;Taraflar\u0131 itidale davet ediyoruz&#8221;<\/h3>\n<p>\u0130nsani yard\u0131mlar\u0131n kesilmesi gibi Filistin halk\u0131n\u0131 topyekun cezaland\u0131rmay\u0131 ama\u00e7layan fevri kararlardan herkesin uzak durmas\u0131 gerekti\u011fini vurgulayan Erdo\u011fan, &#8220;Kulland\u0131klar\u0131 y\u00f6ntemler ve sonu\u00e7lar\u0131 itibar\u0131yla ele\u015ftirilmeye de desteklenmeye de ihtiyac\u0131 olan taraflar aras\u0131nda k\u00f6r\u00fc k\u00f6r\u00fcne bir taraf\u0131n saf\u0131nda yer almak, sadece ya\u015fanan krizi derinle\u015ftirmeye yarar. Bunun i\u00e7in T\u00fcrkiye olarak biz taraflar\u0131 itidale davet ediyoruz. B\u00f6lgedeki sava\u015f\u0131n bir an \u00f6nce durmas\u0131n\u0131, taraflar aras\u0131ndaki sorunlar\u0131n g\u00f6r\u00fc\u015fmeler yoluyla \u00e7\u00f6z\u00fcm\u00fcn\u00fc istiyoruz.&#8221; ifadelerini kulland\u0131.<\/p>\n<p>Pazartesi g\u00fcn\u00fcnden itibaren bu do\u011frultuda pek \u00e7ok telefon g\u00f6r\u00fc\u015fmesi ger\u00e7ekle\u015ftirdiklerini anlatan Erdo\u011fan, \u015fu bilgileri verdi:<\/p>\n<p>&#8220;Aralar\u0131nda Filistin ve \u0130srail devlet ba\u015fkanlar\u0131n\u0131n da bulundu\u011fu devlet ve h\u00fck\u00fcmet ba\u015fkan\u0131 seviyesinde 8 telefon g\u00f6r\u00fc\u015fmemiz oldu. Say\u0131n Abbas ve Say\u0131n Herzog&#8217;a akl\u0131selimle devlet akl\u0131yla suhuletle hareket etmeleri tavsiyesinde bulunduk. D\u00fcn gece Rusya Devlet Ba\u015fkan\u0131 Say\u0131n Putin ve Birle\u015fmi\u015f Milletler Genel Sekteri Say\u0131n Guterres&#8217;le de bu konuyu de\u011ferlendirdik. \u00c7at\u0131\u015fmalar\u0131n derinle\u015fmesinin ve yay\u0131lmas\u0131n\u0131n \u00f6n\u00fcne ge\u00e7ilmesi noktas\u0131nda gereken deste\u011fi vermeye haz\u0131r oldu\u011fumuzu ifade ettik. B\u00f6lgemizi i\u00e7ine girdi\u011fi bu anafordan s\u00fcratle \u00e7\u0131karmak i\u00e7in, T\u00fcrkiye olarak, arabuluculuk ve adaletli hakemlik dahil \u00fczerimize ne d\u00fc\u015f\u00fcyorsa yapmaya haz\u0131r\u0131z. \u0130n\u015fallah bu tavr\u0131m\u0131z\u0131 sonuna kadar muhafaza edece\u011fiz.&#8221;<\/p>\n<p>Son d\u00f6nemde t\u00fcm b\u00f6lge \u00fclkeleriyle tesis ettikleri yak\u0131n diyalo\u011fu bar\u0131\u015f\u0131n tesisi i\u00e7in kullanacaklar\u0131n\u0131 belirten Erdo\u011fan, &#8220;Ne Gazze&#8217;de ne \u0130srail&#8217;de ne Suriye&#8217;de ne Ukrayna&#8217;da art\u0131k \u00e7ocuklar, siviller, masum insanlar \u00f6lmesin, daha fazla kan akmas\u0131n istiyoruz. Bu son hadiselerle birlikte &#8216;D\u00fcnya be\u015ften b\u00fcy\u00fckt\u00fcr&#8217; ifadesiyle dile getirdi\u011fimiz tespitimizin ne kadar yerinde oldu\u011funu bir kez daha g\u00f6rd\u00fck. \u0130n\u015fallah bundan sonra bu itiraz\u0131m\u0131z\u0131 daha g\u00fcr bir sedayla seslendirece\u011fiz.&#8221; de\u011ferlendirmesinde bulundu.<\/p>\n<h3>&#8220;Harem-i \u015eerif&#8217;in stat\u00fcs\u00fcne sayg\u0131 g\u00f6stermeyen hi\u00e7bir ad\u0131m\u0131 kabul etmeyece\u011fiz&#8221;<\/h3>\n<p>B\u00f6lgeye kal\u0131c\u0131 huzur ve bar\u0131\u015f\u0131n ancak me\u015fruiyeti Birle\u015fmi\u015f Milletler kararlar\u0131na dayanan, 1967 s\u0131n\u0131rlar\u0131nda ve co\u011frafi b\u00fct\u00fcnl\u00fc\u011fe sahip, ba\u015fkenti Do\u011fu Kud\u00fcs olan, ba\u011f\u0131ms\u0131z bir Filistin devletinin kurulmas\u0131 ve t\u00fcm d\u00fcnya taraf\u0131ndan tan\u0131nmas\u0131yla gelebilece\u011finin alt\u0131n\u0131 \u00e7izen Erdo\u011fan, bunun d\u0131\u015f\u0131nda yol araman\u0131n, bunun d\u0131\u015f\u0131nda hevesler pe\u015finde ko\u015fman\u0131n sadece daha fazla y\u0131k\u0131m, daha fazla g\u00f6zya\u015f\u0131 ve can kayb\u0131 demek olaca\u011f\u0131n\u0131 s\u00f6yledi.<\/p>\n<p>Cumhurba\u015fkan\u0131 Erdo\u011fan, &#8220;\u00dc\u00e7 semavi dinin kutsal mekanlar\u0131n\u0131 b\u00fcnyesinde bar\u0131nd\u0131ran Kud\u00fcs&#8217;\u00fcn mahremiyetine, Mescid-i Aksa&#8217;n\u0131n i\u00e7inde yer ald\u0131\u011f\u0131 Harem-i \u015eerif&#8217;in stat\u00fcs\u00fcne sayg\u0131 g\u00f6stermeyen hi\u00e7bir ad\u0131m\u0131 ve tasarrufu kabul etmedik, etmeyece\u011fiz.&#8221; dedi.<\/p>\n<p>\u0130srail&#8217;in, bir devlet olarak varl\u0131\u011f\u0131n\u0131 s\u00fcrd\u00fcrebilmesi ve vatanda\u015flar\u0131n\u0131n g\u00fcvenli\u011fini g\u00fcvence alt\u0131na alabilmesinin ancak bu \u015fekilde m\u00fcmk\u00fcn olaca\u011f\u0131n\u0131 kaydeden Erdo\u011fan, &#8220;Aksi takdirde, ge\u00e7ti\u011fimiz cumartesi g\u00fcn\u00fcnden beri ya\u015fanan hadiseler son olmayaca\u011f\u0131 gibi bunu \u00e7ok daha b\u00fcy\u00fck trajedilerin izlemesi de ka\u00e7\u0131n\u0131lmaz hale gelir. Biz ne \u0130srail&#8217;in ne Filistin&#8217;in ne de b\u00f6lgemizin b\u00f6yle bir k\u0131s\u0131r d\u00f6ng\u00fcye s\u00fcr\u00fcklenmesini asla arzu etmiyoruz.&#8221; diye konu\u015ftu.<\/p>\n<p>&#8220;Rabb&#8217;im \u00fclkemize, b\u00f6lgemize ve d\u00fcnyaya daimi huzur, bar\u0131\u015f, esenlik nasip eylesin.&#8221; temennisinde bulunan Erdo\u011fan, yeni yasama y\u0131l\u0131ndaki \u00e7al\u0131\u015fmalar\u0131nda milletvekillerine ba\u015far\u0131lar diledi.<\/p>\n<h3>Notlar<\/h3>\n<p>Cumhurba\u015fkan\u0131 Erdo\u011fan, grup toplant\u0131s\u0131na geli\u015finde, 11 Ekim D\u00fcnya K\u0131z \u00c7ocuklar\u0131 G\u00fcn\u00fc dolay\u0131s\u0131yla TBMM&#8217;yi ziyaret eden 11 Ekim do\u011fumlu \u015fehit ve gazi yak\u0131n\u0131 \u00e7ocuklarla foto\u011fraf \u00e7ektirdi.<\/p>\n<p>Cumhurba\u015fkan\u0131 Erdo\u011fan&#8217;\u0131n konu\u015fmas\u0131n\u0131 tamamlamas\u0131n\u0131n ard\u0131ndan AK Parti TBMM Grup Toplant\u0131s\u0131 bas\u0131na kapal\u0131 devam etti.<\/p>\n<h3><br class=\"Apple-interchange-newline\"\/>Cumhurba\u015fkan\u0131 Erdo\u011fan: (Cumhur \u0130ttifak\u0131&#8217;na davet) Kat\u0131lmak isteyen herkese kap\u0131m\u0131z a\u00e7\u0131k<\/h3>\n<p>Erdo\u011fan, AK Parti TBMM Grup Toplant\u0131s\u0131&#8217;n\u0131n ard\u0131ndan Meclis&#8217;ten ayr\u0131l\u0131rken, bas\u0131n mensuplar\u0131n\u0131n g\u00fcndeme ili\u015fkin sorular\u0131n\u0131 yan\u0131tlad\u0131.<\/p>\n<p>&#8220;Gelecek hafta Meclis Genel Kuruluna tezkereler gelecek ama muhalefet \u015fimdiden &#8216;hay\u0131r&#8217; oyu verece\u011fini s\u00f6yledi. Anayasa konusunda da &#8216;hay\u0131r&#8217; diyecekler. Bunu nas\u0131l de\u011ferlendirirsiniz?&#8221; sorusuna Erdo\u011fan, &#8220;Devlet Bey d\u00fcn konu\u015fmas\u0131nda her \u015feyi s\u00f6yledi mi? Cumhur \u0130ttifak\u0131 olarak biz de ne diyoruz? &#8216;Evet&#8217; diyoruz. Cumhur \u0130ttifak\u0131 olarak her ikimizin Parlamentodaki oylar\u0131 bu i\u015fi \u00e7\u00f6zer mi? \u00c7\u00f6zer. \u0130ki kere iki d\u00f6rt.&#8221; yan\u0131t\u0131n\u0131 verdi.<\/p>\n<p>&#8220;Cumhur \u0130ttifak\u0131&#8217;na yeni partilerin kat\u0131lmas\u0131 s\u00f6z konusu olur mu? Bir \u00e7a\u011fr\u0131n\u0131z oldu, bu \u0130Y\u0130 Parti&#8217;ye mi y\u00f6nelikti?&#8221; sorusu \u00fczerine Erdo\u011fan, &#8220;Kat\u0131lmak isteyen herkese kap\u0131m\u0131z a\u00e7\u0131k. \u0130Y\u0130 Parti de olabilir. Zaten di\u011ferleri Cumhur \u0130ttifak\u0131&#8217;nda belli. Ne kadar kat\u0131l\u0131m g\u00fc\u00e7l\u00fc olursa, \u00fclkemizin menfaatine o denli hay\u0131rl\u0131 olur.&#8221; ifadesini kulland\u0131.<\/p>\n<p>                            <span class=\"detay-foto-editor\">&#13;<br \/>\n                                <a href=\"https:\/\/www.aa.com.tr\/tr\/p\/abonelik-talep-formu\/1001\" target=\"_blank\" style=\"font-size:12px; color:#444; text-decoration:none;\" rel=\"noopener\">&#13;<br \/>\n                                    Anadolu Ajans\u0131 web sitesinde, AA Haber Ak\u0131\u015f Sistemi (HAS) \u00fczerinden abonelere sunulan haberler, \u00f6zetlenerek yay\u0131mlanmaktad\u0131r. <b style=\"color:#1897F7\">Abonelik i\u00e7in l\u00fctfen ileti\u015fime ge\u00e7iniz.<\/b>&#13;<br \/>\n                                <\/a>&#13;<br \/>\n                            <\/span>\n                        <\/div>\n<p><script>\n\t  window.fbAsyncInit = function() {\n\t\tFB.init({\n\t\t  appId: '1855843514662870',\n\t\t  status : true, \/\/ check login status\n\t\t  cookie : true, \/\/ enable cookies to allow the server to access the session\n\t\t  xfbml  : true  \/\/ parse XFBML\n\t\t});\n\t  };<\/p>\n<p>\t  (function() {\n\t\tvar e = document.createElement('script');\n\t\te.src=\"https:\/\/connect.facebook.net\/tr_TR\/all.js\";\n\t\te.async = true;\n\t\tdocument.getElementById('fb-root').appendChild(e);\n\t  }());\n    <\/script><\/p>\n","protected":false},"excerpt":{"rendered":"<p>Cumhurba\u015fkan\u0131 ve AK Parti Genel Ba\u015fkan\u0131 Recep Tayyip Erdo\u011fan, partisinin TBMM Grup Toplant\u0131s\u0131&#8217;nda yapt\u0131\u011f\u0131 konu\u015fmada, T\u00fcrkiye&#8217;nin, 14 May\u0131s 1950&#8217;den sonra 14 May\u0131s 2023&#8217;te, Cumhuriyetinin kurulu\u015funun ilk asr\u0131n\u0131 tamamlarken bir kez daha demokrasisinin g\u00fcc\u00fcn\u00fc t\u00fcm d\u00fcnyaya g\u00f6sterdi\u011fini belirtti. Bu se\u00e7imlerde milli iradenin \u00fcst\u00fcnl\u00fc\u011f\u00fc anlay\u0131\u015f\u0131ndan taviz vermeden m\u00fccadelelerini y\u00fcr\u00fctt\u00fcklerinde vesayetin de darbelerin de i\u00e7 ve d\u0131\u015f kumpaslar\u0131n [&hellip;]<\/p>\n","protected":false},"author":1,"featured_media":17066,"comment_status":"","ping_status":"","sticky":false,"template":"","format":"standard","meta":[],"categories":[47],"tags":[],"_links":{"self":[{"href":"https:\/\/kraios.app\/news\/wp-json\/wp\/v2\/posts\/17065"}],"collection":[{"href":"https:\/\/kraios.app\/news\/wp-json\/wp\/v2\/posts"}],"about":[{"href":"https:\/\/kraios.app\/news\/wp-json\/wp\/v2\/types\/post"}],"author":[{"embeddable":true,"href":"https:\/\/kraios.app\/news\/wp-json\/wp\/v2\/users\/1"}],"replies":[{"embeddable":true,"href":"https:\/\/kraios.app\/news\/wp-json\/wp\/v2\/comments?post=17065"}],"version-history":[{"count":0,"href":"https:\/\/kraios.app\/news\/wp-json\/wp\/v2\/posts\/17065\/revisions"}],"wp:featuredmedia":[{"embeddable":true,"href":"https:\/\/kraios.app\/news\/wp-json\/wp\/v2\/media\/17066"}],"wp:attachment":[{"href":"https:\/\/kraios.app\/news\/wp-json\/wp\/v2\/media?parent=17065"}],"wp:term":[{"taxonomy":"category","embeddable":true,"href":"https:\/\/kraios.app\/news\/wp-json\/wp\/v2\/categories?post=17065"},{"taxonomy":"post_tag","embeddable":true,"href":"https:\/\/kraios.app\/news\/wp-json\/wp\/v2\/tags?post=17065"}],"curies":[{"name":"wp","href":"https:\/\/api.w.org\/{rel}","templated":true}]}}