{"id":17016,"date":"2023-10-11T20:42:52","date_gmt":"2023-10-11T20:42:52","guid":{"rendered":"https:\/\/kraios.app\/news\/siyaset\/2023\/10\/11\/cumhurbaskani-erdogan-suudi-arabistan-veliaht-prensi-selman-ile-telefonda-gorustu\/"},"modified":"2023-10-11T20:42:52","modified_gmt":"2023-10-11T20:42:52","slug":"cumhurbaskani-erdogan-suudi-arabistan-veliaht-prensi-selman-ile-telefonda-gorustu","status":"publish","type":"post","link":"https:\/\/kraios.app\/news\/siyaset\/2023\/10\/11\/cumhurbaskani-erdogan-suudi-arabistan-veliaht-prensi-selman-ile-telefonda-gorustu\/","title":{"rendered":"Cumhurba\u015fkan\u0131 Erdo\u011fan, Suudi Arabistan Veliaht Prensi Selman ile telefonda g\u00f6r\u00fc\u015ft\u00fc"},"content":{"rendered":"<p>Cumhurba\u015fkan\u0131 Recep Tayyip Erdo\u011fan, Suudi Arabistan Veliaht Prensi Muhammed bin Selman ile telefonda g\u00f6r\u00fc\u015ft\u00fc.<\/p>\n","protected":false},"excerpt":{"rendered":"<p>Cumhurba\u015fkan\u0131 Recep Tayyip Erdo\u011fan, Suudi Arabistan Veliaht Prensi Muhammed bin Selman ile telefonda g\u00f6r\u00fc\u015ft\u00fc.<\/p>\n","protected":false},"author":1,"featured_media":17017,"comment_status":"","ping_status":"","sticky":false,"template":"","format":"standard","meta":[],"categories":[47],"tags":[],"_links":{"self":[{"href":"https:\/\/kraios.app\/news\/wp-json\/wp\/v2\/posts\/17016"}],"collection":[{"href":"https:\/\/kraios.app\/news\/wp-json\/wp\/v2\/posts"}],"about":[{"href":"https:\/\/kraios.app\/news\/wp-json\/wp\/v2\/types\/post"}],"author":[{"embeddable":true,"href":"https:\/\/kraios.app\/news\/wp-json\/wp\/v2\/users\/1"}],"replies":[{"embeddable":true,"href":"https:\/\/kraios.app\/news\/wp-json\/wp\/v2\/comments?post=17016"}],"version-history":[{"count":0,"href":"https:\/\/kraios.app\/news\/wp-json\/wp\/v2\/posts\/17016\/revisions"}],"wp:featuredmedia":[{"embeddable":true,"href":"https:\/\/kraios.app\/news\/wp-json\/wp\/v2\/media\/17017"}],"wp:attachment":[{"href":"https:\/\/kraios.app\/news\/wp-json\/wp\/v2\/media?parent=17016"}],"wp:term":[{"taxonomy":"category","embeddable":true,"href":"https:\/\/kraios.app\/news\/wp-json\/wp\/v2\/categories?post=17016"},{"taxonomy":"post_tag","embeddable":true,"href":"https:\/\/kraios.app\/news\/wp-json\/wp\/v2\/tags?post=17016"}],"curies":[{"name":"wp","href":"https:\/\/api.w.org\/{rel}","templated":true}]}}