{"id":16950,"date":"2023-10-11T01:04:04","date_gmt":"2023-10-11T01:04:04","guid":{"rendered":"https:\/\/kraios.app\/news\/siyaset\/2023\/10\/11\/disisleri-bakani-fidan-pakistanli-mevkidasi-jilani-ile-gorustu\/"},"modified":"2023-10-11T01:04:04","modified_gmt":"2023-10-11T01:04:04","slug":"disisleri-bakani-fidan-pakistanli-mevkidasi-jilani-ile-gorustu","status":"publish","type":"post","link":"https:\/\/kraios.app\/news\/siyaset\/2023\/10\/11\/disisleri-bakani-fidan-pakistanli-mevkidasi-jilani-ile-gorustu\/","title":{"rendered":"D\u0131\u015fi\u015fleri Bakan\u0131 Fidan, Pakistanl\u0131 mevkida\u015f\u0131 Jilani ile g\u00f6r\u00fc\u015ft\u00fc"},"content":{"rendered":"<p>D\u0131\u015fi\u015fleri Bakan\u0131 Hakan Fidan, Pakistan D\u0131\u015fi\u015fleri Bakan\u0131 Jalil Abbas Jilani ile bir araya geldi.<\/p>\n","protected":false},"excerpt":{"rendered":"<p>D\u0131\u015fi\u015fleri Bakan\u0131 Hakan Fidan, Pakistan D\u0131\u015fi\u015fleri Bakan\u0131 Jalil Abbas Jilani ile bir araya geldi.<\/p>\n","protected":false},"author":1,"featured_media":16951,"comment_status":"","ping_status":"","sticky":false,"template":"","format":"standard","meta":[],"categories":[47],"tags":[],"_links":{"self":[{"href":"https:\/\/kraios.app\/news\/wp-json\/wp\/v2\/posts\/16950"}],"collection":[{"href":"https:\/\/kraios.app\/news\/wp-json\/wp\/v2\/posts"}],"about":[{"href":"https:\/\/kraios.app\/news\/wp-json\/wp\/v2\/types\/post"}],"author":[{"embeddable":true,"href":"https:\/\/kraios.app\/news\/wp-json\/wp\/v2\/users\/1"}],"replies":[{"embeddable":true,"href":"https:\/\/kraios.app\/news\/wp-json\/wp\/v2\/comments?post=16950"}],"version-history":[{"count":0,"href":"https:\/\/kraios.app\/news\/wp-json\/wp\/v2\/posts\/16950\/revisions"}],"wp:featuredmedia":[{"embeddable":true,"href":"https:\/\/kraios.app\/news\/wp-json\/wp\/v2\/media\/16951"}],"wp:attachment":[{"href":"https:\/\/kraios.app\/news\/wp-json\/wp\/v2\/media?parent=16950"}],"wp:term":[{"taxonomy":"category","embeddable":true,"href":"https:\/\/kraios.app\/news\/wp-json\/wp\/v2\/categories?post=16950"},{"taxonomy":"post_tag","embeddable":true,"href":"https:\/\/kraios.app\/news\/wp-json\/wp\/v2\/tags?post=16950"}],"curies":[{"name":"wp","href":"https:\/\/api.w.org\/{rel}","templated":true}]}}