{"id":16803,"date":"2023-10-09T10:58:13","date_gmt":"2023-10-09T10:58:13","guid":{"rendered":"https:\/\/kraios.app\/news\/siyaset\/2023\/10\/09\/meclisin-2024-yili-butce-maratonu-gelecek-hafta-baslayacak\/"},"modified":"2023-10-09T10:58:13","modified_gmt":"2023-10-09T10:58:13","slug":"meclisin-2024-yili-butce-maratonu-gelecek-hafta-baslayacak","status":"publish","type":"post","link":"https:\/\/kraios.app\/news\/siyaset\/2023\/10\/09\/meclisin-2024-yili-butce-maratonu-gelecek-hafta-baslayacak\/","title":{"rendered":"Meclisin 2024 y\u0131l\u0131 b\u00fct\u00e7e maratonu gelecek hafta ba\u015flayacak"},"content":{"rendered":"<p>2024 y\u0131l\u0131 b\u00fct\u00e7esinin TBMM Plan ve B\u00fct\u00e7e Komisyonundaki taslak g\u00f6r\u00fc\u015fme takvimi belli oldu.<\/p>\n","protected":false},"excerpt":{"rendered":"<p>2024 y\u0131l\u0131 b\u00fct\u00e7esinin TBMM Plan ve B\u00fct\u00e7e Komisyonundaki taslak g\u00f6r\u00fc\u015fme takvimi belli oldu.<\/p>\n","protected":false},"author":1,"featured_media":16804,"comment_status":"","ping_status":"","sticky":false,"template":"","format":"standard","meta":[],"categories":[47],"tags":[],"_links":{"self":[{"href":"https:\/\/kraios.app\/news\/wp-json\/wp\/v2\/posts\/16803"}],"collection":[{"href":"https:\/\/kraios.app\/news\/wp-json\/wp\/v2\/posts"}],"about":[{"href":"https:\/\/kraios.app\/news\/wp-json\/wp\/v2\/types\/post"}],"author":[{"embeddable":true,"href":"https:\/\/kraios.app\/news\/wp-json\/wp\/v2\/users\/1"}],"replies":[{"embeddable":true,"href":"https:\/\/kraios.app\/news\/wp-json\/wp\/v2\/comments?post=16803"}],"version-history":[{"count":0,"href":"https:\/\/kraios.app\/news\/wp-json\/wp\/v2\/posts\/16803\/revisions"}],"wp:featuredmedia":[{"embeddable":true,"href":"https:\/\/kraios.app\/news\/wp-json\/wp\/v2\/media\/16804"}],"wp:attachment":[{"href":"https:\/\/kraios.app\/news\/wp-json\/wp\/v2\/media?parent=16803"}],"wp:term":[{"taxonomy":"category","embeddable":true,"href":"https:\/\/kraios.app\/news\/wp-json\/wp\/v2\/categories?post=16803"},{"taxonomy":"post_tag","embeddable":true,"href":"https:\/\/kraios.app\/news\/wp-json\/wp\/v2\/tags?post=16803"}],"curies":[{"name":"wp","href":"https:\/\/api.w.org\/{rel}","templated":true}]}}