{"id":16687,"date":"2023-10-08T12:33:47","date_gmt":"2023-10-08T12:33:47","guid":{"rendered":"https:\/\/kraios.app\/news\/siyaset\/2023\/10\/08\/bagimsiz-filistin-devleti-kurulana-kadar-orta-dogudaki-bu-kargasa-maalesef-sona-ermeyecektir\/"},"modified":"2023-10-08T12:33:47","modified_gmt":"2023-10-08T12:33:47","slug":"bagimsiz-filistin-devleti-kurulana-kadar-orta-dogudaki-bu-kargasa-maalesef-sona-ermeyecektir","status":"publish","type":"post","link":"https:\/\/kraios.app\/news\/siyaset\/2023\/10\/08\/bagimsiz-filistin-devleti-kurulana-kadar-orta-dogudaki-bu-kargasa-maalesef-sona-ermeyecektir\/","title":{"rendered":"Ba\u011f\u0131ms\u0131z Filistin devleti kurulana kadar Orta Do\u011fu&#8217;daki bu karga\u015fa maalesef sona ermeyecektir"},"content":{"rendered":"<p><\/p>\n<div>\n<p>TBMM Ba\u015fkan\u0131 Numan Kurtulmu\u015f, &#8220;Tam manas\u0131yla ba\u011f\u0131ms\u0131z, b\u00fct\u00fcn kurum ve kurulu\u015flar\u0131yla te\u015fekk\u00fcl etmi\u015f bir Filistin devleti kurulana kadar Orta Do\u011fu&#8217;daki bu karga\u015fa maalesef sona ermeyecektir. \u0130ki devletli bu \u00e7\u00f6z\u00fcmden ba\u015fka bir yol olmad\u0131\u011f\u0131 art\u0131k ayan beyan ortadad\u0131r.&#8221; dedi.<\/p>\n<p>Kurtulmu\u015f, B\u00fcy\u00fck \u00c7aml\u0131ca Camii Konferans Salonu&#8217;nda d\u00fczenlenen Camiler ve Din G\u00f6revlileri Haftas\u0131 Program\u0131&#8217;nda yapt\u0131\u011f\u0131 konu\u015fmada, Hazreti Peygamber&#8217;in do\u011fumuna ve Mevlid-i Nebi Haftas\u0131&#8217;na denk gelen bu etkinlikte eme\u011fi ge\u00e7enleri tebrik etti.<\/p>\n<p>Camiler ve Din G\u00f6revlileri Haftas\u0131&#8217;n\u0131n T\u00fcrkiye&#8217;de \u00f6nemli bir gelenek haline geldi\u011fini aktaran Kurtulmu\u015f, &#8220;Bu vesileyle sadece kendi k\u00fclt\u00fcrel, medeni de\u011ferlerimiz i\u00e7erisinde, camilerimizin yerini ve \u00f6nemini bir kere daha hat\u0131rlam\u0131\u015f oluyor, ayn\u0131 zamanda da \u00fczerimize d\u00fc\u015fen sorumluluklar\u0131 bir kez daha g\u00f6zden ge\u00e7irerek ad\u0131mlar\u0131m\u0131z\u0131 daha kuvvetli atmaya gayret ediyoruz.&#8221; diye konu\u015ftu.<\/p>\n<p><img decoding=\"async\" alt=\"\" src=\"https:\/\/www.aa.com.tr\/uploads\/userFiles\/88e4063b-7018-4331-b06e-f0cb513ac64c\/2023%2F10%2Fkurtulmus8-2.jpg\"\/><\/p>\n<p>Camilerin bir istikamet ayarlama merkezi olmas\u0131n\u0131n say\u0131labilecek en \u00f6nemli vas\u0131flar\u0131ndan oldu\u011funu vurgulayan Kurtulmu\u015f, tarih boyunca \u015fehirlere vurulan birer m\u00fch\u00fcr olmas\u0131n\u0131n camilerin di\u011fer \u00f6zelli\u011fi oldu\u011funu anlatt\u0131.<\/p>\n<p>TBMM Ba\u015fkan\u0131 Kurtulmu\u015f, camilerin ayn\u0131 zamanda g\u00fcnl\u00fck ya\u015fay\u0131\u015f\u0131n merkezi oldu\u011funu da belirtti.<\/p>\n<p>Bug\u00fcn de M\u00fcsl\u00fcmanlar\u0131n ya\u015fad\u0131klar\u0131 yerlere camiler \u00fczerinden kendi medeniyetlerini ve kimliklerini nak\u015fettiklerini ifade eden Kurtulmu\u015f, \u015f\u00f6yle devam etti:<\/p>\n<p>&#8220;Bug\u00fcn d\u00fcnyada M\u00fcsl\u00fcman milletler, ya\u015fad\u0131klar\u0131 \u00e7a\u011fa damga vurmak bak\u0131m\u0131ndan \u00e7ok g\u00fczel camiler in\u015fa ediyor. Fas&#8217;tan Endonezya&#8217;ya kadar \u015faheser diyebilece\u011fimiz, an\u0131t eserler diyebilece\u011fimiz \u00e7ok say\u0131da eser in\u015fa edilmi\u015f ve bundan sonraki nesillere b\u0131rak\u0131lm\u0131\u015ft\u0131r. Fas&#8217;\u0131n Rabat kentindeki Kral Hasan Camii, \u015faheser eserlerden birisidir. Ayn\u0131 \u015fekilde Umman&#8217;da Sultan Kabus Camii, fevkalade b\u00fcy\u00fck bir an\u0131tsal eserdir. \u0130\u00e7inde bulundu\u011fumuz ve \u015fu anda konferans salonunda bu etkinli\u011fi icra etti\u011fimiz B\u00fcy\u00fck \u00c7aml\u0131ca Camii de T\u00fcrkiye&#8217;nin son y\u0131llarda M\u00fcsl\u00fcman milletlere kazand\u0131rd\u0131\u011f\u0131 \u00f6nemli an\u0131tsal camilerimizden birisidir. Eme\u011fi ge\u00e7en herkese, ba\u015fta Say\u0131n Cumhurba\u015fkan\u0131&#8217;m\u0131z Recep Tayyip Erdo\u011fan olmak \u00fczere \u015f\u00fckranlar\u0131m\u0131z\u0131 ifade ediyoruz.&#8221;<\/p>\n<p>Milletin camilere hizmet etmeyi b\u00fcy\u00fck bir \u015feref olarak telakki etti\u011fini dile getiren Kurtulmu\u015f, M\u00fcsl\u00fcmanlar\u0131n kalbi mesabesindeki Mescid-i Haram ve Mescid-i Nebevi&#8217;ye hizmet etmenin bu milletin en b\u00fcy\u00fck \u015fiarlar\u0131ndan birisi oldu\u011funu s\u00f6yledi.<\/p>\n<p><img decoding=\"async\" alt=\"\" src=\"https:\/\/admin.aa.com.tr\/uploads\/userFiles\/88e4063b-7018-4331-b06e-f0cb513ac64c\/2023%2F10%2Fkurtulmus8-3.jpg\"\/><\/p>\n<h3>&#8220;Biz, 2 g\u00fcnd\u00fcr devam etmekte olan bu gerilimi ger\u00e7ekten kayg\u0131yla izliyoruz&#8221;<\/h3>\n<p>Kurtulmu\u015f, Mescid-i Aksa&#8217;ya hizmet etmenin M\u00fcsl\u00fcman milletin kendisi i\u00e7in temel \u00f6dev olarak kabul etti\u011fi sorumluluklardan oldu\u011funa dikkati \u00e7ekerek, \u015fu ifadeleri kulland\u0131:<\/p>\n<p>&#8220;Bug\u00fcn maalesef Mescid-i Aksa&#8217;n\u0131n uzun y\u0131llard\u0131r devam eden i\u015fgal ve sald\u0131r\u0131lar alt\u0131nda bulunmas\u0131n\u0131 b\u00fcy\u00fck bir kederle, \u00fcz\u00fcnt\u00fcyle hep beraber izliyoruz. D\u00f6rt as\u0131r boyunca Filistin topraklar\u0131nda h\u00fck\u00fcmran olan ecdad\u0131m\u0131z M\u00fcsl\u00fcmanlar\u0131, Hristiyanlar\u0131, Yahudileri, b\u00fct\u00fcn farkl\u0131l\u0131klar\u0131yla bir arada ya\u015fatm\u0131\u015f ve bu d\u00f6rt as\u0131r boyunca bir tek din sava\u015f\u0131, bir tek mezhep sava\u015f\u0131 ortaya \u00e7\u0131kmam\u0131\u015ft\u0131r. Bug\u00fcn maalesef Orta Do\u011fu&#8217;da, Filistin topraklar\u0131nda yap\u0131lan zul\u00fcmler had safhaya ula\u015fm\u0131\u015ft\u0131r. Biz, 2 g\u00fcnd\u00fcr devam etmekte olan bu gerilimi ger\u00e7ekten kayg\u0131yla izliyoruz. Her iki tarafa da bu anlamda s\u00fckunetle bu meselenin \u00e7\u00f6z\u00fclmesi i\u00e7in bir \u015fekilde s\u00fckuneti ve itidali tavsiye ediyoruz. Ancak b\u00fct\u00fcn d\u00fcnyaya \u015fu soruyu sormak da herhalde hakk\u0131m\u0131zd\u0131r: Ne oldu da, nas\u0131l oldu da Orta Do\u011fu b\u00f6ylesine ya\u015fanmaz bir b\u00f6lge haline geldi? Nas\u0131l oldu da ecdad\u0131n d\u00f6rt as\u0131r boyunca sulhu, selameti, bar\u0131\u015f\u0131 getirdi\u011fi Filistin topraklar\u0131 bug\u00fcn kan denizine d\u00f6nd\u00fc?&#8221;<\/p>\n<p>TBMM Ba\u015fkan\u0131 Kurtulmu\u015f, bu konuda T\u00fcrkiye&#8217;nin tavr\u0131n\u0131n a\u00e7\u0131k oldu\u011funu kaydederek, Mescid-i Aksa&#8217;n\u0131n mukaddesiyetinin her \u015feyin \u00fcst\u00fcnde oldu\u011funu belirtti.<\/p>\n<p>Mescid-i Aksa ile Kud\u00fcs&#8217;\u00fcn m\u00fc\u015ferref ve m\u00fckerrem bir yer oldu\u011funun alt\u0131n\u0131 \u00e7izen Kurtulmu\u015f, &#8220;Orada b\u00fct\u00fcn dinlerin mensuplar\u0131 as\u0131rlard\u0131r bir arada ya\u015fad\u0131\u011f\u0131 gibi bundan sonra da bir arada ya\u015fayacakt\u0131r. Mescid-i Aksa, M\u00fcsl\u00fcmanlar\u0131n k\u0131rm\u0131z\u0131 \u00e7izgisidir. Mescid-i Aksa&#8217;ya yap\u0131lan sald\u0131r\u0131 asla ve asla kabul edilemez.&#8221; de\u011ferlendirmesini yapt\u0131.<\/p>\n<p>Y\u0131llard\u0131r devam eden bu sald\u0131r\u0131lar\u0131n Bat\u0131 d\u00fcnyas\u0131 ve Birle\u015fmi\u015f Milletler (BM) taraf\u0131ndan \u00e7e\u015fitli kereler telin edildi\u011fini ancak hi\u00e7bir sonu\u00e7 al\u0131namad\u0131\u011f\u0131n\u0131 an\u0131msatan Kurtulmu\u015f, &#8220;\u015eu anda Mescid-i Aksa&#8217;n\u0131n uluslararas\u0131 stat\u00fcs\u00fcn\u00fc T\u00fcrkiye olarak koruyor ve bu uluslararas\u0131 stat\u00fcn\u00fcn sonuna kadar korunmas\u0131 gerekti\u011fine inan\u0131yoruz.&#8221; dedi.<\/p>\n<p><img decoding=\"async\" alt=\"\" src=\"https:\/\/admin.aa.com.tr\/uploads\/userFiles\/88e4063b-7018-4331-b06e-f0cb513ac64c\/2023%2F10%2Fkurtulmus8-4.jpg\"\/><\/p>\n<h3>&#8220;\u0130ki devletli bu \u00e7\u00f6z\u00fcmden ba\u015fka bir yol olmad\u0131\u011f\u0131 art\u0131k ayan beyan ortada&#8221;<\/h3>\n<p>Filistin topraklar\u0131nda devam eden yabanc\u0131 yerle\u015fimciler meselesinin, bu topraklara ait olmayan, oraya getirilip Filistinlilerin yerlerine ve yurtlar\u0131na yerle\u015ftirilenlerce de uluslararas\u0131 hukuk bak\u0131m\u0131ndan su\u00e7 te\u015fkil etti\u011fini bildiklerini ifade eden Kurtulmu\u015f, T\u00fcrkiye olarak ba\u015f\u0131ndan itibaren iki devletli \u00e7\u00f6z\u00fcm\u00fcn tek \u00e7\u0131kar yol oldu\u011funu s\u00f6ylediklerini bildirdi.<\/p>\n<p>Kurtulmu\u015f, &#8220;Tam manas\u0131yla ba\u011f\u0131ms\u0131z, b\u00fct\u00fcn kurum ve kurulu\u015flar\u0131yla te\u015fekk\u00fcl etmi\u015f bir Filistin devleti kurulana kadar Orta Do\u011fu&#8217;daki bu karga\u015fa maalesef sona ermeyecektir. \u0130ki devletli bu \u00e7\u00f6z\u00fcmden ba\u015fka bir yol olmad\u0131\u011f\u0131 art\u0131k ayan beyan ortadad\u0131r.&#8221; de\u011ferlendirmesini yapt\u0131. <\/p>\n<p>&#8220;Bir kere daha ifade ediyoruz ki, 1967&#8217;de BM taraf\u0131ndan kabul edilen s\u0131n\u0131rlara d\u00f6n\u00fcl\u00fcnceye kadar, yani ba\u015fkenti Do\u011fu Kud\u00fcs olan Filistin Devleti tamam\u0131yla m\u00fcstakil hale gelinceye kadar Orta Do\u011fu&#8217;daki bu karga\u015fa sona ermeyecek.&#8221; diyen Kurtulmu\u015f, bir an evvel herkesi haktan, hukuktan, insanl\u0131ktan ve bar\u0131\u015ftan yana olmaya davet ettiklerini dile getirdi.<\/p>\n<p>Kurtulmu\u015f, millet olarak bu \u00fc\u00e7 b\u00fcy\u00fck mescide tarih boyunca h\u00fcrmet ve hizmet ettiklerini aktararak, &#8220;\u0130n\u015fallah bu \u00fc\u00e7 mescide de k\u0131yamete kadar h\u00fcrmet edecek ve k\u0131yamete kadar hizmet etmek bu millete Allah&#8217;\u0131n izniyle nasip olacakt\u0131r.&#8221; ifadelerini kulland\u0131.<\/p>\n<h3>&#8220;Camilerimizi toplumsal hayat\u0131m\u0131z\u0131n merkezi haline getirmeye gayret edece\u011fiz&#8221;<\/h3>\n<p>Camilerin bir ba\u015fka \u00f6zelli\u011finin &#8220;toplumsal dayan\u0131\u015fman\u0131n, yard\u0131mla\u015fman\u0131n ve meseleleri \u00e7\u00f6zmenin merkezi&#8221; oldu\u011funu belirten Kurtulmu\u015f, \u0130stiklal Harbi&#8217;nin kurtulu\u015f m\u00fccadelesini ate\u015fleyen en temel merkezlerin ba\u015f\u0131nda camilerin geldi\u011fini s\u00f6yledi.<\/p>\n<p><img decoding=\"async\" alt=\"\" src=\"https:\/\/admin.aa.com.tr\/uploads\/userFiles\/88e4063b-7018-4331-b06e-f0cb513ac64c\/2023%2F10%2Fkurtulmus8-5.jpg\"\/><\/p>\n<p>Camilerin bug\u00fcn s\u0131k\u0131nt\u0131l\u0131 anlarda \u00f6nemli merkezlerden oldu\u011funu dile getiren Kurtulmu\u015f, deprem felaketinden sonra bir\u00e7ok caminin yard\u0131m toplama ve ula\u015ft\u0131rmada bir merkez gibi \u00e7al\u0131\u015ft\u0131\u011f\u0131n\u0131 iftiharla g\u00f6rd\u00fcklerini anlatt\u0131.<\/p>\n<p>Camilerin ayn\u0131 zamanda birer k\u00fclt\u00fcr sanat merkezi oldu\u011funu da ifade eden Kurtulmu\u015f, \u015funlar\u0131 s\u00f6yledi: <\/p>\n<p>&#8220;Son zamanlarda maalesef baz\u0131 olumsuz propagandalar yap\u0131l\u0131yor. Bunlara hi\u00e7 ald\u0131r\u0131\u015f etmeden yolumuza devam edece\u011fiz. Hele siz de\u011ferli din g\u00f6revlisi karde\u015flerimizin huzurunda bunu s\u00f6ylemeyi bir vazife telakki ediyorum. &#8216;Yok efendim T\u00fcrkiye&#8217;de falanca ak\u0131m art\u0131yor, falanca okullar\u0131m\u0131zdaki, dini okullar\u0131m\u0131zdaki \u00f6\u011frenciler bile baz\u0131 \u015fekilde dini hayattan, dini ya\u015fay\u0131\u015ftan uzak kal\u0131yor. Deizim art\u0131yor, ateizm art\u0131yor.&#8217; Bunlar\u0131n hepsini bir tarafa b\u0131rakal\u0131m. Hepinizin \u00f6n\u00fcnde onlarca \u00f6rnek vard\u0131r. Bu memlekette \u0130slam&#8217;a en uzak ya\u015fant\u0131 i\u00e7erisinde olan insanlar\u0131n bile, \u015f\u00f6yle bir s\u0131ksan\u0131z, \u015f\u00f6yle bir sallasan\u0131z alt\u0131ndan M\u00fcsl\u00fcmanl\u0131k \u00e7\u0131kar. Onun i\u00e7in diyorum ki, bu milletin mayas\u0131 M\u00fcsl\u00fcmanl\u0131kt\u0131r ve bu millet kendi mayas\u0131yla bulu\u015fmay\u0131 bilir. Bize d\u00fc\u015fense sadece o \u00fczerine k\u00fcl tutmu\u015f olan k\u00f6zleri \u00fcflemek ve alt\u0131ndaki o kor ate\u015fi yeniden ortaya \u00e7\u0131karmakt\u0131r.&#8221;<\/p>\n<h3>&#8220;Bizim i\u015fimiz mahalledeki o ruhu canland\u0131rmak&#8221;<\/h3>\n<p>\u0130stanbul Valisi Davut G\u00fcl ise mahalle \u00f6l\u00e7e\u011finde din g\u00f6revlileri ile \u00e7al\u0131\u015fma yapacaklar\u0131n\u0131 s\u00f6yledi.<\/p>\n<p>&#8220;Sadece bizlere emrolunan namaz k\u0131lmak de\u011fil, ayn\u0131 zamanda cemaatle namaz k\u0131lmakt\u0131r.&#8221; diyen G\u00fcl, bunun i\u00e7in camileri hayat\u0131n merkezine alarak din g\u00f6revlileri \u00f6nc\u00fcl\u00fc\u011f\u00fcnde, b\u00fct\u00fcn sosyal olaylara \u00f6nc\u00fcl\u00fck ederek bir \u00e7al\u0131\u015fma yapacaklar\u0131n\u0131 kaydetti.<\/p>\n<p>Vali G\u00fcl, &#8220;Bizim i\u015fimiz mahalledeki o ruhu canland\u0131rmak. Bunun i\u00e7in mahalledeki dilenci, sokakta yatan insanlar, mahalledeki ba\u011f\u0131ml\u0131lar, mahalledeki gen\u00e7ler, mahalledeki han\u0131m karde\u015flerimiz hepsi bizim birinci \u00f6nceli\u011fimiz.&#8221; diye konu\u015ftu.<\/p>\n<p>\u0130stanbul M\u00fcft\u00fcs\u00fc Safi Arpagu\u015f da Camiler ve Din G\u00f6revlileri Haftas\u0131&#8217;n\u0131n bu y\u0131lki konusunun &#8220;Hazreti Peygamber, \u0130man ve \u0130stikamet&#8221; olarak belirlendi\u011fini kaydetti.<\/p>\n<p>                            <span class=\"detay-foto-editor\">&#13;<br \/>\n                                <a href=\"https:\/\/www.aa.com.tr\/tr\/p\/abonelik-talep-formu\/1001\" target=\"_blank\" style=\"font-size:12px; color:#444; text-decoration:none;\" rel=\"noopener\">&#13;<br \/>\n                                    Anadolu Ajans\u0131 web sitesinde, AA Haber Ak\u0131\u015f Sistemi (HAS) \u00fczerinden abonelere sunulan haberler, \u00f6zetlenerek yay\u0131mlanmaktad\u0131r. <b style=\"color:#1897F7\">Abonelik i\u00e7in l\u00fctfen ileti\u015fime ge\u00e7iniz.<\/b>&#13;<br \/>\n                                <\/a>&#13;<br \/>\n                            <\/span>\n                        <\/div>\n<p><script>\n\t  window.fbAsyncInit = function() {\n\t\tFB.init({\n\t\t  appId: '1855843514662870',\n\t\t  status : true, \/\/ check login status\n\t\t  cookie : true, \/\/ enable cookies to allow the server to access the session\n\t\t  xfbml  : true  \/\/ parse XFBML\n\t\t});\n\t  };<\/p>\n<p>\t  (function() {\n\t\tvar e = document.createElement('script');\n\t\te.src=\"https:\/\/connect.facebook.net\/tr_TR\/all.js\";\n\t\te.async = true;\n\t\tdocument.getElementById('fb-root').appendChild(e);\n\t  }());\n    <\/script><\/p>\n","protected":false},"excerpt":{"rendered":"<p>TBMM Ba\u015fkan\u0131 Numan Kurtulmu\u015f, &#8220;Tam manas\u0131yla ba\u011f\u0131ms\u0131z, b\u00fct\u00fcn kurum ve kurulu\u015flar\u0131yla te\u015fekk\u00fcl etmi\u015f bir Filistin devleti kurulana kadar Orta Do\u011fu&#8217;daki bu karga\u015fa maalesef sona ermeyecektir. \u0130ki devletli bu \u00e7\u00f6z\u00fcmden ba\u015fka bir yol olmad\u0131\u011f\u0131 art\u0131k ayan beyan ortadad\u0131r.&#8221; dedi. Kurtulmu\u015f, B\u00fcy\u00fck \u00c7aml\u0131ca Camii Konferans Salonu&#8217;nda d\u00fczenlenen Camiler ve Din G\u00f6revlileri Haftas\u0131 Program\u0131&#8217;nda yapt\u0131\u011f\u0131 konu\u015fmada, Hazreti Peygamber&#8217;in [&hellip;]<\/p>\n","protected":false},"author":1,"featured_media":16688,"comment_status":"","ping_status":"","sticky":false,"template":"","format":"standard","meta":[],"categories":[47],"tags":[],"_links":{"self":[{"href":"https:\/\/kraios.app\/news\/wp-json\/wp\/v2\/posts\/16687"}],"collection":[{"href":"https:\/\/kraios.app\/news\/wp-json\/wp\/v2\/posts"}],"about":[{"href":"https:\/\/kraios.app\/news\/wp-json\/wp\/v2\/types\/post"}],"author":[{"embeddable":true,"href":"https:\/\/kraios.app\/news\/wp-json\/wp\/v2\/users\/1"}],"replies":[{"embeddable":true,"href":"https:\/\/kraios.app\/news\/wp-json\/wp\/v2\/comments?post=16687"}],"version-history":[{"count":0,"href":"https:\/\/kraios.app\/news\/wp-json\/wp\/v2\/posts\/16687\/revisions"}],"wp:featuredmedia":[{"embeddable":true,"href":"https:\/\/kraios.app\/news\/wp-json\/wp\/v2\/media\/16688"}],"wp:attachment":[{"href":"https:\/\/kraios.app\/news\/wp-json\/wp\/v2\/media?parent=16687"}],"wp:term":[{"taxonomy":"category","embeddable":true,"href":"https:\/\/kraios.app\/news\/wp-json\/wp\/v2\/categories?post=16687"},{"taxonomy":"post_tag","embeddable":true,"href":"https:\/\/kraios.app\/news\/wp-json\/wp\/v2\/tags?post=16687"}],"curies":[{"name":"wp","href":"https:\/\/api.w.org\/{rel}","templated":true}]}}