{"id":16539,"date":"2023-10-07T16:53:27","date_gmt":"2023-10-07T16:53:27","guid":{"rendered":"https:\/\/kraios.app\/news\/ekonomi\/2023\/10\/07\/alanin-uzmanlari-ariciligin-gelecegini-degerlendirdi\/"},"modified":"2023-10-07T16:53:27","modified_gmt":"2023-10-07T16:53:27","slug":"alanin-uzmanlari-ariciligin-gelecegini-degerlendirdi","status":"publish","type":"post","link":"https:\/\/kraios.app\/news\/ekonomi\/2023\/10\/07\/alanin-uzmanlari-ariciligin-gelecegini-degerlendirdi\/","title":{"rendered":"Alan\u0131n uzmanlar\u0131 ar\u0131c\u0131l\u0131\u011f\u0131n gelece\u011fini de\u011ferlendirdi"},"content":{"rendered":"<p> <br \/>\n<\/p>\n<div>\n<p>Tar\u0131m ve Orman Bakanl\u0131\u011f\u0131 Hayvanc\u0131l\u0131k Genel M\u00fcd\u00fcrl\u00fc\u011f\u00fc Kanatl\u0131 ve Ar\u0131c\u0131l\u0131k Daire Ba\u015fkan\u0131 \u0130slam K\u00f6se, AA muhabirine, ar\u0131c\u0131l\u0131kta en \u00f6nemli fakt\u00f6rlerin ba\u015f\u0131nda iklim \u015fartlar\u0131n\u0131n geldi\u011fini s\u00f6yledi.<\/p>\n<p>Son y\u0131llarda ya\u015fanan iklim de\u011fi\u015fikli\u011finin bal \u00fcretiminde d\u00fc\u015f\u00fc\u015fe neden oldu\u011funa dikkati \u00e7eken K\u00f6se, &#8220;Bir y\u0131l 110 bin tona yak\u0131n \u00fcretim yap\u0131l\u0131rken baz\u0131 y\u0131llar iklim de\u011fi\u015fikli\u011fi nedeniyle 90 bin tona kadar d\u00fc\u015f\u00fcyor. Burada Tar\u0131msal Ara\u015ft\u0131rma Genel M\u00fcd\u00fcrl\u00fc\u011f\u00fcn\u00fcn ar\u0131c\u0131l\u0131\u011f\u0131n iklim de\u011fi\u015fikli\u011fi \u00fczerine bir projesi var. \u0130klim de\u011fi\u015fikli\u011finin ar\u0131lar \u00fczerindeki etkisi ara\u015ft\u0131r\u0131l\u0131yor.&#8221; dedi.<\/p>\n<p><img decoding=\"async\" alt=\"\" src=\"https:\/\/www.aa.com.tr\/uploads\/userFiles\/54a427bf-71c5-4e63-a83d-6196709e92a3\/009_2023%2F003_2023%2F25_Ekim%2F18%2F20231007_2_60585492_93438899.jpg\"\/><br \/><span style=\"font-size:small;\"><em>Foto\u011fraf: \u00d6mer \u00dcrer\/AA<\/em><\/span><\/p>\n<p>\u00c7al\u0131\u015fmalar kapsam\u0131nda b\u00f6lgelerde \u0131slah \u00e7al\u0131\u015fmalar\u0131n\u0131n yap\u0131ld\u0131\u011f\u0131n\u0131 anlatan K\u00f6se, &#8220;Bundan sonra iklim de\u011fi\u015fikli\u011finden en az zarar g\u00f6recek ar\u0131 \u0131rklar\u0131n\u0131n b\u00f6lgelerinde \u0131slah \u00e7al\u0131\u015fmalar\u0131n\u0131 yaparak iklim de\u011fi\u015fikli\u011fine dayan\u0131kl\u0131 \u0131rklar yeti\u015ftirmeye \u00e7al\u0131\u015f\u0131yoruz. Ayn\u0131 zamanda iklim de\u011fi\u015fikli\u011fine uygun flora \u00e7al\u0131\u015fmalar\u0131 var. Bu \u00e7al\u0131\u015fma, Orman Genel M\u00fcd\u00fcrl\u00fc\u011f\u00fcm\u00fczle s\u00fcrd\u00fcr\u00fcl\u00fcyor.&#8221; diye konu\u015ftu.<\/p>\n<p>K\u00f6se, Genel M\u00fcd\u00fcrl\u00fck olarak ar\u0131l\u0131 kovanlara destek verdiklerini, \u00fcretimin devaml\u0131l\u0131\u011f\u0131n\u0131 ama\u00e7lad\u0131klar\u0131n\u0131 dile getirerek, yerli ar\u0131 gen kaynaklar\u0131n\u0131n korunmas\u0131 konusunda da Tar\u0131msal Ara\u015ft\u0131rmalar ve Politikalar Genel M\u00fcd\u00fcrl\u00fc\u011f\u00fcn\u00fcn desteklerinin oldu\u011funu kaydetti.<\/p>\n<p><img decoding=\"async\" alt=\"\" src=\"https:\/\/www.aa.com.tr\/uploads\/userFiles\/54a427bf-71c5-4e63-a83d-6196709e92a3\/009_2023%2F003_2023%2F25_Ekim%2F18%2F20231007_2_60585492_93438904.jpg\"\/><\/p>\n<h3>&#8220;Ar\u0131 kovan\u0131ndan ziyade \u00fcretim alanlar\u0131 olu\u015fturup \u00fcretime destek verilmesini istiyoruz&#8221;<\/h3>\n<p>T\u00fcrkiye Ar\u0131 Yeti\u015ftiricileri Merkez Birli\u011fi (TAB) Ba\u015fkan\u0131 Ziya \u015eahin de T\u00fcrkiye&#8217;de bu y\u0131l &#8220;gal ar\u0131s\u0131&#8221; ve iklim \u015fartlar\u0131 nedeniyle kestane bal\u0131 \u00fcretiminde d\u00fc\u015f\u00fc\u015f ya\u015fand\u0131\u011f\u0131n\u0131 s\u00f6yledi.<\/p>\n<p>\u015eahin, T\u00fcrkiye&#8217;nin de\u011ferli ballara sahip oldu\u011funa dikkati \u00e7ekerek, &#8220;Bizim \u00e7am bal\u0131 gibi de\u011ferli bir bal\u0131m\u0131z var. Kestane, \u0131hlamur, geven, ay\u00e7i\u00e7e\u011fi gibi ballar\u0131m\u0131z var. Bunlar\u0131 de\u011ferlendirip kanalize etmemiz laz\u0131m. T\u00fcrk \u00fcreticimize ar\u0131 kovan\u0131ndan ziyade \u00fcretim alanlar\u0131 olu\u015fturup \u00fcretime destek verilmesini istiyoruz. Bu yap\u0131l\u0131rsa T\u00fcrkiye ger\u00e7ekten zirvededir ve zirveden hi\u00e7 inmeyecektir.&#8221; \u015feklinde konu\u015ftu.<\/p>\n<p>Kestane bal\u0131n\u0131n T\u00fcrkiye&#8217;nin spesifik ballar\u0131ndan oldu\u011funu vurgulayan \u015eahin, &#8220;Bu y\u0131l &#8216;gal ar\u0131s\u0131&#8217; ve ya\u011f\u0131\u015flar\u0131n zamans\u0131z olmas\u0131 nedeniyle kestane bal\u0131 \u00fcretiminde d\u00fc\u015f\u00fc\u015f ya\u015fad\u0131k. Bu d\u00fc\u015f\u00fc\u015f b\u00fct\u00fcn T\u00fcrkiye&#8217;de ya\u015fand\u0131. \u0130n\u015fallah gelecek y\u0131llarda bunu telefi edece\u011fiz. Kestane bal\u0131n\u0131n \u00f6zellikleri bilimsel olarak ortaya konuldu. Bundan sonraki s\u00fcre\u00e7te kestane bal\u0131 \u00fcretimi konusunda \u00e7al\u0131\u015fmalar\u0131n yap\u0131lmas\u0131 laz\u0131m.&#8221; ifadelerini kulland\u0131.<\/p>\n<p><img decoding=\"async\" alt=\"\" src=\"https:\/\/www.aa.com.tr\/uploads\/userFiles\/54a427bf-71c5-4e63-a83d-6196709e92a3\/009_2023%2F003_2023%2F25_Ekim%2F18%2F20231007_2_60585492_93438908.jpg\"\/><\/p>\n<h3>&#8220;Apiterapide d\u00fcnyaya \u00f6rnek olaca\u011f\u0131z&#8221;<\/h3>\n<p>Uluslararas\u0131 Apiterapi Federasyonu Ba\u015fkan\u0131 Ali Timu\u00e7in Atayo\u011flu da &#8220;ar\u0131 ve ar\u0131 \u00fcr\u00fcnlerinin geleneksel tamamlay\u0131c\u0131 t\u0131p alan\u0131nda kullan\u0131lmas\u0131&#8221; \u015feklinde tan\u0131mlanan apiterapide T\u00fcrkiye&#8217;nin, d\u00fcnyan\u0131n zirvesini hedefledi\u011fini belirtti.<\/p>\n<p>Atayo\u011flu, apiterapi alan\u0131nda Tar\u0131m ve Orman ile Sa\u011fl\u0131k bakanl\u0131klar\u0131 i\u015fbirli\u011finde yeni mevzuat \u00fczerinde \u00e7al\u0131\u015f\u0131ld\u0131\u011f\u0131n\u0131, yak\u0131n zamanda d\u00fcnyan\u0131n bekledi\u011fi baz\u0131 haberleri duyuracaklar\u0131n\u0131 belirterek, &#8220;Apiterapi konusunda da \u00e7al\u0131\u015fmalar h\u0131zland\u0131. \u015eu an b\u00fct\u00fcn d\u00fcnyan\u0131n takdirle kar\u015f\u0131lad\u0131\u011f\u0131 bir noktaya do\u011fru gidiyoruz. \u0130n\u015fallah apiterapide d\u00fcnyaya \u00f6rnek olaca\u011f\u0131z.&#8221; dedi.<\/p>\n<p>                            <span class=\"detay-foto-editor\">&#13;<br \/>\n                                <a href=\"https:\/\/www.aa.com.tr\/tr\/p\/abonelik-talep-formu\/1001\" target=\"_blank\" style=\"font-size:12px; color:#444; text-decoration:none;\" rel=\"noopener\">&#13;<br \/>\n                                    Anadolu Ajans\u0131 web sitesinde, AA Haber Ak\u0131\u015f Sistemi (HAS) \u00fczerinden abonelere sunulan haberler, \u00f6zetlenerek yay\u0131mlanmaktad\u0131r. <b style=\"color:#1897F7\">Abonelik i\u00e7in l\u00fctfen ileti\u015fime ge\u00e7iniz.<\/b>&#13;<br \/>\n                                <\/a>&#13;<br \/>\n                            <\/span>\n                        <\/div>\n<p><script>\n\t  window.fbAsyncInit = function() {\n\t\tFB.init({\n\t\t  appId: '1855843514662870',\n\t\t  status : true, \/\/ check login status\n\t\t  cookie : true, \/\/ enable cookies to allow the server to access the session\n\t\t  xfbml  : true  \/\/ parse XFBML\n\t\t});\n\t  };<\/p>\n<p>\t  (function() {\n\t\tvar e = document.createElement('script');\n\t\te.src=\"https:\/\/connect.facebook.net\/tr_TR\/all.js\";\n\t\te.async = true;\n\t\tdocument.getElementById('fb-root').appendChild(e);\n\t  }());\n    <\/script><br \/>\n<br \/><br \/>\n<br \/><a href=\"https:\/\/www.aa.com.tr\/tr\/ekonomi\/alanin-uzmanlari-ariciligin-gelecegini-degerlendirdi\/3010665\">Source link <\/a><\/p>\n","protected":false},"excerpt":{"rendered":"<p>Tar\u0131m ve Orman Bakanl\u0131\u011f\u0131 Hayvanc\u0131l\u0131k Genel M\u00fcd\u00fcrl\u00fc\u011f\u00fc Kanatl\u0131 ve Ar\u0131c\u0131l\u0131k Daire Ba\u015fkan\u0131 \u0130slam K\u00f6se, AA muhabirine, ar\u0131c\u0131l\u0131kta en \u00f6nemli fakt\u00f6rlerin ba\u015f\u0131nda iklim \u015fartlar\u0131n\u0131n geldi\u011fini s\u00f6yledi. Son y\u0131llarda ya\u015fanan iklim de\u011fi\u015fikli\u011finin bal \u00fcretiminde d\u00fc\u015f\u00fc\u015fe neden oldu\u011funa dikkati \u00e7eken K\u00f6se, &#8220;Bir y\u0131l 110 bin tona yak\u0131n \u00fcretim yap\u0131l\u0131rken baz\u0131 y\u0131llar iklim de\u011fi\u015fikli\u011fi nedeniyle 90 bin tona kadar [&hellip;]<\/p>\n","protected":false},"author":1,"featured_media":16540,"comment_status":"","ping_status":"","sticky":false,"template":"","format":"standard","meta":[],"categories":[44],"tags":[],"_links":{"self":[{"href":"https:\/\/kraios.app\/news\/wp-json\/wp\/v2\/posts\/16539"}],"collection":[{"href":"https:\/\/kraios.app\/news\/wp-json\/wp\/v2\/posts"}],"about":[{"href":"https:\/\/kraios.app\/news\/wp-json\/wp\/v2\/types\/post"}],"author":[{"embeddable":true,"href":"https:\/\/kraios.app\/news\/wp-json\/wp\/v2\/users\/1"}],"replies":[{"embeddable":true,"href":"https:\/\/kraios.app\/news\/wp-json\/wp\/v2\/comments?post=16539"}],"version-history":[{"count":0,"href":"https:\/\/kraios.app\/news\/wp-json\/wp\/v2\/posts\/16539\/revisions"}],"wp:featuredmedia":[{"embeddable":true,"href":"https:\/\/kraios.app\/news\/wp-json\/wp\/v2\/media\/16540"}],"wp:attachment":[{"href":"https:\/\/kraios.app\/news\/wp-json\/wp\/v2\/media?parent=16539"}],"wp:term":[{"taxonomy":"category","embeddable":true,"href":"https:\/\/kraios.app\/news\/wp-json\/wp\/v2\/categories?post=16539"},{"taxonomy":"post_tag","embeddable":true,"href":"https:\/\/kraios.app\/news\/wp-json\/wp\/v2\/tags?post=16539"}],"curies":[{"name":"wp","href":"https:\/\/api.w.org\/{rel}","templated":true}]}}