{"id":16528,"date":"2023-10-07T16:05:55","date_gmt":"2023-10-07T16:05:55","guid":{"rendered":"https:\/\/kraios.app\/news\/ekonomi\/2023\/10\/07\/kardemirde-hedef-yuksek-katma-degerli-35-milyon-ton-celik-uretimi\/"},"modified":"2023-10-07T16:05:55","modified_gmt":"2023-10-07T16:05:55","slug":"kardemirde-hedef-yuksek-katma-degerli-35-milyon-ton-celik-uretimi","status":"publish","type":"post","link":"https:\/\/kraios.app\/news\/ekonomi\/2023\/10\/07\/kardemirde-hedef-yuksek-katma-degerli-35-milyon-ton-celik-uretimi\/","title":{"rendered":"KARDEM\u0130R&#8217;de hedef y\u00fcksek katma de\u011ferli 3,5 milyon ton \u00e7elik \u00fcretimi"},"content":{"rendered":"<p> <br \/>\n<\/p>\n<div>\n<p>Karab\u00fck Demir ve \u00c7elik Fabrikalar\u0131n\u0131n (KARDEM\u0130R) yay\u0131mlad\u0131\u011f\u0131 2022 S\u00fcrd\u00fcr\u00fclebilirlik Raporu&#8217;nda g\u00f6r\u00fc\u015flerine yer verilen Utkanlar, 2022&#8217;nin t\u00fcm d\u00fcnyay\u0131 etkileyen k\u00fcresel bir salg\u0131ndan \u00e7\u0131k\u0131\u015fla ba\u015flad\u0131\u011f\u0131n\u0131 hat\u0131rlatt\u0131.<\/p>\n<p>Rusya-Ukrayna sava\u015f\u0131na de\u011finen Utkanlar, &#8220;Y\u0131k\u0131c\u0131 insani boyutlar\u0131n\u0131n yan\u0131 s\u0131ra bu jeopolitik geli\u015fme, enerji fiyatlar\u0131n\u0131n y\u00fckselmesinden tedarik zinciri zorluklar\u0131na kadar sekt\u00f6r\u00fcm\u00fcz\u00fc de etkileyen \u00f6nemli sonu\u00e7lar do\u011furmu\u015ftur. Piyasalar y\u0131l boyunca dalgalanmalar arz etmi\u015f, \u00f6ng\u00f6r\u00fc alan\u0131 \u00f6nemli oranda k\u0131salm\u0131\u015ft\u0131r. \u0130\u015fimizi sorumlu ve s\u00fcrd\u00fcr\u00fclebilirlik odakl\u0131 bir yakla\u015f\u0131mla y\u00f6netme konusundaki stratejik duru\u015fumuz, yetkinliklerimiz ve d\u0131\u015fsal ortam\u0131n sundu\u011fu olumsuzluklar\u0131 ba\u015far\u0131yla y\u00f6netme g\u00fcc\u00fcm\u00fcz 2022 y\u0131l\u0131n\u0131 ba\u015far\u0131l\u0131 bir performansla tamamlamam\u0131z\u0131 sa\u011flam\u0131\u015ft\u0131r.&#8221; de\u011ferlendirmesinde bulundu.<\/p>\n<p><img decoding=\"async\" alt=\"\" src=\"https:\/\/www.aa.com.tr\/uploads\/userFiles\/c9f1ae26-3cf3-4ab4-9d72-230dedd01a4c\/20231007_2_60585744_93439481.jpg\"\/><\/p>\n<p>&#8220;Y\u00fcksek katma de\u011ferli, \u00fcr\u00fcn i\u00e7eri\u011fi zengin 3,5 milyon ton \u00e7elik \u00fcretim hedefi ile Cumhuriyet&#8217;imizin ikinci y\u00fczy\u0131l\u0131nda, T\u00fcrkiye&#8217;nin sanayi kurulu\u015flar\u0131 aras\u0131nda en \u00f6n s\u0131ralarda yer alan bir d\u00fcnya \u015firketi olmay\u0131 hedefliyoruz.&#8221; ifadesini kullanan Utkanlar, \u015funlar\u0131 kaydetti:<\/p>\n<p>&#8220;KARDEM\u0130R 2022&#8217;de 5 nolu y\u00fcksek f\u0131r\u0131n\u0131nda y\u0131ll\u0131k \u00fcretim rekoru k\u0131rm\u0131\u015f, 2,22 milyon ton ham \u00e7elik \u00fcretimi ve buna ba\u011fl\u0131 olarak 2,14 milyon ton nihai mamul \u00fcretimi ger\u00e7ekle\u015ftirmi\u015ftir. Bu d\u00f6nemde hayata ge\u00e7irdi\u011fimiz \u00e7al\u0131\u015fmalar sonucunda 8 farkl\u0131 \u00e7elik kalitesi ve 74 yeni \u00fcr\u00fcn otomotiv, demir yolu, savunma, makine imalat gibi katma de\u011feri y\u00fcksek sekt\u00f6rlerin hizmetine sunulmu\u015ftur. Y\u00fcksek katma de\u011ferli \u00fcr\u00fcnlerin ithalat\u0131n\u0131n ve dolays\u0131yla d\u0131\u015f ticaret a\u00e7\u0131\u011f\u0131n\u0131n azalt\u0131lmas\u0131na, milli sermayenin yurt i\u00e7inde kalmas\u0131yla ekonomimizin d\u0131\u015f ticaret dengesine katk\u0131 sunan bu \u00e7al\u0131\u015fmalar, ekibimizin ortak ve b\u00fcy\u00fck gururudur.&#8221;<\/p>\n<p>Utkanlar, 2006-2019 y\u0131llar\u0131nda tamamlanan 1. ve 2. etap \u00e7evre yat\u0131r\u0131mlar\u0131n\u0131n 150 milyon dolara ula\u015ft\u0131\u011f\u0131n\u0131, 2024&#8217;te tamamlanmas\u0131 planlanan 3. etap \u00e7evre yat\u0131r\u0131m\u0131n ise 50 milyon dolara mal olaca\u011f\u0131n\u0131 aktard\u0131.<\/p>\n<p>KARDEM\u0130R&#8217;in 6,6 milyon liras\u0131 2022&#8217;de olmak \u00fczere 2019-2022 d\u00f6neminde toplam 17,9 milyon lira AR-GE harcamas\u0131 ger\u00e7ekle\u015ftirdi\u011fi bilgisini payla\u015fan Utkanlar, &#8220;\u00d6n\u00fcm\u00fczdeki d\u00f6nemde devreye almay\u0131 hedefledi\u011fimiz yeni teknolojilerin gere\u011fi olarak AR-GE alan\u0131ndaki \u00e7al\u0131\u015fmalar\u0131m\u0131z\u0131n ve dolay\u0131s\u0131yla yat\u0131r\u0131mlar\u0131m\u0131z\u0131n artaca\u011f\u0131n\u0131 \u00f6ng\u00f6r\u00fcyoruz. Di\u011fer taraftan ortak AR-GE \u00e7al\u0131\u015fmalar\u0131n\u0131 \u00f6nemsiyor, ulusal ve uluslararas\u0131 \u00e7a\u011fr\u0131lara kat\u0131l\u0131m sa\u011flamak akademi d\u00fcnyas\u0131yla gelece\u011fin teknolojilerini ara\u015ft\u0131rmak i\u00e7in \u00fcniversite i\u015f birliklerinin yan\u0131 s\u0131ra \u00f6zel sekt\u00f6r ve sekt\u00f6rel derneklerle de bir araya gelmeye devam ediyoruz.&#8221; ifadelerini kulland\u0131.<\/p>\n<p><img decoding=\"async\" alt=\"\" src=\"https:\/\/www.aa.com.tr\/uploads\/userFiles\/c9f1ae26-3cf3-4ab4-9d72-230dedd01a4c\/20231007_2_60585744_93439479.jpg\"\/><\/p>\n<h3>&#8220;KARDEM\u0130R 2022&#8217;de 23,1 milyon ton ham maddeyi geri d\u00f6n\u00fc\u015ft\u00fcrd\u00fc&#8221;<\/h3>\n<p>Utkanlar, KARDEM\u0130R&#8217;in 2022&#8217;de faaliyetlerinin \u00e7e\u015fitli s\u00fcre\u00e7lerinde olu\u015fan yeniden kullan\u0131labilir at\u0131klardan 23,1 milyon ton ham maddeyi geri d\u00f6n\u00fc\u015ft\u00fcr\u00fcp ekonomiye kazand\u0131rd\u0131\u011f\u0131n\u0131 vurgulayarak \u015f\u00f6yle devam etti:<\/p>\n<p>&#8220;Sekt\u00f6r\u00fcm\u00fczde \u00f6nc\u00fc konumumuzu s\u00fcrd\u00fcrmek ve d\u00fcnya \u015firketi olmak yolunda, nitelikli personelin \u00e7al\u0131\u015fmaktan gurur duydu\u011fu, sunulan sosyal, k\u00fclt\u00fcrel, geli\u015fim ve yarat\u0131c\u0131l\u0131k imkanlar\u0131 ile memnuniyet ve ba\u011fl\u0131l\u0131\u011f\u0131n en \u00fcst seviyede oldu\u011fu i\u015f ortam\u0131m\u0131z\u0131 s\u00fcrd\u00fcrmek de\u011fi\u015fmez hedefimizdir.<\/p>\n<p>Bu do\u011frultuda bir di\u011fer amac\u0131m\u0131z insan kayna\u011f\u0131n\u0131 kurum k\u00fclt\u00fcr\u00fc i\u00e7erisinde \u00f6nceliklendirmek, mevcut ve potansiyel performanslar\u0131na g\u00f6re e\u011fitim, geli\u015fim ve kariyer f\u0131rsatlar\u0131yla desteklemek ve verimlili\u011fi s\u00fcrekli geli\u015ftirmektir. 2022 y\u0131l\u0131nda mesleki ve teknik, y\u00f6netsel, ki\u015fisel geli\u015fim olmak \u00fczere 347 farkl\u0131 konuda toplam 153 bin 44 saat e\u011fitim d\u00fczenlenmi\u015f; ki\u015fi ba\u015f\u0131 e\u011fitim saati 35,58 olmu\u015ftur.<\/p>\n<p>Global bir marka ve k\u00fcresel iddia sahibi bir \u00fcreticiye d\u00f6n\u00fc\u015fme yolculu\u011fumuzda payda\u015flar\u0131m\u0131za taahh\u00fctlerimizi eksiksiz bir \u015fekilde yerine getirmek i\u00e7in yo\u011fun bir mesai harc\u0131yoruz. 87 y\u0131lda in\u015fa etti\u011fimiz e\u015fsiz deneyimi, yeni tecr\u00fcbelerle ta\u00e7land\u0131rarak gelecek nesillere miras b\u0131rakabilmek i\u00e7in iyi bir kurumsal vatanda\u015f olmaya ve giderek artan sorumluluklar\u0131m\u0131z\u0131 eksiksiz yerine getirmeye kararl\u0131y\u0131z. \u015eirketimiz, stratejik hedefleri do\u011frultusunda faaliyetlerini geli\u015ftirecek ve T\u00fcrkiye&#8217;nin kalk\u0131nmas\u0131na olan katk\u0131s\u0131n\u0131n yan\u0131 s\u0131ra k\u00fcresel ilerlemeyi ve iklim kriziyle m\u00fccadeleyi de destekleyecektir. Zorluklar\u0131n f\u0131rsatlar\u0131, \u00e7alkant\u0131lar\u0131n yenilik\u00e7ili\u011fi tetikledi\u011fi noktas\u0131ndan hareketle umudumuzu koruyarak \u00e7al\u0131\u015fmaya ve \u00fcretmeye devam edece\u011fiz.&#8221;<\/p>\n<p>                            <span class=\"detay-foto-editor\">&#13;<br \/>\n                                <a href=\"https:\/\/www.aa.com.tr\/tr\/p\/abonelik-talep-formu\/1001\" target=\"_blank\" style=\"font-size:12px; color:#444; text-decoration:none;\" rel=\"noopener\">&#13;<br \/>\n                                    Anadolu Ajans\u0131 web sitesinde, AA Haber Ak\u0131\u015f Sistemi (HAS) \u00fczerinden abonelere sunulan haberler, \u00f6zetlenerek yay\u0131mlanmaktad\u0131r. <b style=\"color:#1897F7\">Abonelik i\u00e7in l\u00fctfen ileti\u015fime ge\u00e7iniz.<\/b>&#13;<br \/>\n                                <\/a>&#13;<br \/>\n                            <\/span>\n                        <\/div>\n<p><script>\n\t  window.fbAsyncInit = function() {\n\t\tFB.init({\n\t\t  appId: '1855843514662870',\n\t\t  status : true, \/\/ check login status\n\t\t  cookie : true, \/\/ enable cookies to allow the server to access the session\n\t\t  xfbml  : true  \/\/ parse XFBML\n\t\t});\n\t  };<\/p>\n<p>\t  (function() {\n\t\tvar e = document.createElement('script');\n\t\te.src=\"https:\/\/connect.facebook.net\/tr_TR\/all.js\";\n\t\te.async = true;\n\t\tdocument.getElementById('fb-root').appendChild(e);\n\t  }());\n    <\/script><br \/>\n<br \/><br \/>\n<br \/><a href=\"https:\/\/www.aa.com.tr\/tr\/ekonomi\/kardemirde-hedef-yuksek-katma-degerli-3-5-milyon-ton-celik-uretimi\/3010675\">Source link <\/a><\/p>\n","protected":false},"excerpt":{"rendered":"<p>Karab\u00fck Demir ve \u00c7elik Fabrikalar\u0131n\u0131n (KARDEM\u0130R) yay\u0131mlad\u0131\u011f\u0131 2022 S\u00fcrd\u00fcr\u00fclebilirlik Raporu&#8217;nda g\u00f6r\u00fc\u015flerine yer verilen Utkanlar, 2022&#8217;nin t\u00fcm d\u00fcnyay\u0131 etkileyen k\u00fcresel bir salg\u0131ndan \u00e7\u0131k\u0131\u015fla ba\u015flad\u0131\u011f\u0131n\u0131 hat\u0131rlatt\u0131. Rusya-Ukrayna sava\u015f\u0131na de\u011finen Utkanlar, &#8220;Y\u0131k\u0131c\u0131 insani boyutlar\u0131n\u0131n yan\u0131 s\u0131ra bu jeopolitik geli\u015fme, enerji fiyatlar\u0131n\u0131n y\u00fckselmesinden tedarik zinciri zorluklar\u0131na kadar sekt\u00f6r\u00fcm\u00fcz\u00fc de etkileyen \u00f6nemli sonu\u00e7lar do\u011furmu\u015ftur. Piyasalar y\u0131l boyunca dalgalanmalar arz etmi\u015f, [&hellip;]<\/p>\n","protected":false},"author":1,"featured_media":16529,"comment_status":"","ping_status":"","sticky":false,"template":"","format":"standard","meta":[],"categories":[44],"tags":[],"_links":{"self":[{"href":"https:\/\/kraios.app\/news\/wp-json\/wp\/v2\/posts\/16528"}],"collection":[{"href":"https:\/\/kraios.app\/news\/wp-json\/wp\/v2\/posts"}],"about":[{"href":"https:\/\/kraios.app\/news\/wp-json\/wp\/v2\/types\/post"}],"author":[{"embeddable":true,"href":"https:\/\/kraios.app\/news\/wp-json\/wp\/v2\/users\/1"}],"replies":[{"embeddable":true,"href":"https:\/\/kraios.app\/news\/wp-json\/wp\/v2\/comments?post=16528"}],"version-history":[{"count":0,"href":"https:\/\/kraios.app\/news\/wp-json\/wp\/v2\/posts\/16528\/revisions"}],"wp:featuredmedia":[{"embeddable":true,"href":"https:\/\/kraios.app\/news\/wp-json\/wp\/v2\/media\/16529"}],"wp:attachment":[{"href":"https:\/\/kraios.app\/news\/wp-json\/wp\/v2\/media?parent=16528"}],"wp:term":[{"taxonomy":"category","embeddable":true,"href":"https:\/\/kraios.app\/news\/wp-json\/wp\/v2\/categories?post=16528"},{"taxonomy":"post_tag","embeddable":true,"href":"https:\/\/kraios.app\/news\/wp-json\/wp\/v2\/tags?post=16528"}],"curies":[{"name":"wp","href":"https:\/\/api.w.org\/{rel}","templated":true}]}}