{"id":16519,"date":"2023-10-07T15:29:35","date_gmt":"2023-10-07T15:29:35","guid":{"rendered":"https:\/\/kraios.app\/news\/siyaset\/2023\/10\/07\/cumhurbaskani-erdogan-ak-parti-genel-baskanligina-yeniden-secildi\/"},"modified":"2023-10-07T15:29:35","modified_gmt":"2023-10-07T15:29:35","slug":"cumhurbaskani-erdogan-ak-parti-genel-baskanligina-yeniden-secildi","status":"publish","type":"post","link":"https:\/\/kraios.app\/news\/siyaset\/2023\/10\/07\/cumhurbaskani-erdogan-ak-parti-genel-baskanligina-yeniden-secildi\/","title":{"rendered":"Cumhurba\u015fkan\u0131 Erdo\u011fan, AK Parti Genel Ba\u015fkanl\u0131\u011f\u0131na yeniden se\u00e7ildi"},"content":{"rendered":"<p><\/p>\n<div>\n<p class=\"videoWrapper\">AK Parti&#8217;nin, Ankara Spor Salonu&#8217;nda yap\u0131lan 4. Ola\u011fan\u00fcst\u00fc B\u00fcy\u00fck Kongresi&#8217;nde genel ba\u015fkanl\u0131k se\u00e7imi sonu\u00e7land\u0131.<\/p>\n<p>Kongre Divan Ba\u015fkan\u0131 Ali \u0130hsan Yavuz, se\u00e7im sonu\u00e7lar\u0131na g\u00f6re 1402 oy kullan\u0131ld\u0131\u011f\u0131n\u0131, 1399 oyun ge\u00e7erli, 3 oyun ge\u00e7ersiz say\u0131ld\u0131\u011f\u0131n\u0131 bildirdi.<\/p>\n<div class=\"jeg_video_container jeg_video_content\"><iframe loading=\"lazy\" title=\"Cumhurba\u015fkan\u0131 Erdo\u011fan: Yerel y\u00f6netimlerde de yeni bir d\u00f6nemi ba\u015flataca\u011f\u0131z\" width=\"500\" height=\"281\" src=\"https:\/\/www.youtube.com\/embed\/FQ3GXKr5LHU?feature=oembed\" frameborder=\"0\" allow=\"accelerometer; autoplay; clipboard-write; encrypted-media; gyroscope; picture-in-picture; web-share\" allowfullscreen><\/iframe><\/div>\n<p>&amp;lt;br class=&#8221;k-br&#8221; \/&amp;gt;<\/iframe><\/p>\n<p>Yavuz, Erdo\u011fan&#8217;\u0131n ge\u00e7erli 1399 oyun tamam\u0131n\u0131 alarak yeniden AK Parti Genel Ba\u015fkanl\u0131\u011f\u0131na se\u00e7ildi\u011fini duyurdu.<\/p>\n<p>Partinin 75 \u00fcyeden olu\u015fan Merkez Karar ve Y\u00f6netim Kurulu da ayn\u0131 oylamayla belirlendi.<\/p>\n<h3>&#8220;\u0130llerimizi ger\u00e7ek belediyecilikle bulu\u015fturmak, boynumuzun borcudur&#8221;<\/h3>\n<p>Erdo\u011fan, genel ba\u015fkanl\u0131\u011fa yeniden se\u00e7ilmesinin ard\u0131ndan te\u015fekk\u00fcr konu\u015fmas\u0131 yapt\u0131.<\/p>\n<p>Kongreye yurt d\u0131\u015f\u0131ndan gelen misafirleriyle g\u00f6r\u00fc\u015fmeler yapt\u0131\u011f\u0131n\u0131 belirten Erdo\u011fan, Cumhurba\u015fkan\u0131 Yard\u0131mc\u0131s\u0131 Cevdet Y\u0131lmaz ve D\u0131\u015fi\u015fleri Bakan\u0131 Hakan Fidan&#8217;\u0131n misafirleri a\u011f\u0131rlamaya devam edece\u011fini s\u00f6yledi.<\/p>\n<p>Kongreyi al\u0131nlar\u0131n\u0131n ak\u0131yla, partilerine yara\u015f\u0131r bir co\u015fkuyla tamamlad\u0131klar\u0131n\u0131 dile getiren Erdo\u011fan, kongrenin \u00fclke, millet ve parti i\u00e7in hay\u0131rlara vesile olmas\u0131n\u0131 Allah&#8217;tan niyaz etti.<\/p>\n<p>Kendisini bir kez daha genel ba\u015fkanl\u0131k g\u00f6revine lay\u0131k g\u00f6rd\u00fckleri i\u00e7in herkese \u015f\u00fckranlar\u0131n\u0131 sunan Erdo\u011fan, Merkez Karar ve Y\u00f6netim Kuruluna, Merkez Disiplin Kuruluna, Demokrasi Hakem Kuruluna, Siyasi Erdem ve Etik Kuruluna asil ve yedek olarak se\u00e7ilen t\u00fcm arkada\u015flar\u0131n\u0131 kutlad\u0131.<\/p>\n<p>Erdo\u011fan, T\u00fcrkiye Y\u00fczy\u0131l\u0131 \u00fclk\u00fcs\u00fcyle \u00e7\u0131kt\u0131klar\u0131 bu kutlu yolculukta \u00e7ok a\u011f\u0131r bir sorumluluk \u00fcstlendiklerini belirterek bir taraftan \u00fclkeyi hedefleriyle bulu\u015fturmaya \u00e7al\u0131\u015facaklar\u0131n\u0131 di\u011fer taraftan da vatanda\u015flar\u0131n sorunlar\u0131na, s\u0131k\u0131nt\u0131lar\u0131na \u00e7\u00f6z\u00fcm \u00fcreteceklerini bildirdi.<\/p>\n<p>Gelecek hafta 7 ki\u015filik Y\u00fcksek \u0130sti\u015fare Kurulunu a\u00e7\u0131klayaca\u011f\u0131n\u0131 belirten Erdo\u011fan, bu kurulun a\u011f\u0131rl\u0131kl\u0131 olarak daha \u00f6nce TBMM&#8217;de ba\u015fkanl\u0131k g\u00f6revi yapanlardan olu\u015ftu\u011funu an\u0131msatt\u0131.<\/p>\n<p>Ter\u00f6rden sava\u015fa kadar b\u00f6lgede \u00e7ok ciddi krizler ya\u015fan\u0131rken kendilerinin hep birlikte omuz omuza vererek T\u00fcrkiye Y\u00fczy\u0131l\u0131&#8217;n\u0131 in\u015fa edeceklerini kaydeden Erdo\u011fan, sadece 85 milyonun de\u011fil, y\u00f6n\u00fcn\u00fc T\u00fcrkiye&#8217;ye \u00e7evirmi\u015f y\u00fcz milyonlar\u0131n da umudu olan bir parti olduklar\u0131n\u0131 s\u00f6yledi.<\/p>\n<h3>&#8220;Daha fazla g\u00f6n\u00fcle girerek m\u00fccadeleyi devam ettirece\u011fiz&#8221;<\/h3>\n<p>Kendi insanlar\u0131yla birlikte g\u00f6n\u00fcl co\u011frafyalar\u0131ndaki insanlar\u0131n da emanetini ta\u015f\u0131d\u0131klar\u0131n\u0131 ifade eden Erdo\u011fan, her zamankinden daha \u00e7ok \u00e7al\u0131\u015farak, ko\u015fturarak, daha fazla say\u0131da g\u00f6nle girerek m\u00fccadeleyi devam ettireceklerini belirtti.<\/p>\n<p>&#8220;\u0130ki g\u00fcn\u00fc birbirine e\u015fit olan ziyandad\u0131r.&#8221; tavsiyesine uygun \u015fekilde, \u00f6zellikle 31 Mart Mahalli \u0130dareler se\u00e7imlerine kadar tempolar\u0131n\u0131 biraz daha art\u0131rmalar\u0131 gerekti\u011fine i\u015faret eden Erdo\u011fan, \u015funlar\u0131 s\u00f6yledi:<\/p>\n<p>&#8220;CHP zihniyetinin elinde bak\u0131ms\u0131zl\u0131\u011fa, hizmetsizli\u011fe, adeta \u00e7\u00fcr\u00fcmeye terk edilen illerimizi ger\u00e7ek belediyecilikle bulu\u015fturmak, boynumuzun borcudur. Cumhur \u0130ttifak\u0131 olarak, ba\u015fta \u0130stanbul, Ankara olmak \u00fczere bu illerimizle birlikte deprem b\u00f6lgesinin 11 vilayetini de kucaklayacak \u015fekilde b\u00fcy\u00fck oranda b\u00fcy\u00fck\u015fehirlerimizi masaya tam manas\u0131yla yat\u0131r\u0131p gece g\u00fcnd\u00fcz demeden, yo\u011fun bir \u00e7al\u0131\u015fmayla durmak yok, yola devam diyece\u011fiz. CHP karanl\u0131\u011f\u0131n\u0131n karabasan misali \u00e7\u00f6kt\u00fc\u011f\u00fc t\u00fcm vilayetlerimiz, buralarda ya\u015fayan vatanda\u015flar\u0131m\u0131z sab\u0131rs\u0131zl\u0131kla 31 Mart&#8217;\u0131 bekliyor. &#8217;31 Mart gelsin de biz bunlardan kurtulal\u0131m&#8217; diyorlar. 14 ve 28 May\u0131s se\u00e7imlerinde elde etti\u011fimiz kritik ba\u015far\u0131y\u0131, 31 Mart&#8217;ta tekrarlayarak yerel y\u00f6netimlerde de yeni bir d\u00f6nemi ba\u015flataca\u011f\u0131z.&#8221;<\/p>\n<p>Bunun i\u00e7in yapmalar\u0131 gerekenlerin belli oldu\u011funu ifade eden Erdo\u011fan, \u015funlar\u0131 kaydetti:<\/p>\n<p>&#8220;Kap\u0131s\u0131 \u00e7al\u0131nmad\u0131k hane, hali hat\u0131r\u0131 sorulmad\u0131k vatanda\u015f b\u0131rakmayaca\u011f\u0131z. \u00c7ar\u015f\u0131da, pazarda, sokakta, kahvede daima insan\u0131m\u0131zla beraber olaca\u011f\u0131z. Tevazudan taviz vermeyece\u011fiz. Zira AK Parti&#8217;nin mensuplar\u0131 tevazu ehlidir. Gurur, kibir abidesi de\u011fildir. Buna \u00e7ok dikkat edece\u011fiz. Kibre kesinlikle kap\u0131lmayacak, hangi g\u00f6r\u00fc\u015ften, k\u00f6kenden olursa olsun vatanda\u015flar\u0131m\u0131za kar\u015f\u0131 her zaman tevazuyla yakla\u015faca\u011f\u0131z. Muhalefetin bizi b\u00f6lmesine, aram\u0131za nifak tohumlar\u0131 ekmesine, bizi kendi s\u0131\u011f g\u00fcndemiyle oyalamas\u0131na f\u0131rsat vermeyece\u011fiz. \u00d6zellikle gen\u00e7lerimizin muhalefetin bir t\u00fcrl\u00fc bitmeyen koltuk kavgalar\u0131na bak\u0131p da siyasete k\u00fcsmesine, siyasetten uzakla\u015fmas\u0131na mani olaca\u011f\u0131z. Bunlar\u0131 yapt\u0131\u011f\u0131m\u0131zda Allah&#8217;\u0131n izniyle 31 Mart&#8217;ta da \u00e7ok b\u00fcy\u00fck bir zaferin bizleri bekledi\u011fine inan\u0131yorum. Sizlerden davam\u0131za, partimize ve ittifak\u0131m\u0131za sahip \u00e7\u0131kman\u0131z\u0131 bekliyorum. Sizlerden omuzlar\u0131n\u0131zdaki a\u011f\u0131r y\u00fck\u00fcn bilinciyle gece-g\u00fcnd\u00fcz demeden \u00e7al\u0131\u015fman\u0131z\u0131 istirham ediyorum. Sizlerden evlatlar\u0131m\u0131za b\u0131rakaca\u011f\u0131m\u0131z en b\u00fcy\u00fck miras olan T\u00fcrkiye Y\u00fczy\u0131l\u0131&#8217;n\u0131n in\u015fas\u0131na t\u00fcm kuvvetinizle omuz vermenizi \u00f6zellikle rica ediyorum. Sizlere g\u00fcveniyorum, inan\u0131yorum.&#8221;<\/p>\n<p>Bu se\u00e7imde farkl\u0131 bir uygulama yapt\u0131klar\u0131na i\u015faret eden Erdo\u011fan, &#8220;Nedir bu farkl\u0131 uygulama? Parlamentoyu \u00e7al\u0131\u015fmalar\u0131m\u0131z\u0131n i\u00e7erisinde hemen hemen hi\u00e7 de\u011ferlendirmedik. Yeni, geni\u015f, kapsaml\u0131 bir ekiple partimiz te\u015fkilat\u0131n\u0131 olu\u015fturduk. \u0130stedik ki \u00e7ok daha farkl\u0131 \u00e7al\u0131\u015fma ekibiyle parti te\u015fkilat\u0131n\u0131 olu\u015ftural\u0131m, yay\u0131lmac\u0131 bir yap\u0131m\u0131z olsun ve onlarla \u00e7al\u0131\u015fmam\u0131z\u0131 s\u00fcrd\u00fcrelim.&#8221; ifadelerini kulland\u0131.<\/p>\n<p>                            <span class=\"detay-foto-editor\">&#13;<br \/>\n                                <a href=\"https:\/\/www.aa.com.tr\/tr\/p\/abonelik-talep-formu\/1001\" target=\"_blank\" style=\"font-size:12px; color:#444; text-decoration:none;\" rel=\"noopener\">&#13;<br \/>\n                                    Anadolu Ajans\u0131 web sitesinde, AA Haber Ak\u0131\u015f Sistemi (HAS) \u00fczerinden abonelere sunulan haberler, \u00f6zetlenerek yay\u0131mlanmaktad\u0131r. <b style=\"color:#1897F7\">Abonelik i\u00e7in l\u00fctfen ileti\u015fime ge\u00e7iniz.<\/b>&#13;<br \/>\n                                <\/a>&#13;<br \/>\n                            <\/span>\n                        <\/div>\n<p><script>\n\t  window.fbAsyncInit = function() {\n\t\tFB.init({\n\t\t  appId: '1855843514662870',\n\t\t  status : true, \/\/ check login status\n\t\t  cookie : true, \/\/ enable cookies to allow the server to access the session\n\t\t  xfbml  : true  \/\/ parse XFBML\n\t\t});\n\t  };<\/p>\n<p>\t  (function() {\n\t\tvar e = document.createElement('script');\n\t\te.src=\"https:\/\/connect.facebook.net\/tr_TR\/all.js\";\n\t\te.async = true;\n\t\tdocument.getElementById('fb-root').appendChild(e);\n\t  }());\n    <\/script><\/p>\n","protected":false},"excerpt":{"rendered":"<p>AK Parti&#8217;nin, Ankara Spor Salonu&#8217;nda yap\u0131lan 4. Ola\u011fan\u00fcst\u00fc B\u00fcy\u00fck Kongresi&#8217;nde genel ba\u015fkanl\u0131k se\u00e7imi sonu\u00e7land\u0131. Kongre Divan Ba\u015fkan\u0131 Ali \u0130hsan Yavuz, se\u00e7im sonu\u00e7lar\u0131na g\u00f6re 1402 oy kullan\u0131ld\u0131\u011f\u0131n\u0131, 1399 oyun ge\u00e7erli, 3 oyun ge\u00e7ersiz say\u0131ld\u0131\u011f\u0131n\u0131 bildirdi. &amp;lt;br class=&#8221;k-br&#8221; \/&amp;gt; Yavuz, Erdo\u011fan&#8217;\u0131n ge\u00e7erli 1399 oyun tamam\u0131n\u0131 alarak yeniden AK Parti Genel Ba\u015fkanl\u0131\u011f\u0131na se\u00e7ildi\u011fini duyurdu. Partinin 75 \u00fcyeden olu\u015fan [&hellip;]<\/p>\n","protected":false},"author":1,"featured_media":16468,"comment_status":"","ping_status":"","sticky":false,"template":"","format":"standard","meta":[],"categories":[47],"tags":[],"_links":{"self":[{"href":"https:\/\/kraios.app\/news\/wp-json\/wp\/v2\/posts\/16519"}],"collection":[{"href":"https:\/\/kraios.app\/news\/wp-json\/wp\/v2\/posts"}],"about":[{"href":"https:\/\/kraios.app\/news\/wp-json\/wp\/v2\/types\/post"}],"author":[{"embeddable":true,"href":"https:\/\/kraios.app\/news\/wp-json\/wp\/v2\/users\/1"}],"replies":[{"embeddable":true,"href":"https:\/\/kraios.app\/news\/wp-json\/wp\/v2\/comments?post=16519"}],"version-history":[{"count":0,"href":"https:\/\/kraios.app\/news\/wp-json\/wp\/v2\/posts\/16519\/revisions"}],"wp:featuredmedia":[{"embeddable":true,"href":"https:\/\/kraios.app\/news\/wp-json\/wp\/v2\/media\/16468"}],"wp:attachment":[{"href":"https:\/\/kraios.app\/news\/wp-json\/wp\/v2\/media?parent=16519"}],"wp:term":[{"taxonomy":"category","embeddable":true,"href":"https:\/\/kraios.app\/news\/wp-json\/wp\/v2\/categories?post=16519"},{"taxonomy":"post_tag","embeddable":true,"href":"https:\/\/kraios.app\/news\/wp-json\/wp\/v2\/tags?post=16519"}],"curies":[{"name":"wp","href":"https:\/\/api.w.org\/{rel}","templated":true}]}}