{"id":16517,"date":"2023-10-07T15:20:51","date_gmt":"2023-10-07T15:20:51","guid":{"rendered":"https:\/\/kraios.app\/news\/ekonomi\/2023\/10\/07\/villa-turizmine-ragbet-artti\/"},"modified":"2023-10-07T15:20:51","modified_gmt":"2023-10-07T15:20:51","slug":"villa-turizmine-ragbet-artti","status":"publish","type":"post","link":"https:\/\/kraios.app\/news\/ekonomi\/2023\/10\/07\/villa-turizmine-ragbet-artti\/","title":{"rendered":"Villa turizmine ra\u011fbet artt\u0131"},"content":{"rendered":"<p> <br \/>\n<\/p>\n<div>\n<p>Yakla\u015f\u0131k 13 milyon turisti a\u011f\u0131rlayan kentte, 5 binin \u00fczerinde tatil villas\u0131n\u0131n bulundu\u011fu Ka\u015f il\u00e7esi, izole tatil isteyenlerin adresi oldu. \u0130l\u00e7ede yakla\u015f\u0131k 15 y\u0131l \u00f6nce ba\u015flayan ve \u00f6zellikle Kovid-19 salg\u0131n\u0131 s\u00fcrecinde ra\u011fbet g\u00f6ren villa turizmi, her ge\u00e7en y\u0131l b\u00fcy\u00fcyerek geli\u015fen bir sekt\u00f6r haline geldi.<\/p>\n<p>K\u00fclt\u00fcr ve Turizm Bakanl\u0131\u011f\u0131 b\u00fcnyesinde kay\u0131tl\u0131 \u015fekilde ve 5 y\u0131ld\u0131z konforunda hizmet veren l\u00fcks villalar, sezonu mutlu kapatt\u0131.<\/p>\n<p>Villa turizmi i\u015fletmecisi \u00d6zg\u00fcr \u00d6nder, AA muhabirine, villa turizminin alternatif turizm sekt\u00f6r\u00fcn\u00fcn bir enstr\u00fcman\u0131 oldu\u011funu s\u00f6yledi.<\/p>\n<p><img decoding=\"async\" alt=\"\" src=\"https:\/\/www.aa.com.tr\/uploads\/userFiles\/a54ea27f-6036-4f79-88c6-6bc9ba19a35d\/08_Nisan%2F05%20eyl%C3%BCl%2F05%2FAA-32332288.jpg\"\/><\/p>\n<p>Balay\u0131 \u00e7iftlerine, \u00e7ekirdek ailelere, arkada\u015f ya da aile gruplar\u0131na 2 ki\u015filikten 12 ki\u015fili\u011fe kadar deniz ve do\u011fa manzaral\u0131 farkl\u0131 konseptlerde tatil imkan\u0131 sunuldu\u011funu anlatan \u00d6nder, &#8220;Ka\u015f&#8217;taki villalar\u0131n y\u00fczde 99&#8217;u turizm ama\u00e7l\u0131 in\u015fa edilmi\u015f evler. \u0130\u00e7inde jakuzi, sauna, T\u00fcrk hamam\u0131, sinema, oyun salonu gibi farkl\u0131 hizmetler sunan villalar var. Buradaki i\u015fletmeler profesyonelle\u015fti.&#8221; diye konu\u015ftu.<\/p>\n<p>Villa fiyatlar\u0131n\u0131n y\u00fcksek sezon olarak nitelendirilen 20 Haziran-15 Eyl\u00fcl aras\u0131nda 2 ki\u015filik 7 gece i\u00e7in 17 bin ile 20 bin lira, 4-5 ki\u015filik 20 bin ile 40 bin lira, 8-10 ki\u015filik ise 35 bin 700 lira ile 100 bin lira aras\u0131nda oldu\u011funu belirten \u00d6nder, villa turizminde sezonun ise nisanda ba\u015flad\u0131\u011f\u0131n\u0131 ve halen devam etti\u011fini kaydetti.<\/p>\n<h3>&#8220;Kahvehanelerin yerini turizme hizmet eden i\u015fletmeler ald\u0131&#8221;<\/h3>\n<p>Villa turizmine ilginin \u00f6zellikle k\u00fcresel salg\u0131n sonras\u0131 artt\u0131\u011f\u0131na i\u015faret eden \u00d6nder, ki\u015fiye \u00f6zel havuz, ev, sauna isteyen, izole bir tatili tercih edenlerin bu d\u00f6nemden sonra villa turizminden daha fazla haberdar oldu\u011funu belirtti.<\/p>\n<p>G\u00fczel bir sezon ge\u00e7irdiklerini dile getiren \u00d6nder, &#8220;Gelen aileler, \u00e7ocuklar mutlu ayr\u0131ld\u0131klar\u0131 i\u00e7in geceleme oran\u0131 her ge\u00e7en y\u0131l artt\u0131. Bu y\u0131l da g\u00fczel ge\u00e7ti, son dakika taleplerine yan\u0131t veremedik, y\u00fcksek sezonda hi\u00e7 bo\u015f yerimiz yoktu, eyl\u00fclde bile bir ka\u00e7 evde bo\u015fluk oldu.&#8221; de\u011ferlendirmesinde bulundu.<\/p>\n<p>\u00d6nder, villa turizminin b\u00f6lgenin istihdam\u0131na da ciddi katk\u0131 sa\u011flad\u0131\u011f\u0131n\u0131 bildirdi.<\/p>\n<p>B\u00f6lgedeki kahvehanelerin yerini turizme hizmet veren i\u015fletmeler ald\u0131\u011f\u0131n\u0131 belirten \u00d6nder, &#8220;B\u00f6lge halk\u0131 ya giri\u015fimci oldu ya villalarda \u00e7al\u0131\u015fmaya ba\u015flad\u0131. Misafir yo\u011funlu\u011fu olu\u015funca market, kafe, kahvalt\u0131 salonu gibi i\u015fletmelerin say\u0131s\u0131 da artt\u0131. \u0130l\u00e7ede ciddi bir ekonomik d\u00f6ng\u00fc olu\u015ftu.&#8221; ifadesini kulland\u0131.<\/p>\n<h3>&#8220;Her b\u00fct\u00e7eye g\u00f6re villa se\u00e7enekleri mevcut&#8221;<\/h3>\n<p>Turizmci Suat D\u00f6nmez, 6 y\u0131ld\u0131r villa kiralama i\u015fi yapt\u0131klar\u0131n\u0131 ve \u00f6zellikle bu y\u0131l \u00e7ok ciddi talep g\u00f6rd\u00fcklerini s\u00f6yledi.<\/p>\n<p>Ka\u015f&#8217;ta villa turizminin pop\u00fcler hale geldi\u011fini dile getiren D\u00f6nmez, yaz sezonunun bitmesine ra\u011fmen doluluk oranlar\u0131n\u0131n y\u00fczde 100&#8217;e yak\u0131n oldu\u011funu bildirdi.<\/p>\n<p>K\u0131\u015f sezonunda bile villa turizmine ilginin oldu\u011funu aktaran D\u00f6nmez, s\u00f6zlerini \u015f\u00f6yle s\u00fcrd\u00fcrd\u00fc:<\/p>\n<p>&#8220;K\u0131\u015f sezonunda sava\u015f nedeniyle Ruslar ve Ukraynal\u0131lardan ciddi talep oldu, doluluk oranlar\u0131 y\u00fczde 60&#8217;a ula\u015ft\u0131. Yaz sezonunda ise taleplere cevap veremedik, yo\u011fun bir yaz sezonu ge\u00e7irdik. Erken rezervasyon yapanlar tatil yapabildi, son dakikaya b\u0131rakanlar villa bulmakta zorland\u0131. Her b\u00fct\u00e7eye g\u00f6re villa se\u00e7enekleri mevcut. Haftal\u0131klar\u0131 25 bin ile 200 bin lira aras\u0131nda de\u011fi\u015fiyor.&#8221;<\/p>\n<p>D\u00f6nmez, gelecek sezonda da yo\u011fun ilgi beklediklerini belirterek, erken rezervasyon yapt\u0131r\u0131lmas\u0131n\u0131 \u00f6nerdi.<\/p>\n<p>                            <span class=\"detay-foto-editor\">&#13;<br \/>\n                                <a href=\"https:\/\/www.aa.com.tr\/tr\/p\/abonelik-talep-formu\/1001\" target=\"_blank\" style=\"font-size:12px; color:#444; text-decoration:none;\" rel=\"noopener\">&#13;<br \/>\n                                    Anadolu Ajans\u0131 web sitesinde, AA Haber Ak\u0131\u015f Sistemi (HAS) \u00fczerinden abonelere sunulan haberler, \u00f6zetlenerek yay\u0131mlanmaktad\u0131r. <b style=\"color:#1897F7\">Abonelik i\u00e7in l\u00fctfen ileti\u015fime ge\u00e7iniz.<\/b>&#13;<br \/>\n                                <\/a>&#13;<br \/>\n                            <\/span>\n                        <\/div>\n<p><script>\n\t  window.fbAsyncInit = function() {\n\t\tFB.init({\n\t\t  appId: '1855843514662870',\n\t\t  status : true, \/\/ check login status\n\t\t  cookie : true, \/\/ enable cookies to allow the server to access the session\n\t\t  xfbml  : true  \/\/ parse XFBML\n\t\t});\n\t  };<\/p>\n<p>\t  (function() {\n\t\tvar e = document.createElement('script');\n\t\te.src=\"https:\/\/connect.facebook.net\/tr_TR\/all.js\";\n\t\te.async = true;\n\t\tdocument.getElementById('fb-root').appendChild(e);\n\t  }());\n    <\/script><br \/>\n<br \/><br \/>\n<br \/><a href=\"https:\/\/www.aa.com.tr\/tr\/ekonomi\/villa-turizmine-ragbet-artti\/3010108\">Source link <\/a><\/p>\n","protected":false},"excerpt":{"rendered":"<p>Yakla\u015f\u0131k 13 milyon turisti a\u011f\u0131rlayan kentte, 5 binin \u00fczerinde tatil villas\u0131n\u0131n bulundu\u011fu Ka\u015f il\u00e7esi, izole tatil isteyenlerin adresi oldu. \u0130l\u00e7ede yakla\u015f\u0131k 15 y\u0131l \u00f6nce ba\u015flayan ve \u00f6zellikle Kovid-19 salg\u0131n\u0131 s\u00fcrecinde ra\u011fbet g\u00f6ren villa turizmi, her ge\u00e7en y\u0131l b\u00fcy\u00fcyerek geli\u015fen bir sekt\u00f6r haline geldi. K\u00fclt\u00fcr ve Turizm Bakanl\u0131\u011f\u0131 b\u00fcnyesinde kay\u0131tl\u0131 \u015fekilde ve 5 y\u0131ld\u0131z konforunda hizmet [&hellip;]<\/p>\n","protected":false},"author":1,"featured_media":16518,"comment_status":"","ping_status":"","sticky":false,"template":"","format":"standard","meta":[],"categories":[44],"tags":[],"_links":{"self":[{"href":"https:\/\/kraios.app\/news\/wp-json\/wp\/v2\/posts\/16517"}],"collection":[{"href":"https:\/\/kraios.app\/news\/wp-json\/wp\/v2\/posts"}],"about":[{"href":"https:\/\/kraios.app\/news\/wp-json\/wp\/v2\/types\/post"}],"author":[{"embeddable":true,"href":"https:\/\/kraios.app\/news\/wp-json\/wp\/v2\/users\/1"}],"replies":[{"embeddable":true,"href":"https:\/\/kraios.app\/news\/wp-json\/wp\/v2\/comments?post=16517"}],"version-history":[{"count":0,"href":"https:\/\/kraios.app\/news\/wp-json\/wp\/v2\/posts\/16517\/revisions"}],"wp:featuredmedia":[{"embeddable":true,"href":"https:\/\/kraios.app\/news\/wp-json\/wp\/v2\/media\/16518"}],"wp:attachment":[{"href":"https:\/\/kraios.app\/news\/wp-json\/wp\/v2\/media?parent=16517"}],"wp:term":[{"taxonomy":"category","embeddable":true,"href":"https:\/\/kraios.app\/news\/wp-json\/wp\/v2\/categories?post=16517"},{"taxonomy":"post_tag","embeddable":true,"href":"https:\/\/kraios.app\/news\/wp-json\/wp\/v2\/tags?post=16517"}],"curies":[{"name":"wp","href":"https:\/\/api.w.org\/{rel}","templated":true}]}}