{"id":16497,"date":"2023-10-07T15:02:04","date_gmt":"2023-10-07T15:02:04","guid":{"rendered":"https:\/\/kraios.app\/news\/siyaset\/2023\/10\/07\/cumhurbaskani-erdogan-irak-temsilciler-meclisi-baskani-muhammed-halbusiyi-kabul-etti\/"},"modified":"2023-10-07T15:02:04","modified_gmt":"2023-10-07T15:02:04","slug":"cumhurbaskani-erdogan-irak-temsilciler-meclisi-baskani-muhammed-halbusiyi-kabul-etti","status":"publish","type":"post","link":"https:\/\/kraios.app\/news\/siyaset\/2023\/10\/07\/cumhurbaskani-erdogan-irak-temsilciler-meclisi-baskani-muhammed-halbusiyi-kabul-etti\/","title":{"rendered":"Cumhurba\u015fkan\u0131 Erdo\u011fan, Irak Temsilciler Meclisi Ba\u015fkan\u0131 Muhammed Halbusi&#039;yi kabul etti"},"content":{"rendered":"<p>Cumhurba\u015fkan\u0131 Erdo\u011fan, Irak Temsilciler Meclisi Ba\u015fkan\u0131 Muhammed Halbusi&#039;yi kabul etti<\/p>\n","protected":false},"excerpt":{"rendered":"<p>Cumhurba\u015fkan\u0131 Erdo\u011fan, Irak Temsilciler Meclisi Ba\u015fkan\u0131 Muhammed Halbusi&#039;yi kabul etti<\/p>\n","protected":false},"author":1,"featured_media":16498,"comment_status":"","ping_status":"","sticky":false,"template":"","format":"standard","meta":[],"categories":[47],"tags":[],"_links":{"self":[{"href":"https:\/\/kraios.app\/news\/wp-json\/wp\/v2\/posts\/16497"}],"collection":[{"href":"https:\/\/kraios.app\/news\/wp-json\/wp\/v2\/posts"}],"about":[{"href":"https:\/\/kraios.app\/news\/wp-json\/wp\/v2\/types\/post"}],"author":[{"embeddable":true,"href":"https:\/\/kraios.app\/news\/wp-json\/wp\/v2\/users\/1"}],"replies":[{"embeddable":true,"href":"https:\/\/kraios.app\/news\/wp-json\/wp\/v2\/comments?post=16497"}],"version-history":[{"count":0,"href":"https:\/\/kraios.app\/news\/wp-json\/wp\/v2\/posts\/16497\/revisions"}],"wp:featuredmedia":[{"embeddable":true,"href":"https:\/\/kraios.app\/news\/wp-json\/wp\/v2\/media\/16498"}],"wp:attachment":[{"href":"https:\/\/kraios.app\/news\/wp-json\/wp\/v2\/media?parent=16497"}],"wp:term":[{"taxonomy":"category","embeddable":true,"href":"https:\/\/kraios.app\/news\/wp-json\/wp\/v2\/categories?post=16497"},{"taxonomy":"post_tag","embeddable":true,"href":"https:\/\/kraios.app\/news\/wp-json\/wp\/v2\/tags?post=16497"}],"curies":[{"name":"wp","href":"https:\/\/api.w.org\/{rel}","templated":true}]}}