{"id":16483,"date":"2023-10-07T14:06:13","date_gmt":"2023-10-07T14:06:13","guid":{"rendered":"https:\/\/kraios.app\/news\/ekonomi\/2023\/10\/07\/savunma-sanayisi-ve-treyler-sektorunde-faaliyet-gosteren-oztreyler-40-yasinda\/"},"modified":"2023-10-07T14:06:13","modified_gmt":"2023-10-07T14:06:13","slug":"savunma-sanayisi-ve-treyler-sektorunde-faaliyet-gosteren-oztreyler-40-yasinda","status":"publish","type":"post","link":"https:\/\/kraios.app\/news\/ekonomi\/2023\/10\/07\/savunma-sanayisi-ve-treyler-sektorunde-faaliyet-gosteren-oztreyler-40-yasinda\/","title":{"rendered":"Savunma sanayisi ve treyler sekt\u00f6r\u00fcnde faaliyet g\u00f6steren \u00d6ztreyler 40 ya\u015f\u0131nda"},"content":{"rendered":"<p> <br \/>\n<\/p>\n<div>\n<p>Ferizli Organize Sanayi B\u00f6lgesi&#8217;ndeki fabrika bah\u00e7esinde d\u00fczenlenen etkinlikte, firman\u0131n ba\u015fta savunma sanayisi olmak \u00fczere treyler sekt\u00f6r\u00fcnde \u00fcretti\u011fi ara\u00e7lar sergilendi.<\/p>\n<p>&#8220;Tank Ta\u015f\u0131y\u0131c\u0131 Lowbed&#8221;, &#8220;Mobil Saha Konteyner ve Ta\u015f\u0131y\u0131c\u0131&#8221;, &#8220;Kara Ara\u00e7lar\u0131 Yak\u0131t \u0130kmal Arac\u0131 &#8211; Aktan&#8221;, &#8220;Hava Ara\u00e7lar\u0131 Yak\u0131t \u0130kmal Arac\u0131 &#8211; Aktan&#8221; ve \u00e7e\u015fitli r\u00f6morklar\u0131n sergilendi\u011fi etkinlikte, firman\u0131n 40 y\u0131ll\u0131k ser\u00fcvenini anlatan film g\u00f6sterildi.<\/p>\n<p><img decoding=\"async\" alt=\"\" src=\"https:\/\/www.aa.com.tr\/uploads\/userFiles\/de89f914-66b1-4a0b-9347-13c0eafe70cc\/2023%2F10%2FAA-32334148.jpg\"\/><\/p>\n<p>T\u00f6rende bir konu\u015fma yapan \u00d6ztreyler Y\u00f6netim Kurulu Ba\u015fkan\u0131 Mustafa Ha\u015fim \u00d6zt\u00fcrk, g\u00f6revi babas\u0131 Ahmet \u00d6zt\u00fcrk&#8217;ten devralman\u0131n gururu i\u00e7inde oldu\u011funu s\u00f6yledi.<\/p>\n<p>\u00d6ztreyler kurucular\u0131n\u0131n g\u00f6revi yeni nesle devretti\u011fini aktaran \u00d6zt\u00fcrk, bayra\u011f\u0131 devralman\u0131n kendilerine yeni sorumluluklar y\u00fckledi\u011fini, bu bilin\u00e7le ge\u00e7mi\u015fe bakt\u0131klar\u0131nda zorluklar\u0131n m\u00fcthi\u015f bir tecr\u00fcbeyle a\u015f\u0131ld\u0131\u011f\u0131 bir m\u00fccadeleye \u015fahitlik ettiklerini kaydetti.<\/p>\n<p><img decoding=\"async\" alt=\"\" src=\"https:\/\/www.aa.com.tr\/uploads\/userFiles\/de89f914-66b1-4a0b-9347-13c0eafe70cc\/2023%2F10%2FAA-32334153.jpg\"\/><\/p>\n<p>\u00d6zt\u00fcrk, firman\u0131n 1983 y\u0131l\u0131nda amcas\u0131 Ha\u015fim \u00d6zt\u00fcrk taraf\u0131ndan kuruldu\u011funu aktararak, kendisini elim bir kazada kaybettiklerini ifade etti.<\/p>\n<p>Geride b\u0131rak\u0131lan 40 y\u0131ll\u0131k birikimin g\u00fcc\u00fc ve yeni bir y\u00f6netim yap\u0131s\u0131yla yola devam ettiklerinin alt\u0131n\u0131 \u00e7izen \u00d6zt\u00fcrk, &#8220;\u00d6ztreyler, 40 y\u0131ll\u0131k ser\u00fcveni i\u00e7erisinde \u00e7ok g\u00fczel ba\u015far\u0131lara imza att\u0131. \u0130novasyon \u00e7al\u0131\u015fmalar\u0131yla sekt\u00f6r\u00fcn liderli\u011fini hep korudu. Kendini geli\u015ftirmek i\u00e7in t\u00fcm imkanlar\u0131n\u0131 kulland\u0131 ve kullanmaya devam ediyor. Kalitesinden \u00f6d\u00fcn vermeden yoluna devam etmi\u015f ve yeni \u00e7al\u0131\u015fmalarla markas\u0131na de\u011fer katm\u0131\u015ft\u0131r.&#8221; \u015feklinde konu\u015ftu.<\/p>\n<p><img decoding=\"async\" alt=\"\" src=\"https:\/\/admin.aa.com.tr\/uploads\/userFiles\/de89f914-66b1-4a0b-9347-13c0eafe70cc\/2023%2F10%2FAA-32334150.jpg\"\/><\/p>\n<p>\u00d6zt\u00fcrk, firman\u0131n 2014 y\u0131l\u0131nda savunma sanayisine ge\u00e7i\u015f yaparak milli g\u00fcc\u00fcn\u00fc g\u00f6stermeye ba\u015flad\u0131\u011f\u0131na de\u011finerek, kalitesiyle T\u00fcrk ordusunun envanterine \u00e7ok g\u00fczel \u00fcr\u00fcnler kazand\u0131rarak milli gurur haline geldi\u011fini s\u00f6yledi.<\/p>\n<p>\u00dclkenin \u00e7\u0131karlar\u0131n\u0131 g\u00f6zeterek \u00fcr\u00fcnlerin yerlilik oranlar\u0131nda y\u00fczde 80-90 seviyelerine kadar \u00e7\u0131kmay\u0131 ba\u015fard\u0131klar\u0131n\u0131 aktaran \u00d6zt\u00fcrk, &#8220;Hep kendini geli\u015ftirme ve \u00fcr\u00fcn gam\u0131na yeni \u00fcr\u00fcnler katma \u00e7abas\u0131 i\u00e7inde olan \u00d6ztreyler, 2023 y\u0131l\u0131nda demir yollar\u0131 sekt\u00f6r\u00fcne de giri\u015f yapm\u0131\u015ft\u0131r. Nasip olursa ilk vagonumuzu \u00f6n\u00fcm\u00fczdeki aylarda \u00fcretim hatt\u0131m\u0131zdan \u00e7\u0131kartmay\u0131 hedefleyerek devletimize faydal\u0131 bir \u015fekilde hizmete devam edece\u011fimize inan\u0131yoruz. Yeni nesil olarak dijitalle\u015fmenin de \u00f6nemine inan\u0131yorum. Bunun i\u00e7in &#8216;End\u00fcstri 4.0&#8217; mantalitesiyle gelece\u011fi yakalama hedefine odaklan\u0131yoruz.&#8221; ifadelerini kulland\u0131.<\/p>\n<h3>&#8220;Fabrika 2024 y\u0131l\u0131nda y\u00fczde 100 kapasiteyle \u00e7al\u0131\u015facak&#8221;<\/h3>\n<p>\u00d6ztreyler \u00dcst Y\u00f6neticisi (CEO) Hakan D\u00f6ngel de bug\u00fcne kadar \u00fcrettiklerinin kendilerine ilham verdi\u011fini, bu noktadan gelece\u011fe hareket etmek istediklerini belirtti. D\u00f6ngel, gelecek vizyonlar\u0131n\u0131n yerli teknoloji ve yerli sanayi oldu\u011funu vurgulad\u0131.<\/p>\n<p><img decoding=\"async\" alt=\"\" src=\"https:\/\/www.aa.com.tr\/uploads\/userFiles\/de89f914-66b1-4a0b-9347-13c0eafe70cc\/2023%2F10%2FAA-32334155.jpg\"\/><\/p>\n<p>D\u00f6ngel, bu iki unsurla t\u00fcm d\u00fcnyaya a\u00e7\u0131lmay\u0131 ve b\u00fcy\u00fck markalarla rekabet\u00e7i konuma ge\u00e7meyi hedeflediklerini anlatarak, bunu ger\u00e7ekle\u015ftirmenin bir yolunun da inovasyon oldu\u011funu kaydetti.<\/p>\n<p>\u0130novasyonun insan odakl\u0131l\u0131kla \u00e7ok daha k\u0131ymetli hale gelece\u011fini, m\u00fc\u015fterileri merkeze alacaklar\u0131n\u0131 ve teknolojinin imkanlar\u0131n\u0131 sonuna kadar kullanarak m\u00fc\u015fterilere en iyi \u00fcr\u00fcnleri vermeye \u00e7al\u0131\u015facaklar\u0131n\u0131 dile getiren D\u00f6ngel, \u015f\u00f6yle devam etti:<\/p>\n<p>&#8220;Bu g\u00f6rd\u00fc\u011f\u00fcn\u00fcz fabrika, 2024 y\u0131l\u0131nda y\u00fczde 100 kapasiteyle \u00e7al\u0131\u015facak hatta yeni bir \u00fcr\u00fcn gelse nerede \u00fcretece\u011fiz diye d\u00fc\u015f\u00fcn\u00fcyoruz. Bunu yaparken \u00e7evre dostu s\u00fcrd\u00fcr\u00fclebilir bir anlay\u0131\u015f\u0131 da beraberinde d\u00fc\u015f\u00fcnmekteyiz. Teknolojinin b\u00fct\u00fcn imkanlar\u0131n\u0131 kullanmak, robotlar\u0131 kullanmak gibi bir anlay\u0131\u015f\u0131m\u0131z var. AR-GE, \u00dcR-GE yap\u0131lar\u0131m\u0131z\u0131 daha da g\u00fc\u00e7lendirmeye odakland\u0131k. B\u00fct\u00fcn yap\u0131m\u0131z\u0131 g\u00f6zden ge\u00e7irerek yeni \u00e7a\u011fa uygun hale getiriyoruz. Buradan hareketle de rekabette en iyi yerde yer almak istiyoruz. Devrald\u0131\u011f\u0131m\u0131z miras\u0131n fark\u0131nday\u0131z. Bu mirasla beraber gelece\u011fi iyi tasarlamak da bizlere d\u00fc\u015f\u00fcyor.&#8221;<\/p>\n<p><img decoding=\"async\" alt=\"\" src=\"https:\/\/admin.aa.com.tr\/uploads\/userFiles\/de89f914-66b1-4a0b-9347-13c0eafe70cc\/2023%2F10%2FAA-32334158.jpg\"\/><\/p>\n<p>D\u00f6ngel, 40 y\u0131ll\u0131k markada gelecekle ilgili hedefleri devralman\u0131n b\u00fcy\u00fck bir sorumluluk gerektirdi\u011fini ve heyecan verici oldu\u011funa de\u011finerek, &#8220;\u0130n\u015fallah bu ba\u015far\u0131lar\u0131 hep beraber yakalayaca\u011f\u0131z. Bu \u00fclke i\u00e7in milli bir kurulu\u015f olan \u00d6ztreyler, uluslararas\u0131 arenada da ad\u0131ndan inovasyonla ve insan odakl\u0131 yap\u0131s\u0131yla s\u00f6z ettirecek.&#8221; dedi.<\/p>\n<h3>&#8220;\u00d6ztreyler&#8217;in savunma sanayisinde ciddi manada hizmet etti\u011fini biliyoruz&#8221;<\/h3>\n<p>Sakarya B\u00fcy\u00fck\u015fehir Belediye Ba\u015fkan\u0131 Ekrem Y\u00fcce de \u015firketin 40 y\u0131ll\u0131k hikayesinin bir tan\u0131\u011f\u0131 oldu\u011funu s\u00f6yledi.<\/p>\n<p>Firman\u0131n \u00fclkeye ciddi katk\u0131lar sundu\u011funu aktaran Y\u00fcce, &#8220;\u00d6ztreyler&#8217;in nereden nereye geldi\u011fini, iftihar tablosu oldu\u011funu, bug\u00fcn savunma sanayisinde \u00e7ok \u00f6nemli katk\u0131lar\u0131 oldu\u011funu ciddi manada hizmet etti\u011fini biliyoruz.&#8221;<\/p>\n<p><img decoding=\"async\" alt=\"\" src=\"https:\/\/www.aa.com.tr\/uploads\/userFiles\/de89f914-66b1-4a0b-9347-13c0eafe70cc\/2023%2F10%2FAA-32334154.jpg\"\/><\/p>\n<p>Y\u00fcce, bu hizmetlerin artarak devam etmesi temenni ederek, firman\u0131n Sakarya&#8217;da yat\u0131r\u0131m yapmas\u0131ndan ayr\u0131ca mutlu oldu\u011funu dile getirdi.<\/p>\n<p>Sakarya Ticaret ve Sanayi Odas\u0131 Ba\u015fkan\u0131 Akg\u00fcn Altu\u011f ise \u00d6ztreyler&#8217;in bir SATSO \u00fcyesi olmas\u0131ndan memnuniyet duydu\u011fu belirtti.<\/p>\n<p>Sakarya&#8217;daki odaya kay\u0131tl\u0131 b\u00fct\u00fcn \u00fcreticileri tan\u0131d\u0131\u011f\u0131n\u0131 ancak \u00d6ztreyler&#8217;in 40 y\u0131ll\u0131k hikayesini dinleyince kendisinin de gururland\u0131\u011f\u0131n\u0131 aktaran Altu\u011f, firman\u0131n daha b\u00fcy\u00fck \u00fcretim tesisleri yapmas\u0131n\u0131 diledi.<\/p>\n<p>Kentin zirai ve s\u0131nai anlamda \u00e7ok ciddi \u00fcretimi olan, \u00fcretti\u011fini d\u00fcnyayla rekabet edip pazarlayan bir \u015fehir oldu\u011funa i\u015faret eden Altu\u011f, bin civar\u0131nda ihracat\u00e7\u0131n\u0131n t\u00fcm d\u00fcnyaya \u00fcretti\u011fi mallar\u0131 satt\u0131\u011f\u0131n\u0131 anlatt\u0131.<\/p>\n<p><img decoding=\"async\" alt=\"\" src=\"https:\/\/www.aa.com.tr\/uploads\/userFiles\/de89f914-66b1-4a0b-9347-13c0eafe70cc\/2023%2F10%2FAA-32334159.jpg\"\/><\/p>\n<p>Altu\u011f, 7 milyar dolar d\u00fczeyinde ihracat rakam\u0131yla Sakarya&#8217;n\u0131n T\u00fcrkiye&#8217;de 7. s\u0131rada yer ald\u0131\u011f\u0131n\u0131 aktararak, &#8220;Hedeflerimiz \u00e7ok daha ileride olmak. Zira \u015fehrimizi \u00fclkemizi seviyoruz. 40 y\u0131l\u0131n eme\u011fi i\u00e7in \u00d6zt\u00fcrk ailesine, \u00e7al\u0131\u015fanlar\u0131na te\u015fekk\u00fcr ediyorum. Sa\u011fl\u0131kla refahla \u00fclkenin \u00fcretim kapasitesini art\u0131rmalar\u0131 i\u00e7in kendilerine ba\u015far\u0131lar diliyorum.&#8221; dedi.<\/p>\n<p>Konu\u015fmalar\u0131n ard\u0131ndan \u00d6ztreyler&#8217;in bug\u00fcne gelmesinde eme\u011fi olan ba\u015fta Talip \u00d6zt\u00fcrk, Ahmet \u00d6zt\u00fcrk ve di\u011fer aile bireyleri ile \u00e7al\u0131\u015fanlara plaketleri takdim edildi.<\/p>\n<p>\u015eark\u0131c\u0131 \u00d6yk\u00fc G\u00fcrman&#8217;\u0131n sahne ald\u0131\u011f\u0131 40. y\u0131l etkinli\u011finde \u00e7al\u0131\u015fanlara \u00e7e\u015fitli hediyeler de verildi.<\/p>\n<p>                            <span class=\"detay-foto-editor\">&#13;<br \/>\n                                <a href=\"https:\/\/www.aa.com.tr\/tr\/p\/abonelik-talep-formu\/1001\" target=\"_blank\" style=\"font-size:12px; color:#444; text-decoration:none;\" rel=\"noopener\">&#13;<br \/>\n                                    Anadolu Ajans\u0131 web sitesinde, AA Haber Ak\u0131\u015f Sistemi (HAS) \u00fczerinden abonelere sunulan haberler, \u00f6zetlenerek yay\u0131mlanmaktad\u0131r. <b style=\"color:#1897F7\">Abonelik i\u00e7in l\u00fctfen ileti\u015fime ge\u00e7iniz.<\/b>&#13;<br \/>\n                                <\/a>&#13;<br \/>\n                            <\/span>\n                        <\/div>\n<p><script>\n\t  window.fbAsyncInit = function() {\n\t\tFB.init({\n\t\t  appId: '1855843514662870',\n\t\t  status : true, \/\/ check login status\n\t\t  cookie : true, \/\/ enable cookies to allow the server to access the session\n\t\t  xfbml  : true  \/\/ parse XFBML\n\t\t});\n\t  };<\/p>\n<p>\t  (function() {\n\t\tvar e = document.createElement('script');\n\t\te.src=\"https:\/\/connect.facebook.net\/tr_TR\/all.js\";\n\t\te.async = true;\n\t\tdocument.getElementById('fb-root').appendChild(e);\n\t  }());\n    <\/script><br \/>\n<br \/><br \/>\n<br \/><a href=\"https:\/\/www.aa.com.tr\/tr\/ekonomi\/savunma-sanayisi-ve-treyler-sektorunde-faaliyet-gosteren-oztreyler-40-yasinda\/3010395\">Source link <\/a><\/p>\n","protected":false},"excerpt":{"rendered":"<p>Ferizli Organize Sanayi B\u00f6lgesi&#8217;ndeki fabrika bah\u00e7esinde d\u00fczenlenen etkinlikte, firman\u0131n ba\u015fta savunma sanayisi olmak \u00fczere treyler sekt\u00f6r\u00fcnde \u00fcretti\u011fi ara\u00e7lar sergilendi. &#8220;Tank Ta\u015f\u0131y\u0131c\u0131 Lowbed&#8221;, &#8220;Mobil Saha Konteyner ve Ta\u015f\u0131y\u0131c\u0131&#8221;, &#8220;Kara Ara\u00e7lar\u0131 Yak\u0131t \u0130kmal Arac\u0131 &#8211; Aktan&#8221;, &#8220;Hava Ara\u00e7lar\u0131 Yak\u0131t \u0130kmal Arac\u0131 &#8211; Aktan&#8221; ve \u00e7e\u015fitli r\u00f6morklar\u0131n sergilendi\u011fi etkinlikte, firman\u0131n 40 y\u0131ll\u0131k ser\u00fcvenini anlatan film g\u00f6sterildi. T\u00f6rende bir [&hellip;]<\/p>\n","protected":false},"author":1,"featured_media":16484,"comment_status":"","ping_status":"","sticky":false,"template":"","format":"standard","meta":[],"categories":[44],"tags":[],"_links":{"self":[{"href":"https:\/\/kraios.app\/news\/wp-json\/wp\/v2\/posts\/16483"}],"collection":[{"href":"https:\/\/kraios.app\/news\/wp-json\/wp\/v2\/posts"}],"about":[{"href":"https:\/\/kraios.app\/news\/wp-json\/wp\/v2\/types\/post"}],"author":[{"embeddable":true,"href":"https:\/\/kraios.app\/news\/wp-json\/wp\/v2\/users\/1"}],"replies":[{"embeddable":true,"href":"https:\/\/kraios.app\/news\/wp-json\/wp\/v2\/comments?post=16483"}],"version-history":[{"count":0,"href":"https:\/\/kraios.app\/news\/wp-json\/wp\/v2\/posts\/16483\/revisions"}],"wp:featuredmedia":[{"embeddable":true,"href":"https:\/\/kraios.app\/news\/wp-json\/wp\/v2\/media\/16484"}],"wp:attachment":[{"href":"https:\/\/kraios.app\/news\/wp-json\/wp\/v2\/media?parent=16483"}],"wp:term":[{"taxonomy":"category","embeddable":true,"href":"https:\/\/kraios.app\/news\/wp-json\/wp\/v2\/categories?post=16483"},{"taxonomy":"post_tag","embeddable":true,"href":"https:\/\/kraios.app\/news\/wp-json\/wp\/v2\/tags?post=16483"}],"curies":[{"name":"wp","href":"https:\/\/api.w.org\/{rel}","templated":true}]}}