{"id":16474,"date":"2023-10-07T13:51:38","date_gmt":"2023-10-07T13:51:38","guid":{"rendered":"https:\/\/kraios.app\/news\/ekonomi\/2023\/10\/07\/sunexpress-9-ayda-10-milyon-yolcu-tasidi\/"},"modified":"2023-10-07T13:51:38","modified_gmt":"2023-10-07T13:51:38","slug":"sunexpress-9-ayda-10-milyon-yolcu-tasidi","status":"publish","type":"post","link":"https:\/\/kraios.app\/news\/ekonomi\/2023\/10\/07\/sunexpress-9-ayda-10-milyon-yolcu-tasidi\/","title":{"rendered":"SunExpress 9 ayda 10 milyon yolcu ta\u015f\u0131d\u0131"},"content":{"rendered":"<p> <br \/>\n<\/p>\n<div>\n<p>SunExpress Genel M\u00fcd\u00fcr\u00fc Kownatzki ve Genel M\u00fcd\u00fcr Yard\u0131mc\u0131s\u0131 Tuncay Emino\u011flu, \u015firketin Antalya&#8217;daki merkezinde d\u00fczenledi\u011fi bas\u0131n toplant\u0131s\u0131nda, hava yolunun 2023 y\u0131l\u0131 performans\u0131 ve k\u0131\u015f sezonu planlar\u0131yla ilgili bilgi verdi.<\/p>\n<p>Kownatzki, d\u00fcn 4 u\u00e7u\u015fta kabin memuru olarak yer ald\u0131\u011f\u0131n\u0131 anlatarak, bunun m\u00fcthi\u015f bir deneyim oldu\u011funu s\u00f6yledi.<\/p>\n<p>M\u00fc\u015fterilerin SunExpress ruhu ve deneyimle a\u011f\u0131rland\u0131\u011f\u0131n\u0131 g\u00f6rd\u00fc\u011f\u00fcn\u00fc dile getiren Kownatzki, &#8220;En iyi tatil hava yolu \u00f6d\u00fcl\u00fcn\u00fc neden ald\u0131\u011f\u0131m\u0131z\u0131 bu deneyimi ya\u015fayarak daha iyi anlad\u0131m. U\u00e7u\u015fta beni tan\u0131yanlar da oldu, tan\u0131mayanlar da oldu.&#8221; diye konu\u015ftu.<\/p>\n<p>Kownatzki, bu sene tek g\u00fcnde 57 bin yolcu ta\u015f\u0131yarak rekor k\u0131rd\u0131klar\u0131n\u0131 vurgulayarak, \u015fu bilgileri verdi:<\/p>\n<p>&#8220;66 u\u00e7a\u011f\u0131m\u0131z var. Boeing&#8217;ten 42 u\u00e7ak sipari\u015fimiz var. Bunun 9 tanesini teslim ald\u0131k, 33 u\u00e7ak daha gelecek. Filoya u\u00e7ak almak i\u00e7in g\u00f6r\u00fc\u015fmelerimiz devam ediyor. Bu yaz 26 rota, 5 yeni destinasyon daha ekledik. Yaz d\u00f6neminin ard\u0131ndan k\u0131\u015f d\u00f6neminde de destinasyon olarak b\u00fcy\u00fcmemiz s\u00f6z konusu. U\u00e7u\u015flarda doluluk oran\u0131m\u0131z y\u00fczde 88. Biz kendimizi T\u00fcrkiye\u2019nin turizm el\u00e7isi olarak g\u00f6r\u00fcyoruz. Y\u0131lba\u015f\u0131ndan bu zamana kadar 10 milyon yolcu ta\u015f\u0131d\u0131k. K\u0131\u015f sezonunda da devam eden talep do\u011frultusunda eyl\u00fcl-aral\u0131k aylar\u0131 aras\u0131nda ek 2 binden fazla u\u00e7u\u015f ile yaz sezonunu uzat\u0131yoruz.&#8221;<\/p>\n<p>Y\u0131l sonuna kadar 12 milyon yolcu hedefini a\u015facaklar\u0131n\u0131 \u00f6ng\u00f6rd\u00fcklerini anlatan Kownatzki, T\u00fcrkiye&#8217;nin bu y\u0131l i\u00e7in 60 milyon turist hedefine katk\u0131da bulunmaya devam edeceklerini aktard\u0131.<\/p>\n<p><img decoding=\"async\" alt=\"\" src=\"https:\/\/www.aa.com.tr\/uploads\/userFiles\/96f91bbd-282f-4a24-a12c-1b1092cfeb3b\/009_2023%2F03_2023%2F26_Ekim%2F14%2F20231007_2_60581918_93431229.jpg\"\/><br \/><em>Foto\u011fraf:\u00a0Kenan Irtak\/AA<\/em><\/p>\n<h3>&#8220;15 yeni rota ekledik&#8221;<\/h3>\n<p>U\u00e7u\u015f a\u011flar\u0131n\u0131 her ge\u00e7en g\u00fcn geni\u015flettiklerini belirten Kownatzki, turizmi t\u00fcm y\u0131la yaymak i\u00e7in bu y\u0131l k\u0131\u015f kapasitelerini art\u0131rarak u\u00e7u\u015f a\u011f\u0131na 15 yeni rota eklediklerini s\u00f6yledi.<\/p>\n<p>Kownatzki, bu k\u0131\u015f \u00dcsk\u00fcp, Abu Dabi, \u015earm El-\u015eeyh, Sofya, Krakow ve KKTC gibi yeni ve birbirinden g\u00fczel destinasyonlar\u0131 Antalya ve \u0130zmir&#8217;le ba\u011flayacaklar\u0131n\u0131 ifade etti.<\/p>\n<p>Gelecek d\u00f6nemdeki filo b\u00fcy\u00fcmesini s\u00fcrd\u00fcr\u00fclebilir bir \u015fekilde y\u00f6netmek i\u00e7in sezon etkisini dengeleyici ek aksiyonlar ald\u0131klar\u0131n\u0131 belirten Kownatzki, bunun bir par\u00e7as\u0131 olarak G\u00fcney Afrika Havayollar\u0131 (South African Airways) ile &#8220;damp lease&#8221; anla\u015fmas\u0131 imzalad\u0131klar\u0131na vurgu yapt\u0131.<\/p>\n<p>Kownatzki, anla\u015fma kapsam\u0131nda iki Boeing 737-800 tipi SunExpress u\u00e7a\u011f\u0131n\u0131n, South African Airways&#8217;in Johannesburg merkezli u\u00e7u\u015flar\u0131nda hizmet verece\u011fini kaydetti.<\/p>\n<h3>&#8220;160&#8217;tan fazla pilot ve 400 kabin memuru istihdam edece\u011fiz&#8221;<\/h3>\n<p>Kownatzki, sekt\u00f6rdeki 30 y\u0131l\u0131 a\u015fk\u0131n tecr\u00fcbeleriyle T\u00fcrk havac\u0131l\u0131\u011f\u0131na katk\u0131 sa\u011flamaya devam edeceklerini vurgulayarak, \u015f\u00f6yle konu\u015ftu:<\/p>\n<p>&#8220;\u00c7al\u0131\u015fanlar\u0131 taraf\u0131ndan &#8216;Great Place To Work&#8217; sertifikas\u0131na lay\u0131k g\u00f6r\u00fclen bir \u015firket olarak istihdam yaratmaya devam ediyoruz. Gelece\u011fin T\u00fcrk pilotlar\u0131n\u0131 yeti\u015ftirmek i\u00e7in 2018 y\u0131l\u0131ndan bu yana \u00c7oklu Ekip Pilot Lisans Program\u0131&#8217;n\u0131 y\u00fcr\u00fct\u00fcyoruz. Bu programdan mezun olanlara i\u015f garantisi sa\u011fl\u0131yoruz. Bu ba\u011flamda 117 pilot mezun oldu. 160 ki\u015finin de 5 y\u0131l i\u00e7inde mezun olmas\u0131 bekleniyor. \u015eu anda 60 ki\u015finin program kapsam\u0131nda e\u011fitimleri s\u00fcr\u00fcyor. 35 farkl\u0131 milletten 3 bin 500\u2019den fazla \u00e7al\u0131\u015fan\u0131m\u0131z var. 2024 yaz sezonu i\u00e7in de 160&#8217;tan fazla pilot ve 400 kabin memuru istihdam edece\u011fiz.&#8221;<\/p>\n<p>Konu\u015fmas\u0131n\u0131n ard\u0131ndan gazetecilerin sorular\u0131n\u0131 yan\u0131tlayan Kownatzki, Rusya&#8217;ya neden u\u00e7u\u015f d\u00fczenlemediklerine ili\u015fkin soru \u00fczerine, &#8220;SunExpress olarak Rusya&#8217;da olmamam\u0131z\u0131n nedeni \u00e7ok basit, eskiden de biz Rusya&#8217;ya servis vermiyorduk. \u0130lk zamanlar Moskova&#8217;ya deneysel bir u\u00e7u\u015f yapt\u0131k. Rusya&#8217;da tur operat\u00f6rleri ile \u00e7al\u0131yorsunuz. Rusya&#8217;dan \u00e7\u0131kt\u0131\u011f\u0131n\u0131z zaman sat\u0131\u015f\u0131n oradan olmas\u0131 gerekiyor. Bu da maliyetleri kar\u015f\u0131lam\u0131yor. Biz zaten bu kriz \u00e7\u0131kmadan \u00f6nce oraya u\u00e7u\u015flar\u0131 durdurmu\u015ftuk. Bu, Rusya-Ukrayna sava\u015f\u0131 ile ilgili de\u011fil.&#8221; ifadelerini kulland\u0131.<\/p>\n<p>Koronavir\u00fcs\u00fcn yeni varyant\u0131 Eris nedeniyle herhangi bir kapanma veya seyahat k\u0131s\u0131tlanmas\u0131n\u0131n \u00f6ng\u00f6r\u00fclmedi\u011fine i\u015faret eden Kownatzki, yeni varyant\u0131n \u00f6l\u00fcmc\u00fcl etkisinin az oldu\u011funu dile getirdi.<\/p>\n<p>Kownatzki, borsaya a\u00e7\u0131lmaya ili\u015fkin bir soruya da &#8220;Bu bizim g\u00f6rev alan\u0131m\u0131z\u0131n d\u0131\u015f\u0131nda bir konu. T\u00fcrk Hava Yollar\u0131 ve Lufthansa&#8217;n\u0131n ortakl\u0131\u011f\u0131yla 33 y\u0131ldan beri bu pazarday\u0131z. Halka arz ve borsa konusundaki karar\u0131 iki hava yolu \u015firketi verir.&#8221; yan\u0131t\u0131n\u0131 verdi.<\/p>\n<p><img decoding=\"async\" alt=\"\" src=\"https:\/\/www.aa.com.tr\/uploads\/userFiles\/96f91bbd-282f-4a24-a12c-1b1092cfeb3b\/009_2023%2F03_2023%2F26_Ekim%2F14%2F20231007_2_60581918_93431228.jpg\"\/><\/p>\n<h3>&#8220;Artan maliyetler bizim i\u00e7in b\u00fcy\u00fck bir sorun&#8221;<\/h3>\n<p>Kownatzki, havac\u0131l\u0131k sekt\u00f6r\u00fcnde artan maliyetler konusundaki bir soru \u00fczerine, \u015funlar\u0131 kaydetti:<\/p>\n<p>&#8220;Sekt\u00f6rde artan maliyetler ger\u00e7ekten bizim i\u00e7in b\u00fcy\u00fck bir sorun. Beni endi\u015felendiren inan\u0131lmaz y\u00fckselen bir pazar var ama her kalemde fiyat art\u0131\u015f\u0131 var. Bunu herhangi bir enflasyon rakam\u0131 ile a\u00e7\u0131klayamay\u0131z. 2024 rezervasyonu 2023 y\u0131l\u0131ndaki rezervasyon say\u0131s\u0131n\u0131 \u015fimdiden ge\u00e7ti. Ancak talep art\u0131yor diye maliyetleri art\u0131rmamak gerekir. \u00c7o\u011fu fiyat art\u0131\u015f\u0131n\u0131 biz absorbe ediyoruz. Bunu m\u00fc\u015fteriye yans\u0131tm\u0131yoruz.&#8221;<\/p>\n<p>                            <span class=\"detay-foto-editor\">&#13;<br \/>\n                                <a href=\"https:\/\/www.aa.com.tr\/tr\/p\/abonelik-talep-formu\/1001\" target=\"_blank\" style=\"font-size:12px; color:#444; text-decoration:none;\" rel=\"noopener\">&#13;<br \/>\n                                    Anadolu Ajans\u0131 web sitesinde, AA Haber Ak\u0131\u015f Sistemi (HAS) \u00fczerinden abonelere sunulan haberler, \u00f6zetlenerek yay\u0131mlanmaktad\u0131r. <b style=\"color:#1897F7\">Abonelik i\u00e7in l\u00fctfen ileti\u015fime ge\u00e7iniz.<\/b>&#13;<br \/>\n                                <\/a>&#13;<br \/>\n                            <\/span>\n                        <\/div>\n<p><script>\n\t  window.fbAsyncInit = function() {\n\t\tFB.init({\n\t\t  appId: '1855843514662870',\n\t\t  status : true, \/\/ check login status\n\t\t  cookie : true, \/\/ enable cookies to allow the server to access the session\n\t\t  xfbml  : true  \/\/ parse XFBML\n\t\t});\n\t  };<\/p>\n<p>\t  (function() {\n\t\tvar e = document.createElement('script');\n\t\te.src=\"https:\/\/connect.facebook.net\/tr_TR\/all.js\";\n\t\te.async = true;\n\t\tdocument.getElementById('fb-root').appendChild(e);\n\t  }());\n    <\/script><br \/>\n<br \/><br \/>\n<br \/><a href=\"https:\/\/www.aa.com.tr\/tr\/ekonomi\/sunexpress-9-ayda-10-milyon-yolcu-tasidi\/3010465\">Source link <\/a><\/p>\n","protected":false},"excerpt":{"rendered":"<p>SunExpress Genel M\u00fcd\u00fcr\u00fc Kownatzki ve Genel M\u00fcd\u00fcr Yard\u0131mc\u0131s\u0131 Tuncay Emino\u011flu, \u015firketin Antalya&#8217;daki merkezinde d\u00fczenledi\u011fi bas\u0131n toplant\u0131s\u0131nda, hava yolunun 2023 y\u0131l\u0131 performans\u0131 ve k\u0131\u015f sezonu planlar\u0131yla ilgili bilgi verdi. Kownatzki, d\u00fcn 4 u\u00e7u\u015fta kabin memuru olarak yer ald\u0131\u011f\u0131n\u0131 anlatarak, bunun m\u00fcthi\u015f bir deneyim oldu\u011funu s\u00f6yledi. M\u00fc\u015fterilerin SunExpress ruhu ve deneyimle a\u011f\u0131rland\u0131\u011f\u0131n\u0131 g\u00f6rd\u00fc\u011f\u00fcn\u00fc dile getiren Kownatzki, &#8220;En [&hellip;]<\/p>\n","protected":false},"author":1,"featured_media":16475,"comment_status":"","ping_status":"","sticky":false,"template":"","format":"standard","meta":[],"categories":[44],"tags":[],"_links":{"self":[{"href":"https:\/\/kraios.app\/news\/wp-json\/wp\/v2\/posts\/16474"}],"collection":[{"href":"https:\/\/kraios.app\/news\/wp-json\/wp\/v2\/posts"}],"about":[{"href":"https:\/\/kraios.app\/news\/wp-json\/wp\/v2\/types\/post"}],"author":[{"embeddable":true,"href":"https:\/\/kraios.app\/news\/wp-json\/wp\/v2\/users\/1"}],"replies":[{"embeddable":true,"href":"https:\/\/kraios.app\/news\/wp-json\/wp\/v2\/comments?post=16474"}],"version-history":[{"count":0,"href":"https:\/\/kraios.app\/news\/wp-json\/wp\/v2\/posts\/16474\/revisions"}],"wp:featuredmedia":[{"embeddable":true,"href":"https:\/\/kraios.app\/news\/wp-json\/wp\/v2\/media\/16475"}],"wp:attachment":[{"href":"https:\/\/kraios.app\/news\/wp-json\/wp\/v2\/media?parent=16474"}],"wp:term":[{"taxonomy":"category","embeddable":true,"href":"https:\/\/kraios.app\/news\/wp-json\/wp\/v2\/categories?post=16474"},{"taxonomy":"post_tag","embeddable":true,"href":"https:\/\/kraios.app\/news\/wp-json\/wp\/v2\/tags?post=16474"}],"curies":[{"name":"wp","href":"https:\/\/api.w.org\/{rel}","templated":true}]}}