{"id":16467,"date":"2023-10-07T13:03:35","date_gmt":"2023-10-07T13:03:35","guid":{"rendered":"https:\/\/kraios.app\/news\/siyaset\/2023\/10\/07\/canli-cumhurbaskani-erdogan-ak-parti-genel-baskanligina-yeniden-secildi\/"},"modified":"2023-10-07T13:03:35","modified_gmt":"2023-10-07T13:03:35","slug":"canli-cumhurbaskani-erdogan-ak-parti-genel-baskanligina-yeniden-secildi","status":"publish","type":"post","link":"https:\/\/kraios.app\/news\/siyaset\/2023\/10\/07\/canli-cumhurbaskani-erdogan-ak-parti-genel-baskanligina-yeniden-secildi\/","title":{"rendered":"CANLI: Cumhurba\u015fkan\u0131 Erdo\u011fan, AK Parti Genel Ba\u015fkanl\u0131\u011f\u0131na yeniden se\u00e7ildi"},"content":{"rendered":"<p>Cumhurba\u015fkan\u0131 ve AK Parti Genel Ba\u015fkan\u0131 Recep Tayyip Erdo\u011fan, partisinin 4. Ola\u011fan\u00fcst\u00fc B\u00fcy\u00fck Kongresi&#8217;nde ge\u00e7erli 1399 oyun tamam\u0131n\u0131 alarak partisinin genel ba\u015fkanl\u0131\u011f\u0131na yeniden se\u00e7ildi.<\/p>\n","protected":false},"excerpt":{"rendered":"<p>Cumhurba\u015fkan\u0131 ve AK Parti Genel Ba\u015fkan\u0131 Recep Tayyip Erdo\u011fan, partisinin 4. Ola\u011fan\u00fcst\u00fc B\u00fcy\u00fck Kongresi&#8217;nde ge\u00e7erli 1399 oyun tamam\u0131n\u0131 alarak partisinin genel ba\u015fkanl\u0131\u011f\u0131na yeniden se\u00e7ildi.<\/p>\n","protected":false},"author":1,"featured_media":16468,"comment_status":"","ping_status":"","sticky":false,"template":"","format":"standard","meta":[],"categories":[47],"tags":[],"_links":{"self":[{"href":"https:\/\/kraios.app\/news\/wp-json\/wp\/v2\/posts\/16467"}],"collection":[{"href":"https:\/\/kraios.app\/news\/wp-json\/wp\/v2\/posts"}],"about":[{"href":"https:\/\/kraios.app\/news\/wp-json\/wp\/v2\/types\/post"}],"author":[{"embeddable":true,"href":"https:\/\/kraios.app\/news\/wp-json\/wp\/v2\/users\/1"}],"replies":[{"embeddable":true,"href":"https:\/\/kraios.app\/news\/wp-json\/wp\/v2\/comments?post=16467"}],"version-history":[{"count":0,"href":"https:\/\/kraios.app\/news\/wp-json\/wp\/v2\/posts\/16467\/revisions"}],"wp:featuredmedia":[{"embeddable":true,"href":"https:\/\/kraios.app\/news\/wp-json\/wp\/v2\/media\/16468"}],"wp:attachment":[{"href":"https:\/\/kraios.app\/news\/wp-json\/wp\/v2\/media?parent=16467"}],"wp:term":[{"taxonomy":"category","embeddable":true,"href":"https:\/\/kraios.app\/news\/wp-json\/wp\/v2\/categories?post=16467"},{"taxonomy":"post_tag","embeddable":true,"href":"https:\/\/kraios.app\/news\/wp-json\/wp\/v2\/tags?post=16467"}],"curies":[{"name":"wp","href":"https:\/\/api.w.org\/{rel}","templated":true}]}}