{"id":16447,"date":"2023-10-07T11:51:14","date_gmt":"2023-10-07T11:51:14","guid":{"rendered":"https:\/\/kraios.app\/news\/siyaset\/2023\/10\/07\/ak-parti-4-olaganustu-buyuk-kongresi-basladi\/"},"modified":"2023-10-07T11:51:14","modified_gmt":"2023-10-07T11:51:14","slug":"ak-parti-4-olaganustu-buyuk-kongresi-basladi","status":"publish","type":"post","link":"https:\/\/kraios.app\/news\/siyaset\/2023\/10\/07\/ak-parti-4-olaganustu-buyuk-kongresi-basladi\/","title":{"rendered":"AK Parti 4. Ola\u011fan\u00fcst\u00fc B\u00fcy\u00fck Kongresi ba\u015flad\u0131"},"content":{"rendered":"<p><\/p>\n<div>\n<p>Kongre dolay\u0131s\u0131yla \u00fclkenin de\u011fi\u015fik yerlerinden ba\u015fkente gelen partililer, sabah\u0131n erken saatlerinden itibaren Ankara Spor Salonu \u00f6n\u00fcnde topland\u0131.<\/p>\n<p>Salonun \u00e7evresi bariyerlerle ara\u00e7 ve yaya trafi\u011fine kapat\u0131l\u0131rken, kongreye kat\u0131lacaklar i\u00e7in g\u00fcvenlik noktalar\u0131 olu\u015fturuldu. Partililer ve davetliler, detayl\u0131 \u00fcst aramas\u0131ndan ge\u00e7irildikten sonra salona giri\u015flerine izin verildi.<\/p>\n<p>Cumhurba\u015fkan\u0131 ve AK Parti Genel Ba\u015fkan\u0131 Recep Tayyip Erdo\u011fan, kongrenin yap\u0131ld\u0131\u011f\u0131 spor salonu \u00f6n\u00fcnde toplanan partililere hitap ettikten sonra kongre salonuna e\u015fi Emine Erdo\u011fan ile girdi.<\/p>\n<p>Cumhurba\u015fkan\u0131 Erdo\u011fan, ilk olarak, Ba\u015fkanl\u0131\u011f\u0131n\u0131 AK Parti Genel Ba\u015fkan Yard\u0131mc\u0131s\u0131 Ali \u0130hsan Yavuz, Ba\u015fkan Yard\u0131mc\u0131l\u0131\u011f\u0131n\u0131 AK Parti TBMM Grup Ba\u015fkanvekili \u00d6zlem Zengin, \u00fcyeliklerini AK Parti \u0130stanbul \u0130l Ba\u015fkan\u0131 Osman Nuri Kabaktepe, Kocaeli B\u00fcy\u00fck\u015fehir Belediye Ba\u015fkan\u0131 Tahir B\u00fcy\u00fckak\u0131n, Bayburt \u0130l Ba\u015fkan\u0131 Hac\u0131 Ali Polat, AK Parti Genel Merkez Kad\u0131n Kollar\u0131 Ba\u015fkan\u0131 Ay\u015fe Ke\u015fir ile AK Parti Genel Merkez Gen\u00e7lik Kollar\u0131 Ba\u015fkan\u0131 Eyy\u00fcp Kadir \u0130nan&#8217;\u0131n yapt\u0131\u011f\u0131 Kongre Divan\u0131&#8217;n\u0131 selamlad\u0131.<\/p>\n<p>Daha sonra sahneden partilileri ve delegeleri selamlayan Erdo\u011fan \u00e7ifti, kendileri i\u00e7in ayr\u0131lan b\u00f6l\u00fcme ge\u00e7ti.<\/p>\n<p>Erdo\u011fan&#8217;\u0131n, salona geli\u015fi esnas\u0131nda &#8220;Beraber y\u00fcr\u00fcd\u00fck biz bu yollarda&#8221; \u015fark\u0131s\u0131 seslendirildi.<\/p>\n<p>Daha sonra &#8220;Bizler&#8221;, &#8220;Y\u00fczler&#8221;, &#8220;S\u00f6zler&#8221; ve &#8220;\u0130zler&#8221; ba\u015fl\u0131kl\u0131 AK Parti icraatlar\u0131 ve T\u00fcrkiye Y\u00fczy\u0131l\u0131&#8217;n\u0131n anlat\u0131ld\u0131\u011f\u0131 video izletildi.<\/p>\n<p>Kongre salonunda davetliler, partililer ve gazeteciler i\u00e7in ayr\u0131 platformlar kuruldu.<\/p>\n<p>Salonun orta b\u00f6l\u00fcm\u00fcnde Parti kurucular\u0131, MYK ve MKYK \u00fcyeleri, parti kurul \u00fcyeleri, TBMM Ba\u015fkan Vekili, TBMM Grup Ba\u015fkan\u0131 ve vekilleri, eski TBMM ba\u015fkanlar\u0131, eski bakanlar, Genel Merkez Kad\u0131n ve Gen\u00e7lik kollar\u0131 \u00fcyeleri ile davetliler i\u00e7in oturma d\u00fczeni olu\u015fturuldu.<\/p>\n<p>Arka planda led ekranlar\u0131n yerle\u015ftirildi\u011fi sahne haz\u0131rlan\u0131rken, Gazi Mustafa Kemal Atat\u00fcrk ile Cumhurba\u015fkan\u0131 Erdo\u011fan&#8217;\u0131n foto\u011fraflar\u0131 ve T\u00fcrk bayraklar\u0131n\u0131n yer ald\u0131\u011f\u0131 salon i\u00e7erisinde, AK Parti ve T\u00fcrkiye Y\u00fczy\u0131l\u0131 logolar\u0131 \u00f6ne \u00e7\u0131k\u0131yor.<\/p>\n<p>Salonda, &#8220;Cumhuriyetin y\u00fcz ak\u0131 T\u00fcrkiye&#8217;nin ortak akl\u0131&#8221;, &#8220;T\u00fcrkiye Y\u00fczy\u0131l\u0131 i\u00e7in do\u011fru hep yeni hep ileri&#8221; ve &#8220;T\u00fcrkiye Y\u00fczy\u0131l\u0131 i\u00e7in haz\u0131r\u0131z kararl\u0131y\u0131z&#8221; sloganlar\u0131n\u0131n yaz\u0131l\u0131 oldu\u011fu afi\u015fler yer ald\u0131.<\/p>\n<h3>300 yabanc\u0131 davetli kat\u0131ld\u0131<\/h3>\n<p>nkara Spor Salonu&#8217;nda d\u00fczenlenen AK Parti 4. Ola\u011fan\u00fcst\u00fc B\u00fcy\u00fck Kongresine Kuzey K\u0131br\u0131s T\u00fcrk Cumhuriyeti (KKTC) Cumhurba\u015fkan\u0131 Ersin Tatar, Bosna-Hersek Devlet Ba\u015fkanl\u0131\u011f\u0131 Konseyi Ba\u015fkan\u0131 Jelka Sviyanovi\u00e7 ve \u00d6zbekistan Devleti Ali Meclis Ba\u015fkan\u0131 Nuriddin \u0130smoilov da i\u015ftirak etti.<\/p>\n<p>Kongrede Almanya, Arnavutluk, Azerbaycan, Birle\u015fik Krall\u0131k, Bosna-Hersek, Bulgaristan, \u00c7in, Ekvador Ginesi, Fas, Filistin, Gambiya, G\u00fcrcistan, Irak, Karada\u011f, Kazakistan, K\u0131rg\u0131zistan, KKTC, Kosova, Kuzey Makedonya, Libya, Macaristan, Maldivler, Mo\u011folistan, Pakistan, Rusya, S\u0131rbistan ve T\u00fcrkmenistan&#8217;dan 200 siyasi parti temsilcileri yer ald\u0131.<\/p>\n<p>Ankara&#8217;da g\u00f6rev alan b\u00fcy\u00fckel\u00e7ilerin de kat\u0131ld\u0131 kongrede Almanya, ABD, Bel\u00e7ika, \u0130ngiltere ve KKTC AK Parti yurt d\u0131\u015f\u0131 temsilcileri ile Uluslararas\u0131 Demokratlar Birli\u011fi temsilcileri de de kat\u0131ld\u0131.<\/p>\n<h3>10 siyasi partinin temsilcileri kat\u0131ld\u0131<\/h3>\n<p>Kongreye davet edilen siyasi partilerin temsilcileri, salonda bulunan \u00f6zel b\u00f6l\u00fcmden kongreyi takip etti.<\/p>\n<p>Kongreye, Anavatan Partisi Genel Ba\u015fkan Yard\u0131mc\u0131s\u0131 Semih Narl\u0131 ve Ankara \u0130l Ba\u015fkan\u0131 Hakan Ural, B\u00fcy\u00fck Birlik Partisi Genel Sekreteri \u00dczeyir Tun\u00e7 ile Genel Ba\u015fkan Yard\u0131mc\u0131lar\u0131 Tevfik Eren ve Dilek Keskin, CHP Genel Merkez Gen\u00e7lik Kollar\u0131 Ba\u015fkan\u0131 Gen\u00e7 Osman Killik, Demokratik Sol Parti Genel Ba\u015fkan Yard\u0131mc\u0131lar\u0131 Hasan Er\u00e7elebi ile Ejder Onursal, H\u00fcr Dava Partisi Genel Sekreteri \u015eehzade Demir ile Genel Ba\u015fkan Yard\u0131mc\u0131s\u0131 Serkan Ramanl\u0131, \u0130Y\u0130 Parti Genel Ba\u015fkan Yard\u0131mc\u0131lar\u0131 Sedat Aksakall\u0131 ile Burak Akburak, MHP Genel Ba\u015fkan Yard\u0131mc\u0131lar\u0131 Filiz K\u0131l\u0131\u00e7 ve \u0130smail \u00d6zdemir, Vatan Partisi Genel Sekreteri \u00d6zg\u00fcr Bursal\u0131 ile Genel Ba\u015fkan Yard\u0131mc\u0131s\u0131 Hasan Korkmazcan ve Yeniden Refah Partisi Genel Ba\u015fkan Yard\u0131mc\u0131lar\u0131 Do\u011fan Bekin, Mehmet Fatih U\u011furlu ile Cengiz Zor kat\u0131ld\u0131.<\/p>\n<h3>Genel ba\u015fkan ve y\u00f6netim organlar\u0131 i\u00e7in oylama ba\u015flad\u0131<\/h3>\n<p>Delegelere parti y\u00f6netimini belirleyecek aday listesinin okundu\u011fu kongrede, partinin Genel Ba\u015fkan Aday\u0131 Recep Tayyip Erdo\u011fan olurken, Merkez Karar ve Y\u00f6netim Kurulu (MKYK), Merkez Disiplin Kurulu ve Genel Merkez Parti \u0130\u00e7i Demokrasi Hakem Kurulu ve Siyasi Erdem ve Etik Kurulu i\u00e7in aday isimler de listede yer ald\u0131.<\/p>\n<p>Kongrede, listenin okunmas\u0131n\u0131n ard\u0131ndan genel ba\u015fkan ve y\u00f6netim organlar\u0131 i\u00e7in oylamaya ge\u00e7ildi.<\/p>\n<p>Buna g\u00f6re, MKYK as\u0131l \u00fcye adaylar\u0131 \u015f\u00f6yle:<\/p>\n<p>&#8220;Adnan G\u00fcnnar, Ahmet Arslan, Ahmet Bilal K\u0131ymaz, Ahmet B\u00fcy\u00fckg\u00fcm\u00fc\u015f, Ahmet M\u00fccahit Ar\u0131n\u00e7, Ali Demirel, Ali \u0130hsan Yavuz, Ali Karaka\u015f, Atakan Y\u0131lmaz, Ay\u015fe Nevin Sert, Aziz Babu\u015fcu, Belgin Uygur, Bet\u00fcl Alt\u0131nsoy, Cem Duran Uzun, Cemal Donat, \u00c7i\u011fdem Karaaslan, Dilek Y\u0131ld\u0131z B\u00fcy\u00fckda\u011f, Efkan Ala, Emir Yasir Keke\u00e7, Emre Ete, Erdo\u011fan \u00d6zegen, Erkan G\u00fcral, Erkan Kandemir, Ey\u00fcp G\u00f6khan \u00d6zekin, Fahrettin Yah\u015fi, Fatih \u015eahin, Fatma Bet\u00fcl Sayan Kaya, Fevzi Polat, Hamza Da\u011f, Hasan Basri Yal\u00e7\u0131n, Hasan Sert, Hatice K\u00fcbra \u00d6zt\u00fcrk G\u00f6kkaya, Hayati \u0130nan\u00e7, Hayati Yaz\u0131c\u0131, H\u00fclya Terzio\u011flu, \u0130brahim Halil Y\u0131ld\u0131z, \u0130lyas \u015eeker, Kuddusi M\u00fcft\u00fco\u011flu, L\u00fctfiye Selva \u00c7am, Mahir \u00dcnal, Mehmet Kas\u0131m G\u00fclp\u0131nar, Mehmet Sait Kirazo\u011flu, Mehmet \u015e\u00fckr\u00fc Erdin\u00e7, Mehmet Umut Tuncer, Melek \u015eim\u015fek, Menderes Mehmet Tevfik T\u00fcrel, Metin Tarhan, Muhammed Ali Kald\u0131r\u0131m, Mustafa Elita\u015f, Mustafa Sever, Mustafa \u015een, Nihat Zeybekci, Orhan Karasayar, Orhan Miro\u011flu, \u00d6mer \u00c7elik, \u00d6mer Faruk Besli, \u00d6mer \u0130leri, \u00d6mer Serdar, \u00d6nder Matl\u0131, Remzi Albasan, Re\u015fide Y\u00fcksel, Sena \u0130p\u015firli, Serdar K\u0131l\u0131\u00e7, Serpil Kavrak, Sevan S\u0131vac\u0131o\u011flu, Sevilay Tuncer, Sibel Bet\u00fcl Birer, S\u00fcmeyye Bozkurt, \u015eebnem Ko\u00e7akel\u00e7i Elg\u00f6rm\u00fc\u015f, T\u00fcrk \u0130slam Karako\u00e7, Umut Arman Sonay, Vedat Demir\u00f6z, Yelda Erol G\u00f6kcan, Yusuf Ziya Y\u0131lmaz ve Zafer S\u0131rakaya.&#8221;<\/p>\n<p>MKYK yedek \u00fcyeli\u011fi adaylar\u0131 ise \u015fu isimlerden olu\u015ftu:<\/p>\n<p>&#8220;Fehmi K\u00fcp\u00e7\u00fc, \u0130smail Kaya, J\u00fclide \u0130skendero\u011flu, Kas\u0131m Bostan, Burhan \u00c7ak\u0131r, Mehmet Karabay, M\u00fccahit Yan\u0131lmaz, \u015eevki \u015ear, Mehmet Ali Okur, Arzu Silin G\u00fcnayd\u0131n, Davut Co\u015fkun \u015eivilo\u011flu, Mehmet Umur, Murat \u00c7i\u00e7ek, Harun Arma\u011fan, Ai\u015fe Nur Nacar, Sevde Sena Da\u011fl\u0131, Serpil Y\u0131lmaz, Yasin B\u00f6l\u00fckba\u015f\u0131, \u00d6mer Arvas, Bar\u0131\u015f \u00d6zerol, Meryem S\u00fcrmen, Ensar Top\u00e7u, Osman A\u011fz\u0131kara, Ekrem G\u00f6r\u00e7eker, Ceren Tuncer, Muhammet Ali U\u00e7ar, Harun \u00c7elik, Funda Akyol, Mustafa Hasg\u00fcl, S\u00fcmeyye Esenyel, Mahmut Emin Mollao\u011flu, Cans\u0131n Y\u0131lmaz Ya\u015far, Fatime Yurdunuseven, Emre Cemil Ayval\u0131, Mehmet Ali Kurt.&#8221;<\/p>\n<p>Merkez Disiplin Kurulu as\u0131l \u00fcyelerinde, Abbas Ayd\u0131n, Abdulmecit Tarhan, Ay\u015fe Deniz \u00c7elik, B\u00fc\u015fra Koyuncu, Halit \u00c7okan, Mehmet Altay, Mehmet Hakan Y\u0131lmaz, Mehmet Sar\u0131, Muhammet Ali Y\u0131lmaz, Nazif Bar\u0131\u015f \u00c7ift\u00e7io\u011flu, Saliha D\u00f6nmez, Vahit Atalan, Salih \u00c7etinkaya, Zahir So\u011fanda, Zeynep G\u00fcl Y\u0131lmaz&#8217;\u0131n isimleri yer ald\u0131.<\/p>\n<p>Merkez Disiplin Kurulu yedek \u00fcyeleri ise \u0130smail Can G\u00f6kbudak, Engin Telli, Aydo\u011fan Ah\u0131 Ak\u0131n, Mehmet K\u0131rm\u0131z, Y\u0131ld\u0131z Kara,<\/p>\n<p>Listede Genel Merkez Parti \u0130\u00e7i Demokrasi Hakem Kurulu as\u0131l \u00fcyeli\u011fi adaylar\u0131 Cemal Bekle, \u0130ffet Polat ve T\u00fclay Kaynarca olurken, yedek \u00fcyeler ise Kemalattin Y\u0131lmaztekin ve Enes \u015eiman oldu.<\/p>\n<p>Siyasi Erdem ve Etik Kurulu as\u0131l \u00fcyeli\u011fi i\u00e7in adaylar Abdurrahman \u00d6z, H\u00fcseyin \u00d6zbak\u0131r, \u0130smail Cenk Dilbero\u011flu, Sebahattin Karakelle ve Serap Yah\u015fi Ya\u015far olurken yedek \u00fcyeler ise Hilmi G\u00f6k\u00e7\u0131nar ve Osman Karaaslan oldu.<\/p>\n<p>                            <span class=\"detay-foto-editor\">&#13;<br \/>\n                                <a href=\"https:\/\/www.aa.com.tr\/tr\/p\/abonelik-talep-formu\/1001\" target=\"_blank\" style=\"font-size:12px; color:#444; text-decoration:none;\" rel=\"noopener\">&#13;<br \/>\n                                    Anadolu Ajans\u0131 web sitesinde, AA Haber Ak\u0131\u015f Sistemi (HAS) \u00fczerinden abonelere sunulan haberler, \u00f6zetlenerek yay\u0131mlanmaktad\u0131r. <b style=\"color:#1897F7\">Abonelik i\u00e7in l\u00fctfen ileti\u015fime ge\u00e7iniz.<\/b>&#13;<br \/>\n                                <\/a>&#13;<br \/>\n                            <\/span>\n                        <\/div>\n<p><script>\n\t  window.fbAsyncInit = function() {\n\t\tFB.init({\n\t\t  appId: '1855843514662870',\n\t\t  status : true, \/\/ check login status\n\t\t  cookie : true, \/\/ enable cookies to allow the server to access the session\n\t\t  xfbml  : true  \/\/ parse XFBML\n\t\t});\n\t  };<\/p>\n<p>\t  (function() {\n\t\tvar e = document.createElement('script');\n\t\te.src=\"https:\/\/connect.facebook.net\/tr_TR\/all.js\";\n\t\te.async = true;\n\t\tdocument.getElementById('fb-root').appendChild(e);\n\t  }());\n    <\/script><\/p>\n","protected":false},"excerpt":{"rendered":"<p>Kongre dolay\u0131s\u0131yla \u00fclkenin de\u011fi\u015fik yerlerinden ba\u015fkente gelen partililer, sabah\u0131n erken saatlerinden itibaren Ankara Spor Salonu \u00f6n\u00fcnde topland\u0131. Salonun \u00e7evresi bariyerlerle ara\u00e7 ve yaya trafi\u011fine kapat\u0131l\u0131rken, kongreye kat\u0131lacaklar i\u00e7in g\u00fcvenlik noktalar\u0131 olu\u015fturuldu. Partililer ve davetliler, detayl\u0131 \u00fcst aramas\u0131ndan ge\u00e7irildikten sonra salona giri\u015flerine izin verildi. Cumhurba\u015fkan\u0131 ve AK Parti Genel Ba\u015fkan\u0131 Recep Tayyip Erdo\u011fan, kongrenin yap\u0131ld\u0131\u011f\u0131 spor [&hellip;]<\/p>\n","protected":false},"author":1,"featured_media":16448,"comment_status":"","ping_status":"","sticky":false,"template":"","format":"standard","meta":[],"categories":[47],"tags":[],"_links":{"self":[{"href":"https:\/\/kraios.app\/news\/wp-json\/wp\/v2\/posts\/16447"}],"collection":[{"href":"https:\/\/kraios.app\/news\/wp-json\/wp\/v2\/posts"}],"about":[{"href":"https:\/\/kraios.app\/news\/wp-json\/wp\/v2\/types\/post"}],"author":[{"embeddable":true,"href":"https:\/\/kraios.app\/news\/wp-json\/wp\/v2\/users\/1"}],"replies":[{"embeddable":true,"href":"https:\/\/kraios.app\/news\/wp-json\/wp\/v2\/comments?post=16447"}],"version-history":[{"count":0,"href":"https:\/\/kraios.app\/news\/wp-json\/wp\/v2\/posts\/16447\/revisions"}],"wp:featuredmedia":[{"embeddable":true,"href":"https:\/\/kraios.app\/news\/wp-json\/wp\/v2\/media\/16448"}],"wp:attachment":[{"href":"https:\/\/kraios.app\/news\/wp-json\/wp\/v2\/media?parent=16447"}],"wp:term":[{"taxonomy":"category","embeddable":true,"href":"https:\/\/kraios.app\/news\/wp-json\/wp\/v2\/categories?post=16447"},{"taxonomy":"post_tag","embeddable":true,"href":"https:\/\/kraios.app\/news\/wp-json\/wp\/v2\/tags?post=16447"}],"curies":[{"name":"wp","href":"https:\/\/api.w.org\/{rel}","templated":true}]}}