{"id":16445,"date":"2023-10-07T11:27:10","date_gmt":"2023-10-07T11:27:10","guid":{"rendered":"https:\/\/kraios.app\/news\/ekonomi\/2023\/10\/07\/cukurovada-ekim-alani-azalan-pamuktan-100-bin-ton-rekolte-bekleniyor\/"},"modified":"2023-10-07T11:27:10","modified_gmt":"2023-10-07T11:27:10","slug":"cukurovada-ekim-alani-azalan-pamuktan-100-bin-ton-rekolte-bekleniyor","status":"publish","type":"post","link":"https:\/\/kraios.app\/news\/ekonomi\/2023\/10\/07\/cukurovada-ekim-alani-azalan-pamuktan-100-bin-ton-rekolte-bekleniyor\/","title":{"rendered":"\u00c7ukurova&#8217;da ekim alan\u0131 azalan pamuktan 100 bin ton rekolte bekleniyor"},"content":{"rendered":"<p> <br \/>\n<\/p>\n<div>\n<p>\u00c7e\u015fitli sekt\u00f6rlerde ham madde olarak kullan\u0131lan pamuk, ge\u00e7en y\u0131l \u00c7ukurova&#8217;da 302 bin dekarda ekildi. Bu y\u0131l 200-300 bin dekarda ekimi yap\u0131lan \u00fcr\u00fcn\u00fcn hasad\u0131 devam ediyor.<\/p>\n<p>\u0130l Tar\u0131m ve Orman M\u00fcd\u00fcr\u00fc Mehmet Nuri K\u00f6k\u00e7\u00fco\u011flu, AA muhabirine, kentte pamuk hasad\u0131n\u0131n tamamlanma oran\u0131n\u0131n y\u00fczde 50 dolay\u0131nda oldu\u011funu s\u00f6yledi.<\/p>\n<p><img decoding=\"async\" alt=\"\" src=\"https:\/\/www.aa.com.tr\/uploads\/userFiles\/96f91bbd-282f-4a24-a12c-1b1092cfeb3b\/009_2023%2F03_2023%2F26_Ekim%2F26%2F20231007_2_60578482_93424150.jpg\"\/><\/p>\n<p>K\u00f6k\u00e7\u00fco\u011flu bu y\u0131l b\u00f6lgelere g\u00f6re de\u011fi\u015fen bir verim oldu\u011funu vurgulayarak \u015f\u00f6yle konu\u015ftu:<\/p>\n<p>&#8220;Ortalama 100 bin ton civar\u0131nda pamu\u011fu Adana y\u00f6resi olarak \u00fclke ekonomisine sunmu\u015f olaca\u011f\u0131z. \u0130limizde pamu\u011fun ge\u00e7mi\u015f y\u0131llarda 600 bin dekarl\u0131k alanda ekilmi\u015f olmas\u0131yla beraber bu miktar y\u0131llara g\u00f6re \u00e7ift\u00e7ilerin beklentileri, fiyat aral\u0131klar\u0131 ya da \u00fclkemizin beklentileri do\u011frultusunda de\u011fi\u015fiyor. 200-300 bin dekar aral\u0131\u011f\u0131nda pamuk \u00fcretimimiz devam ediyor. Ortalama dekardan 450-550 kilogram gibi bir pamuk hasat ediyoruz. \u015eu anda da ilimizde uzun y\u0131llar ortalamas\u0131 olan verimi yakalad\u0131k. Fiyat aral\u0131\u011f\u0131 olarak maliyetlerin \u00fczerinde bir piyasa fiyat\u0131 \u015fu anda olu\u015fmaya ba\u015flad\u0131.&#8221;<\/p>\n<p><img decoding=\"async\" alt=\"\" src=\"https:\/\/www.aa.com.tr\/uploads\/userFiles\/96f91bbd-282f-4a24-a12c-1b1092cfeb3b\/009_2023%2F03_2023%2F26_Ekim%2F26%2F20231007_2_60578482_93424151.jpg\"\/><\/p>\n<h3>&#8220;Pamuk \u00fcretiminin y\u00f6remizde devam etmesini istiyoruz&#8221;<\/h3>\n<p>K\u00f6k\u00e7\u00fco\u011flu pamu\u011fun \u00fclke ekonomisine b\u00fcy\u00fck katk\u0131s\u0131 oldu\u011funu dile getirdi.<\/p>\n<p><img decoding=\"async\" alt=\"\" src=\"https:\/\/www.aa.com.tr\/uploads\/userFiles\/96f91bbd-282f-4a24-a12c-1b1092cfeb3b\/009_2023%2F03_2023%2F26_Ekim%2F26%2F20231007_2_60578482_93424149.jpg\"\/><\/p>\n<p>Pamu\u011fun yem, ya\u011f, lif, ka\u011f\u0131t sanayilerinde alternatifi zor bulunan bir \u00fcr\u00fcn oldu\u011funu vurgulayan K\u00f6k\u00e7\u00fco\u011flu \u015f\u00f6yle devam etti:<\/p>\n<p>&#8220;Bu anlamda da pamuk \u00fcretiminin y\u00f6remizde devam etmesini istiyoruz. Bakanl\u0131k olarak tar\u0131msal desteklemeler sunuyoruz. Mazot deste\u011fi gibi di\u011fer t\u00fcm bitkisel \u00fcr\u00fcnlere sundu\u011fumuz deste\u011fi pamu\u011fa da sunuyoruz. Bunun d\u0131\u015f\u0131nda dekar ba\u015f\u0131na fark desteklemesi veriyoruz. Pamuk, bu\u011fday, arpa, m\u0131s\u0131r ve soya gibi stratejik bir \u00fcr\u00fcn. Bunun kendi kendimize yetebilir hale gelecek \u015fekilde \u00fcretilmesini sa\u011flamaya \u00e7al\u0131\u015f\u0131yoruz. Pamu\u011fu Adana&#8217;da, \u015eanl\u0131urfa&#8217;da \u00fcretece\u011fiz. Ba\u015fka bir yerde \u00fcretme \u015fans\u0131m\u0131z da yok. Bu noktada \u00e7ift\u00e7inin \u00fcretti\u011fi \u00fcr\u00fcn\u00fc daha pahal\u0131ya satabilmesiyle ilgili \u00e7al\u0131\u015fmalar da yap\u0131yoruz. \u0130yi tar\u0131m uygulamalar\u0131 yap\u0131yoruz ve bu uygulamalardan elde edilen pamu\u011fun daha y\u00fcksek fiyattan sat\u0131lmas\u0131n\u0131 sa\u011fl\u0131yoruz.&#8221;<\/p>\n<p><img decoding=\"async\" alt=\"\" src=\"https:\/\/www.aa.com.tr\/uploads\/userFiles\/96f91bbd-282f-4a24-a12c-1b1092cfeb3b\/009_2023%2F03_2023%2F26_Ekim%2F26%2F20231007_2_60578482_93424152.jpg\"\/><\/p>\n<p>K\u00f6k\u00e7\u00fco\u011flu, dekardan daha fazla verim alman\u0131n sa\u011flanmas\u0131 amac\u0131yla \u00fcreticilere y\u00f6nelik bilin\u00e7lendirme \u00e7al\u0131\u015fmalar\u0131 yapt\u0131klar\u0131n\u0131 belirtti.<\/p>\n<p><img decoding=\"async\" alt=\"\" src=\"https:\/\/www.aa.com.tr\/uploads\/userFiles\/96f91bbd-282f-4a24-a12c-1b1092cfeb3b\/009_2023%2F03_2023%2F26_Ekim%2F26%2F20231007_2_60578482_93424153.jpg\"\/><\/p>\n<p>\u00dcretici \u00d6mer Beklik de bu y\u0131l y\u00fcksek hava s\u0131cakl\u0131\u011f\u0131n\u0131n \u00fcr\u00fcnlerini etkiledi\u011fini s\u00f6yledi.<\/p>\n<p><img decoding=\"async\" alt=\"\" src=\"https:\/\/www.aa.com.tr\/uploads\/userFiles\/96f91bbd-282f-4a24-a12c-1b1092cfeb3b\/009_2023%2F03_2023%2F26_Ekim%2F26%2F20231007_2_60578482_93424158.jpg\"\/><\/p>\n<p>Olumsuz hava \u015fartlar\u0131na ra\u011fmen \u00fcr\u00fcn\u00fcn kalitesinin iyi oldu\u011funu aktaran Beklik \u015funlar\u0131 kaydetti:<\/p>\n<p><img decoding=\"async\" alt=\"\" src=\"https:\/\/www.aa.com.tr\/uploads\/userFiles\/96f91bbd-282f-4a24-a12c-1b1092cfeb3b\/009_2023%2F03_2023%2F26_Ekim%2F26%2F20231007_2_60578482_93424160.jpg\"\/><\/p>\n<p>&#8220;Bu y\u0131l rekoltemiz ge\u00e7en y\u0131llara g\u00f6re biraz d\u00fc\u015f\u00fck. Hava s\u0131cakl\u0131klar\u0131 \u00fcretti\u011fimiz \u00fcr\u00fcnleri etkiledi. Buna ra\u011fmen \u00fcr\u00fcn\u00fcn kalitesi yerinde. Bu y\u0131l 200 d\u00f6n\u00fcm alana pamuk ektik. Yakla\u015f\u0131k 100 tona yak\u0131n rekolte bekliyoruz. Ge\u00e7en y\u0131l 110-120 ton band\u0131ndayd\u0131. Bu y\u0131l biraz kayb\u0131m\u0131z var. Havan\u0131n bir anda \u0131s\u0131nmas\u0131 bitkide stres yaratt\u0131 ve bu da bize yakla\u015f\u0131k y\u00fczde 20&#8217;lik bir kay\u0131p ya\u015fatt\u0131.&#8221;<\/p>\n<p>                            <span class=\"detay-foto-editor\">&#13;<br \/>\n                                <a href=\"https:\/\/www.aa.com.tr\/tr\/p\/abonelik-talep-formu\/1001\" target=\"_blank\" style=\"font-size:12px; color:#444; text-decoration:none;\" rel=\"noopener\">&#13;<br \/>\n                                    Anadolu Ajans\u0131 web sitesinde, AA Haber Ak\u0131\u015f Sistemi (HAS) \u00fczerinden abonelere sunulan haberler, \u00f6zetlenerek yay\u0131mlanmaktad\u0131r. <b style=\"color:#1897F7\">Abonelik i\u00e7in l\u00fctfen ileti\u015fime ge\u00e7iniz.<\/b>&#13;<br \/>\n                                <\/a>&#13;<br \/>\n                            <\/span>\n                        <\/div>\n<p><script>\n\t  window.fbAsyncInit = function() {\n\t\tFB.init({\n\t\t  appId: '1855843514662870',\n\t\t  status : true, \/\/ check login status\n\t\t  cookie : true, \/\/ enable cookies to allow the server to access the session\n\t\t  xfbml  : true  \/\/ parse XFBML\n\t\t});\n\t  };<\/p>\n<p>\t  (function() {\n\t\tvar e = document.createElement('script');\n\t\te.src=\"https:\/\/connect.facebook.net\/tr_TR\/all.js\";\n\t\te.async = true;\n\t\tdocument.getElementById('fb-root').appendChild(e);\n\t  }());\n    <\/script><br \/>\n<br \/><br \/>\n<br \/><a href=\"https:\/\/www.aa.com.tr\/tr\/ekonomi\/cukurovada-ekim-alani-azalan-pamuktan-100-bin-ton-rekolte-bekleniyor\/3010150\">Source link <\/a><\/p>\n","protected":false},"excerpt":{"rendered":"<p>\u00c7e\u015fitli sekt\u00f6rlerde ham madde olarak kullan\u0131lan pamuk, ge\u00e7en y\u0131l \u00c7ukurova&#8217;da 302 bin dekarda ekildi. Bu y\u0131l 200-300 bin dekarda ekimi yap\u0131lan \u00fcr\u00fcn\u00fcn hasad\u0131 devam ediyor. \u0130l Tar\u0131m ve Orman M\u00fcd\u00fcr\u00fc Mehmet Nuri K\u00f6k\u00e7\u00fco\u011flu, AA muhabirine, kentte pamuk hasad\u0131n\u0131n tamamlanma oran\u0131n\u0131n y\u00fczde 50 dolay\u0131nda oldu\u011funu s\u00f6yledi. K\u00f6k\u00e7\u00fco\u011flu bu y\u0131l b\u00f6lgelere g\u00f6re de\u011fi\u015fen bir verim oldu\u011funu vurgulayarak [&hellip;]<\/p>\n","protected":false},"author":1,"featured_media":16446,"comment_status":"","ping_status":"","sticky":false,"template":"","format":"standard","meta":[],"categories":[44],"tags":[],"_links":{"self":[{"href":"https:\/\/kraios.app\/news\/wp-json\/wp\/v2\/posts\/16445"}],"collection":[{"href":"https:\/\/kraios.app\/news\/wp-json\/wp\/v2\/posts"}],"about":[{"href":"https:\/\/kraios.app\/news\/wp-json\/wp\/v2\/types\/post"}],"author":[{"embeddable":true,"href":"https:\/\/kraios.app\/news\/wp-json\/wp\/v2\/users\/1"}],"replies":[{"embeddable":true,"href":"https:\/\/kraios.app\/news\/wp-json\/wp\/v2\/comments?post=16445"}],"version-history":[{"count":0,"href":"https:\/\/kraios.app\/news\/wp-json\/wp\/v2\/posts\/16445\/revisions"}],"wp:featuredmedia":[{"embeddable":true,"href":"https:\/\/kraios.app\/news\/wp-json\/wp\/v2\/media\/16446"}],"wp:attachment":[{"href":"https:\/\/kraios.app\/news\/wp-json\/wp\/v2\/media?parent=16445"}],"wp:term":[{"taxonomy":"category","embeddable":true,"href":"https:\/\/kraios.app\/news\/wp-json\/wp\/v2\/categories?post=16445"},{"taxonomy":"post_tag","embeddable":true,"href":"https:\/\/kraios.app\/news\/wp-json\/wp\/v2\/tags?post=16445"}],"curies":[{"name":"wp","href":"https:\/\/api.w.org\/{rel}","templated":true}]}}