{"id":16441,"date":"2023-10-07T11:12:38","date_gmt":"2023-10-07T11:12:38","guid":{"rendered":"https:\/\/kraios.app\/news\/yasam\/2023\/10\/07\/izmir-limanina-yanasan-iki-kruvaziyerle-turist-hareketliligi-yasandi\/"},"modified":"2023-10-07T11:12:38","modified_gmt":"2023-10-07T11:12:38","slug":"izmir-limanina-yanasan-iki-kruvaziyerle-turist-hareketliligi-yasandi","status":"publish","type":"post","link":"https:\/\/kraios.app\/news\/yasam\/2023\/10\/07\/izmir-limanina-yanasan-iki-kruvaziyerle-turist-hareketliligi-yasandi\/","title":{"rendered":"\u0130zmir Liman\u0131&#039;na yana\u015fan iki kruvaziyerle turist hareketlili\u011fi ya\u015fand\u0131"},"content":{"rendered":"<p>\u0130zmir Alsancak Liman\u0131, Ege Denizi \u00fczerinde tur yapan iki dev yolcu gemisini a\u011f\u0131rlad\u0131.<\/p>\n","protected":false},"excerpt":{"rendered":"<p>\u0130zmir Alsancak Liman\u0131, Ege Denizi \u00fczerinde tur yapan iki dev yolcu gemisini a\u011f\u0131rlad\u0131.<\/p>\n","protected":false},"author":1,"featured_media":16442,"comment_status":"","ping_status":"","sticky":false,"template":"","format":"standard","meta":[],"categories":[50],"tags":[],"_links":{"self":[{"href":"https:\/\/kraios.app\/news\/wp-json\/wp\/v2\/posts\/16441"}],"collection":[{"href":"https:\/\/kraios.app\/news\/wp-json\/wp\/v2\/posts"}],"about":[{"href":"https:\/\/kraios.app\/news\/wp-json\/wp\/v2\/types\/post"}],"author":[{"embeddable":true,"href":"https:\/\/kraios.app\/news\/wp-json\/wp\/v2\/users\/1"}],"replies":[{"embeddable":true,"href":"https:\/\/kraios.app\/news\/wp-json\/wp\/v2\/comments?post=16441"}],"version-history":[{"count":0,"href":"https:\/\/kraios.app\/news\/wp-json\/wp\/v2\/posts\/16441\/revisions"}],"wp:featuredmedia":[{"embeddable":true,"href":"https:\/\/kraios.app\/news\/wp-json\/wp\/v2\/media\/16442"}],"wp:attachment":[{"href":"https:\/\/kraios.app\/news\/wp-json\/wp\/v2\/media?parent=16441"}],"wp:term":[{"taxonomy":"category","embeddable":true,"href":"https:\/\/kraios.app\/news\/wp-json\/wp\/v2\/categories?post=16441"},{"taxonomy":"post_tag","embeddable":true,"href":"https:\/\/kraios.app\/news\/wp-json\/wp\/v2\/tags?post=16441"}],"curies":[{"name":"wp","href":"https:\/\/api.w.org\/{rel}","templated":true}]}}