{"id":16437,"date":"2023-10-07T10:58:37","date_gmt":"2023-10-07T10:58:37","guid":{"rendered":"https:\/\/kraios.app\/news\/siyaset\/2023\/10\/07\/milletimize-verdigimiz-tum-sozleri-yerine-getirecegiz\/"},"modified":"2023-10-07T10:58:37","modified_gmt":"2023-10-07T10:58:37","slug":"milletimize-verdigimiz-tum-sozleri-yerine-getirecegiz","status":"publish","type":"post","link":"https:\/\/kraios.app\/news\/siyaset\/2023\/10\/07\/milletimize-verdigimiz-tum-sozleri-yerine-getirecegiz\/","title":{"rendered":"Milletimize verdi\u011fimiz t\u00fcm s\u00f6zleri yerine getirece\u011fiz"},"content":{"rendered":"<p><\/p>\n<div>\n<p>Cumhurba\u015fkan\u0131 ve AK Parti Genel Ba\u015fkan\u0131 Recep Tayyip Erdo\u011fan, Ankara Spor Salonu&#8217;nda d\u00fczenlenen AK Parti 4. Ola\u011fan\u00fcst\u00fc B\u00fcy\u00fck Kongresi&#8217;nde konu\u015ftu.<\/p>\n<p>Konu\u015fmas\u0131na, Abdurrahim Karako\u00e7&#8217;un \u00dclk\u00fc T\u00fcrk\u00fcs\u00fc \u015fiirinden dizeler okuyarak ba\u015flayan Erdo\u011fan, t\u00fcm partilileri ve kat\u0131l\u0131mc\u0131lar\u0131 selamlad\u0131.<\/p>\n<p class=\"videoWrapper\">\n<div class=\"jeg_video_container jeg_video_content\"><iframe loading=\"lazy\" title=\"Cumhurba\u015fkan\u0131 ve AK Parti Genel Ba\u015fkan\u0131 Erdo\u011fan, AK Parti 4. Ola\u011fan\u00fcst\u00fc B\u00fcy\u00fck Kongresi&#039;nde konu\u015ftu\" width=\"500\" height=\"281\" src=\"https:\/\/www.youtube.com\/embed\/j4ljmJutFUU?feature=oembed\" frameborder=\"0\" allow=\"accelerometer; autoplay; clipboard-write; encrypted-media; gyroscope; picture-in-picture; web-share\" allowfullscreen><\/iframe><\/div>\n<p>&amp;amp;amp;amp;amp;amp;amp;amp;amp;amp;amp;amp;amp;amp;amp;amp;amp;amp;amp;amp;amp;amp;amp;lt;br class=&#8221;k-br&#8221; \/&amp;amp;amp;amp;amp;amp;amp;amp;amp;amp;amp;amp;amp;amp;amp;amp;amp;amp;amp;amp;amp;amp;amp;gt;<\/iframe><\/p>\n<p class=\"videoWrapper\">Hakka ve millete hizmet sevdas\u0131na, T\u00fcrkiye sevdas\u0131na g\u00f6n\u00fcl veren herkesin bedeniyle olmasa bile kalbiyle, ruhuyla, a\u015fk\u0131yla, sevdas\u0131yla bu salonda oldu\u011funu belirten Erdo\u011fan, \u015funlar\u0131 s\u00f6yledi:<\/p>\n<p>&#8220;Bu sevda, hayat\u0131m\u0131z\u0131n gayesi olan davam\u0131z\u0131 y\u00fcceltme sevdas\u0131d\u0131r. Bu sevda, T\u00fcrkiye Y\u00fczy\u0131l\u0131&#8217;n\u0131 in\u015fa etme sevdas\u0131d\u0131r. Bu sevda, T\u00fcrkiye biny\u0131l\u0131na y\u00fcr\u00fcy\u00fc\u015f sevdas\u0131d\u0131r. Bu sevda, \u015fehitleri ve gazileriyle ecdad\u0131n emanetine sahip \u00e7\u0131kma sevdas\u0131d\u0131r. Bu sevda, yok say\u0131ld\u0131k\u00e7a daha \u00e7ok var olanlar\u0131n sevdas\u0131d\u0131r. Bu sevda, kutsallar\u0131, \u00fclkesi ve milleti i\u00e7in g\u00f6z\u00fcn\u00fc k\u0131rpmadan can\u0131n\u0131 ortaya koyanlar\u0131n sevdas\u0131d\u0131r. Bu sevda, ak sa\u00e7l\u0131 ninelerimizin, ak sakall\u0131 dedelerimizin, g\u00f6zleri umutla parlayan kad\u0131nlar\u0131m\u0131z\u0131n, erkeklerimizin, gen\u00e7lerimizin sevdas\u0131d\u0131r. Bu sevda, daha do\u011fmam\u0131\u015f bebeklerin, gelecek ku\u015faklar\u0131n sevdas\u0131d\u0131r. Bu sevda, her g\u00fcn yeni bir umutla uyanan mazlumlar\u0131n, ma\u011fdurlar\u0131n sevdas\u0131d\u0131r. Bu sevda, her se\u00e7imde sand\u0131klardan partimizi birinci \u00e7\u0131karan ana kadememizin, kad\u0131n kollar\u0131m\u0131z\u0131n, gen\u00e7lik kollar\u0131m\u0131z\u0131n, mahalle ve sand\u0131k temsilcilerimizin, velhas\u0131l te\u015fkilat\u0131m\u0131z\u0131n t\u00fcm mensuplar\u0131n\u0131n, AK Parti&#8217;ye g\u00f6n\u00fcl veren herkesin, AK Parti ailesinin t\u00fcm \u00fcyelerinin sevdas\u0131d\u0131r. Bu sevda, \u00fclkemizin, milletimizin ve devletimizin beka m\u00fccadelesinin ad\u0131 olan Cumhur \u0130ttifak\u0131&#8217;n\u0131n sevdas\u0131d\u0131r.&#8221;<\/p>\n<p>Erdo\u011fan, bu sevdan\u0131n, bin y\u0131lda bu topraklar\u0131 vatan yapan, Allah&#8217;tan ba\u015fka kimseden korkusu olmayan, vicdan\u0131 ve irfan\u0131yla, bilgisi ve g\u00f6rg\u00fcs\u00fcyle insanl\u0131\u011fa \u00f6rnek olan aziz milletin her bir ferdinin sevdas\u0131 oldu\u011funu dile getirdi.<\/p>\n<p><img decoding=\"async\" alt=\"\" src=\"https:\/\/www.aa.com.tr\/uploads\/userFiles\/7fc6ad83-e801-4dd2-b1c1-974abd5a6af0\/2023%2FEkim%2FAA-32332889.jpg\"\/><\/p>\n<p>Bu sevdan\u0131n, T\u00fcrkiye&#8217;nin 81 iline ait oldu\u011funu ifade eden Erdo\u011fan, &#8220;G\u00f6n\u00fcl co\u011frafyam\u0131z\u0131 kucaklayan bu sevda, Lefko\u015fa&#8217;dan Karaba\u011f&#8217;a, Saraybosna&#8217;dan Sar\u0131 Irmak&#8217;a, Medine&#8217;den Semerkant&#8217;a, Kud\u00fcs&#8217;ten Kazan&#8217;a, Alp Da\u011flar\u0131&#8217;ndan Altay Da\u011flar\u0131&#8217;na, Adriyatik&#8217;ten Afrika&#8217;n\u0131n ortalar\u0131na kadar, gerisinde binlerce y\u0131ll\u0131k tarih, k\u00fclt\u00fcr, medeniyet karde\u015fli\u011fi ve kader ortakl\u0131\u011f\u0131 olan necip bir milletin sevdas\u0131d\u0131r. Bu y\u00fcce sevday\u0131 g\u00f6nl\u00fcn\u00fcn en mutena k\u00f6\u015fesinde ta\u015f\u0131yan siz de\u011ferli karde\u015flerimi bir kez daha muhabbetle selaml\u0131yorum.&#8221; diye konu\u015ftu.<\/p>\n<p>Cumhurba\u015fkan\u0131 Erdo\u011fan, kurulu\u015fundun bug\u00fcne AK Parti&#8217;nin temsilcisi oldu\u011fu sevdaya, davaya, y\u00fcr\u00fctt\u00fc\u011f\u00fc \u00e7al\u0131\u015fmalara, verdi\u011fi m\u00fccadeleye destek olan, katk\u0131 sa\u011flayan, fedakarca sorumluluk \u00fcstlenen herkese \u015f\u00fckranlar\u0131n\u0131 sundu, AK Parti \u00e7at\u0131s\u0131 alt\u0131nda \u00fclkeye ve millete hizmet verip de ebediyete irtihal etmi\u015f isimleri rahmetle, minnetle yad etti.<\/p>\n<p><img decoding=\"async\" alt=\"\" src=\"https:\/\/www.aa.com.tr\/uploads\/userFiles\/7fc6ad83-e801-4dd2-b1c1-974abd5a6af0\/2023%2FEkim%2FAA-32332952.jpg\"\/><\/p>\n<h3>&#8220;C\u00fcmle aleme beraberce ilan edece\u011fiz&#8221;<\/h3>\n<p>&#8220;Bilhassa, \u00fclkemizin \u00fczerinde son d\u00f6nemde oynanan en b\u00fcy\u00fck oyunlar\u0131n tekmilinin birden sergilendi\u011fi 14 ve 28 May\u0131s se\u00e7imlerindeki gayretlerinizi asla unutmayaca\u011f\u0131z.&#8221; diyen Erdo\u011fan, bu se\u00e7imlerde, milli iradenin tecellisi i\u00e7in gece-g\u00fcnd\u00fcz \u00e7al\u0131\u015fan her bir te\u015fkilat mensubu ile vatanda\u015flara te\u015fekk\u00fcr etti.<\/p>\n<p>Bu se\u00e7imlerde omuz omuza m\u00fccadele ettikleri Cumhur \u0130ttifak\u0131&#8217;ndaki ortaklar\u0131na, ittifak partilerine g\u00f6n\u00fcl veren vatanda\u015flara da te\u015fekk\u00fcrlerini ileten Erdo\u011fan, &#8220;\u0130n\u015fallah 31 Mart 2024 tarihinde yap\u0131lacak mahalli idareler se\u00e7imlerinde bu kararl\u0131 tutumu tekrar sergileyerek, T\u00fcrkiye Y\u00fczy\u0131l\u0131&#8217;n\u0131n mu\u015ftusunu bir kez daha c\u00fcmle aleme beraber ilan etmeye haz\u0131r m\u0131y\u0131z?&#8221; dedi.<\/p>\n<p>Erdo\u011fan, &#8220;Her dem yeniden do\u011far\u0131z, bizden kim usanas\u0131&#8221; diyen Yunus Emre&#8217;nin izinde, &#8220;D\u00fcn d\u00fcnle gitti canca\u011f\u0131z\u0131m, bug\u00fcn yeni \u015feyler s\u00f6ylemek laz\u0131m&#8221; diyen Hazreti Mevlana&#8217;n\u0131n yolunda, &#8220;L\u00fctfunu diledi\u011fine verece\u011fini&#8221; buyuran Allah&#8217;a ram olarak, yeminli \u0130slam ve T\u00fcrk d\u00fc\u015fmanlar\u0131n\u0131n ne dedi\u011fine bakmadan, davalar\u0131n\u0131n ve memleketin s\u00f6z konusu oldu\u011fu her durumda, geri kalan her \u015feyi teferruat g\u00f6rerek durmadan, yorulmadan, usanmadan yola devam edeceklerini s\u00f6yledi.<\/p>\n<p><img decoding=\"async\" alt=\"\" src=\"https:\/\/www.aa.com.tr\/uploads\/userFiles\/7fc6ad83-e801-4dd2-b1c1-974abd5a6af0\/2023%2FEkim%2FAA-32333226.jpg\"\/><\/p>\n<p>G\u00fcven ve istikrar iklimini tahkim etmek, refah\u0131 art\u0131rmak ba\u015fta olmak \u00fczere, millete verdikleri t\u00fcm s\u00f6zleri yerine getireceklerini vurgulayan Erdo\u011fan, s\u00f6zlerini \u015f\u00f6yle s\u00fcrd\u00fcrd\u00fc:<\/p>\n<p>&#8220;Cumhurla Cumhuriyet&#8217;in aras\u0131ndaki duvarlar\u0131 y\u0131kt\u0131\u011f\u0131m\u0131z gibi, Cumhuriyeti ger\u00e7ek demokrasiyle kucakla\u015ft\u0131racak sivil, \u00f6zg\u00fcrl\u00fck\u00e7\u00fc ve ku\u015fat\u0131c\u0131 bir anayasay\u0131 in\u015fallah \u00fclkemize kazand\u0131raca\u011f\u0131z. Depremle y\u0131k\u0131lan \u015fehirlerimizi yeniden aya\u011fa kald\u0131rmakla kalmayacak, deprem tehdidi alt\u0131ndaki t\u00fcm yerle\u015fim birimlerini tekrar in\u015fa ve ihya edece\u011fiz. Siyasi, sosyal, bireysel sapk\u0131n ak\u0131mlar\u0131 destekleyerek milli b\u00fcnyemizi, aile kurumumuzu, de\u011ferlerimizi y\u0131kmay\u0131 hedef alan sinsi faaliyetlerin k\u00f6k\u00fcn\u00fc kurutaca\u011f\u0131z. Biz LGBT tan\u0131m\u0131yoruz. Kim LGBT&#8217;yi tan\u0131yorsa onlar beraber y\u00fcr\u00fcs\u00fcn.<\/p>\n<p>Cumhur \u0130ttifak\u0131 olarak da tan\u0131m\u0131yoruz ve biz bu noktada aile kurumunu sa\u011flam tutan, aile kurumuna sa\u011flam olarak sar\u0131lan bir yap\u0131n\u0131n mensuplar\u0131y\u0131z. Yar\u0131s\u0131 yalan, yar\u0131s\u0131 yanl\u0131\u015f haberler ve beyanlarla milletimizi, \u00f6zellikle de gen\u00e7lerimizi karamsarl\u0131\u011fa s\u00fcr\u00fcklemek isteyenlere biz \u00fclkemizde izin vermeyece\u011fiz. S\u0131n\u0131rlar\u0131m\u0131z i\u00e7inde ve d\u0131\u015f\u0131nda tek bir insan\u0131m\u0131z\u0131n dahi burnunun kanamas\u0131na, onurunun zedelenmesine, hayallerinin g\u00f6lgelenmesine asla r\u0131za g\u00f6stermeyece\u011fiz. Ter\u00f6r\u00fc kayna\u011f\u0131nda kurutma, bu stratejimizi kararl\u0131l\u0131kla uygulayacak, PKK&#8217;s\u0131ndan FET\u00d6&#8217;s\u00fcne, DEA\u015e&#8217;\u0131ndan marjinal \u00f6rg\u00fctlere, b\u00fct\u00fcn bunlara kadar eli kanl\u0131 canilerden d\u00f6kt\u00fckleri her damla kan\u0131n hesab\u0131n\u0131 misliyle soraca\u011f\u0131z. &#8216;Bir gece ans\u0131z\u0131n gelebiliriz&#8217; ikaz\u0131n\u0131n, vatan\u0131m\u0131z\u0131n bekas\u0131na kasteden al\u00e7aklar\u0131n y\u00fcreklerine sald\u0131\u011f\u0131 korkuyu hi\u00e7 eksiltmeyece\u011fiz.&#8221;<\/p>\n<p><img decoding=\"async\" alt=\"\" src=\"https:\/\/www.aa.com.tr\/uploads\/userFiles\/7fc6ad83-e801-4dd2-b1c1-974abd5a6af0\/2023%2FEkim%2FAA-32333381.jpg\"\/><\/p>\n<h3>&#8220;Diplomasiyle \u00e7\u00f6zmenin gayretindeyiz&#8221;<\/h3>\n<p>Ter\u00f6rle m\u00fccadeleyi kararl\u0131 \u015fekilde s\u00fcrd\u00fcr\u00fcrken b\u00f6lgede bar\u0131\u015f, huzur ve istikrar\u0131n tesisi i\u00e7in diplomatik \u00e7abalar\u0131 yo\u011funla\u015ft\u0131racaklar\u0131n\u0131 belirten Erdo\u011fan, &#8220;Kom\u015fular\u0131m\u0131zdan ba\u015flayarak b\u00f6lgemizdeki t\u00fcm \u00fclkelerle sorunlar\u0131m\u0131z\u0131 diyalog ve diplomasiyle \u00e7\u00f6zmenin gayretindeyiz. Orta Do\u011fu&#8217;dan Kafkaslar&#8217;a, Balkanlar&#8217;dan Karadeniz&#8217;e b\u00f6lgede akan kan\u0131n durmas\u0131 \u00f6ncelikli g\u00fcndemimizdir. Bunun yolu da adaletin ve uluslararas\u0131 hukukun korunmas\u0131ndan ge\u00e7er.&#8221; de\u011ferlendirmesini yapt\u0131.<\/p>\n<p>\u0130lk k\u0131ble Mescidi Aksa&#8217;n\u0131n tarihi ve dini stat\u00fcs\u00fcn\u00fc a\u015f\u0131nd\u0131rmaya y\u00f6nelik her t\u00fcrl\u00fc giri\u015fimin, her t\u00fcrl\u00fc i\u015fgalin kar\u015f\u0131s\u0131nda durmaya devam edeceklerini vurgulayan Erdo\u011fan, &#8220;T\u00fcrkiye olarak bu sabah \u0130srail&#8217;de meydana gelen hadiseler \u0131\u015f\u0131\u011f\u0131nda t\u00fcm taraflar\u0131 itidalle hareket etmeye, gerilimi daha da t\u0131rmand\u0131racak fevri ad\u0131mlardan uzak durmaya \u00e7a\u011f\u0131r\u0131yoruz.&#8221; dedi.<\/p>\n<p><img decoding=\"async\" alt=\"\" src=\"https:\/\/www.aa.com.tr\/uploads\/userFiles\/7fc6ad83-e801-4dd2-b1c1-974abd5a6af0\/2023%2FEkim%2FAA-32333367.jpg\"\/><\/p>\n<p>Bu \u00fclkenin her bir vatanda\u015f\u0131n\u0131n, do\u011fumundan \u00f6l\u00fcm\u00fcne kadar adalet, g\u00fcvenlik, e\u011fitim ve sa\u011fl\u0131k ba\u015fta olmak \u00fczere her t\u00fcrl\u00fc hizmetten en \u00fcst d\u00fczeyde yararlanabilmesini sa\u011flayacaklar\u0131n\u0131 dile getiren Erdo\u011fan, \u015funlar\u0131 kaydetti:<\/p>\n<p>&#8220;Son 21 y\u0131ld\u0131r enflasyona ezdirmedi\u011fimiz i\u015f\u00e7i, memur ve emeklilerimize in\u015fallah \u00f6n\u00fcm\u00fczdeki d\u00f6nemde yeni m\u00fcjdeler vermeye devam edece\u011fiz. T\u00fcm d\u00fcnyayla birlikte \u00fclkemizi de olumsuz etkileyen hayat pahal\u0131l\u0131\u011f\u0131 meselesini, gereken her t\u00fcrl\u00fc tedbiri alarak \u00e7\u00f6zmekte kararl\u0131y\u0131z. Kaderini \u00fclkesinin ve milletinin kaderiyle b\u00fct\u00fcnle\u015ftirmi\u015f bir partiye, bir kadroya ve bir ittifaka yak\u0131\u015fan da budur. Bize d\u00fc\u015fen hak ve hakikat m\u00fccadelesini son nefesimize kadar sab\u0131rla s\u00fcrd\u00fcrmektir. Bug\u00fcn buradaki birlikteli\u011fimizi, i\u015fte bu ahdin ve azmin bir sembol\u00fc olarak g\u00f6r\u00fcyoruz. Rabbim bu kutlu m\u00fccadelede yolumuzu, baht\u0131m\u0131z\u0131 a\u00e7\u0131k eylesin. Rabbim bu me\u015fakkatli yolda istikametini kaybedenleri de \u0131slah eylesin.&#8221;<\/p>\n<p><img decoding=\"async\" alt=\"\" src=\"https:\/\/www.aa.com.tr\/uploads\/userFiles\/7fc6ad83-e801-4dd2-b1c1-974abd5a6af0\/2023%2FEkim%2FAA-32333370.jpg\"\/><\/p>\n<p>AK Parti&#8217;nin kadrosuyla, te\u015fkilat\u0131yla, program\u0131yla, eser ve hizmetleriyle, milleti hayalleriyle bulu\u015fturan siyasetiyle T\u00fcrkiye&#8217;yi bug\u00fcnlere getirdi\u011fini belirtti.<\/p>\n<p>\u015eimdi T\u00fcrkiye&#8217;nin, yine Cumhur \u0130ttifak\u0131&#8217;n\u0131n ve AK Parti&#8217;nin k\u0131lavuzlu\u011funda yeni bir \u00e7a\u011f\u0131n, yeni bir d\u00f6nemin e\u015fi\u011finde oldu\u011funu ifade eden Cumhurba\u015fkan\u0131 Erdo\u011fan, s\u00f6zlerini \u015f\u00f6yle s\u00fcrd\u00fcrd\u00fc:<\/p>\n<p>&#8220;Bu yeni d\u00f6nemde, son iki as\u0131rd\u0131r bize dayat\u0131lan fiziki ve zihni s\u0131n\u0131rlara teslim olmayaca\u011f\u0131z. G\u00f6nl\u00fcm\u00fcze dar gelen hudutlara s\u0131k\u0131\u015f\u0131p kalmayaca\u011f\u0131z. Sahibi Hak oldu\u011fu i\u00e7in zaferinin mutlakl\u0131\u011f\u0131na t\u00fcm kalbimizle inand\u0131\u011f\u0131m\u0131z davam\u0131z\u0131n bayra\u011f\u0131n\u0131 hep y\u00fckseltece\u011fiz. Bu ufku \u00f6nce T\u00fcrkiye Y\u00fczy\u0131l\u0131 ile ayd\u0131nlatacak, ard\u0131ndan hedefledi\u011fimiz as\u0131l yere \u00e7\u0131karaca\u011f\u0131z. \u0130nsanl\u0131\u011f\u0131n gelece\u011fine y\u00f6n veren, ruhunu \u015fekillendiren, yolunu \u00e7izen ne varsa, hepsine de kendi de\u011ferlerimizin, kendi \u00fclk\u00fclerimizin, kendi sevdalar\u0131m\u0131z\u0131n damgas\u0131n\u0131 vuraca\u011f\u0131z. \u0130nsan\u0131yla, tabiat\u0131yla, teknolojisiyle her alanda d\u00fcnyan\u0131n yeni d\u00fczeninde bize sunulana tabi olarak de\u011fil, belirleyici olarak yerimizi alaca\u011f\u0131z.&#8221;<\/p>\n<p>AK Parti&#8217;nin kurulu\u015fundan bug\u00fcne yapt\u0131klar\u0131 her i\u015fi, \u00fclkeye kazand\u0131rd\u0131klar\u0131 her eser ve hizmeti, bu b\u00fcy\u00fck \u015fahlan\u0131\u015f\u0131n girizgah\u0131 ve besmelesi olarak g\u00f6rd\u00fcklerini vurgulayan Erdo\u011fan, &#8220;\u00d6mr\u00fcm\u00fcz yeterse biz, yetmezse g\u00f6zlerindeki \u0131\u015f\u0131lt\u0131y\u0131, y\u00fcreklerindeki co\u015fkuyu buradan bile g\u00f6rebildi\u011fim gen\u00e7lerimizin gayretiyle hedeflerimize mutlaka ula\u015faca\u011f\u0131z.&#8221; diye konu\u015ftu.<\/p>\n<p><img decoding=\"async\" alt=\"\" src=\"https:\/\/www.aa.com.tr\/uploads\/userFiles\/7fc6ad83-e801-4dd2-b1c1-974abd5a6af0\/2023%2FEkim%2FAA-32333418.jpg\"\/><\/p>\n<h3>&#8220;En \u00f6nde hep sizler yer alacaks\u0131n\u0131z&#8221;<\/h3>\n<p>&#8220;\u0130n\u015fallah, bu bayrak yar\u0131\u015f\u0131nda, son 21 y\u0131lda oldu\u011fu gibi, bundan sonra da en \u00f6nde hep sizler yer alacaks\u0131n\u0131z.&#8221; ifadesini kullanan Erdo\u011fan, &#8220;Baz\u0131lar\u0131, nas\u0131l olup da bunca zamand\u0131r partimizin girdi\u011fi her se\u00e7imden a\u00e7\u0131k ara birinci \u00e7\u0131kabildi\u011fini bir t\u00fcrl\u00fc anlayam\u0131yor. Halbuki \u00fclkenin 21 y\u0131lda katetti\u011fi kalk\u0131nma ve demokrasi mesafesine baksalar, bu sorunun cevab\u0131n\u0131 kendili\u011finden bulacaklar.&#8221; dedi.<\/p>\n<p>Cumhurba\u015fkan\u0131 Erdo\u011fan, \u015f\u00f6yle devam etti:<\/p>\n<p>&#8220;Maalesef bunlar\u0131n g\u00f6zleri var g\u00f6rm\u00fcyor, kulaklar\u0131 var duymuyor, dilleri var hakikati s\u00f6yleyemiyor, kalpleri ve vicdanlar\u0131 zaten nas\u0131r ba\u011flam\u0131\u015f durumda. \u015e\u00f6yle az\u0131c\u0131k g\u00f6zlerini a\u00e7salar, kulaklar\u0131n\u0131 kabartsalar, g\u00f6n\u00fcllerinin pas\u0131n\u0131 silseler, her \u015feyin fark\u0131na varacaklar. E\u011fitime baksalar, derslik say\u0131m\u0131z\u0131 343 binden 620 bine, \u00fcniversite say\u0131m\u0131z\u0131 76&#8217;dan 208&#8217;e y\u00fckseltti\u011fimizi, okullar\u0131m\u0131za 800 bin yeni \u00f6\u011fretmen atad\u0131\u011f\u0131m\u0131z\u0131, \u00fcniversite \u00f6\u011frenci say\u0131m\u0131z\u0131 7,5 milyona \u00e7\u0131kard\u0131\u011f\u0131m\u0131z\u0131, yurt kapasitesini 950 bine ula\u015ft\u0131rd\u0131\u011f\u0131m\u0131z\u0131, mesleki e\u011fitimi g\u00fc\u00e7lendirdi\u011fimizi g\u00f6recekler. Ama b\u00f6yle bir dertleri yok. Sa\u011fl\u0131\u011fa baksalar, hastane yatak kapasitemizi 164 binden 268 bine ula\u015ft\u0131rd\u0131\u011f\u0131m\u0131z\u0131, \u015fehir hastaneleriyle hizmet kalitesini zirveye \u00e7\u0131kard\u0131\u011f\u0131m\u0131z\u0131, sa\u011fl\u0131k sistemini ba\u015ftan sona yeniledi\u011fimizi g\u00f6recekler. Adalete baksalar, hakim-savc\u0131 say\u0131m\u0131z\u0131 24 bine yakla\u015ft\u0131rd\u0131\u011f\u0131m\u0131z\u0131, yarg\u0131n\u0131n y\u00fck\u00fcn\u00fc azaltt\u0131\u011f\u0131m\u0131z\u0131, adalet sisteminin altyap\u0131s\u0131n\u0131 yeniledi\u011fimizi, yarg\u0131y\u0131 vesayetin g\u00fcd\u00fcm\u00fcnden kurtar\u0131p ad\u0131na h\u00fck\u00fcm verdi\u011fi millete ram etti\u011fimizi g\u00f6recekler.&#8221;<\/p>\n<p><img decoding=\"async\" alt=\"\" src=\"https:\/\/www.aa.com.tr\/uploads\/userFiles\/7fc6ad83-e801-4dd2-b1c1-974abd5a6af0\/2023%2FEkim%2FAA-32333421.jpg\"\/><\/p>\n<p>Ter\u00f6rle m\u00fccadelede gelinen noktaya dikkati \u00e7eken Erdo\u011fan, &#8220;G\u00fcvenli\u011fe baksalar, istiklalimize ve istikbalimize g\u00f6z diken ter\u00f6r \u00f6rg\u00fctlerinin, onlar\u0131 \u00fczerimize salan emperyalistlerin heveslerini nas\u0131l kursaklar\u0131nda b\u0131rakt\u0131\u011f\u0131m\u0131z\u0131, s\u0131n\u0131r \u00f6tesi harekatlar\u0131 ve 15 Temmuz gibi destanlar\u0131 nas\u0131l yazd\u0131\u011f\u0131m\u0131z\u0131 g\u00f6recekler.&#8221; de\u011ferlendirmesini yapt\u0131.<\/p>\n<p>Erdo\u011fan, \u015funlar\u0131 dile getirdi:<\/p>\n<p>&#8220;Sosyal yard\u0131mlara baksalar, \u00fclkemizdeki ihtiya\u00e7 sahibi her vatanda\u015f\u0131m\u0131z\u0131n, her mazlumun yan\u0131nda yer ald\u0131\u011f\u0131m\u0131z\u0131, engellileri e\u011fitimden istihdama hayat\u0131n her alan\u0131nda destekledi\u011fimizi, kimsesizlerin kimsesi oldu\u011fumuzu g\u00f6recekler. Ula\u015ft\u0131rmaya baksalar, b\u00f6l\u00fcnm\u00fc\u015f yol uzunlu\u011fumuzu 29 bin kilometreye 6 bin 100 kilometreden nas\u0131l \u00e7\u0131kard\u0131\u011f\u0131m\u0131z\u0131 g\u00f6recekler. Otoyol uzunlu\u011fumuzu 3 bin 630 kilometreye, t\u00fcnellerimizin adedini 486&#8217;ya, havalimanlar\u0131m\u0131z\u0131n say\u0131s\u0131n\u0131 57&#8217;ye \u00e7\u0131kard\u0131\u011f\u0131m\u0131z\u0131, \u00fclkemizi h\u0131zl\u0131 trenle nas\u0131l bulu\u015fturdu\u011fumuzu, internet ve e-devlet gibi haberle\u015fme devrimleri ger\u00e7ekle\u015ftirdi\u011fimizi g\u00f6recekler. Enerjiye baksalar, kurulu g\u00fcc\u00fcm\u00fcz\u00fc 105 bin 417 megavata y\u00fckseltti\u011fimizi, Karadeniz&#8217;de tarihimizin en b\u00fcy\u00fck do\u011fal gaz ke\u015ffini yapt\u0131\u011f\u0131m\u0131z\u0131 ve bunun sevincini faturalardaki indirimle milletimizle payla\u015ft\u0131\u011f\u0131m\u0131z\u0131, yenilenebilir enerji yat\u0131r\u0131mlar\u0131yla \u00fclkemizi \u00f6ne ge\u00e7irdi\u011fimizi g\u00f6recekler. Tar\u0131ma baksalar, \u00e7ift\u00e7ilerimize g\u00fcncel rakam\u0131yla 844 milyar lira tar\u0131msal destek verdi\u011fimizi, baraj say\u0131m\u0131z\u0131 992&#8217;ye, hidroelektrik santrali say\u0131m\u0131z\u0131 740&#8217;a, i\u00e7me suyu tesisimizi 386&#8217;ya, sulama tesisimizi 3 bin 400&#8217;e \u00e7\u0131kard\u0131\u011f\u0131m\u0131z\u0131, orman varl\u0131\u011f\u0131m\u0131z\u0131 art\u0131rd\u0131\u011f\u0131m\u0131z\u0131 g\u00f6recekler. Ticarete baksalar, ihracat\u0131m\u0131z\u0131 36 milyar dolardan her ay rekor k\u0131rarak 254 milyar dolara y\u00fckseltti\u011fimizi, b\u00f6ylece istihdam\u0131 ve \u00fcretimi s\u00fcrekli g\u00fc\u00e7lendirdi\u011fimizi, turizmde 51 milyonun \u00fczerinde turist ve 46,5 milyar dolar turizm gelirine nas\u0131l ula\u015ft\u0131\u011f\u0131m\u0131z\u0131 g\u00f6recekler.&#8221;<\/p>\n<p><img decoding=\"async\" alt=\"\" src=\"https:\/\/www.aa.com.tr\/uploads\/userFiles\/7fc6ad83-e801-4dd2-b1c1-974abd5a6af0\/2023%2FEkim%2FAA-32333224.jpg\"\/><\/p>\n<h3>&#8220;Gayretleri beyhudedir&#8221;<\/h3>\n<p>Ekonomi alan\u0131ndaki geli\u015fmelere de de\u011finen Cumhurba\u015fkan\u0131 Erdo\u011fan, &#8220;Ekonomiye baksalar, maruz kald\u0131\u011f\u0131m\u0131z t\u00fcm tuzaklara ve ya\u015fad\u0131\u011f\u0131m\u0131z s\u0131k\u0131nt\u0131lara ra\u011fmen \u00fclkemizi 1 trilyon dolar\u0131n \u00fczerinde milli gelire \u00e7\u0131kard\u0131\u011f\u0131m\u0131z\u0131, sat\u0131n alma paritesine g\u00f6re d\u00fcnyada 11&#8217;inci s\u0131raya y\u00fckseltti\u011fimizi g\u00f6recekler. Sanayiye baksalar, \u00fclkemizin art\u0131k 90 milyar dolar\u0131 bulan proje b\u00fcy\u00fckl\u00fc\u011f\u00fcyle savunma sanayisinde d\u00fcnyan\u0131n \u00f6nde gelen akt\u00f6rleri aras\u0131na girdi\u011fini, faaliyete ge\u00e7irdi\u011fi 163 yeni organize sanayi b\u00f6lgesi, 37 end\u00fcstri b\u00f6lgesi, 100 teknopark\u0131yla k\u00fcresel bir \u00fcretim \u00fcss\u00fc haline geldi\u011fini g\u00f6recekler.&#8221; dedi.<\/p>\n<p>Cumhurba\u015fkan\u0131 Erdo\u011fan, \u015funlar\u0131 kaydetti:<\/p>\n<p>&#8220;\u00c7evre ve \u015fehircili\u011fe baksalar, teslim etti\u011fimiz 1 milyon 158 bin ve in\u015fas\u0131 s\u00fcren 413 bin konutla, 81 ilimize yay\u0131lan 81 milyon metrekare millet bah\u00e7eleriyle, d\u00fcnyaya \u00f6rnek olan s\u0131f\u0131r at\u0131k uygulamalar\u0131yla, deprem b\u00f6lgelerini yeniden aya\u011fa kald\u0131rma \u00e7al\u0131\u015fmalar\u0131yla kendimizle yar\u0131\u015ft\u0131\u011f\u0131m\u0131z\u0131 g\u00f6recekler. \u00c7al\u0131\u015fma hayat\u0131na baksalar, asgari \u00fccreti 184 liradan 11 bin 402 liraya, en d\u00fc\u015f\u00fck emekli maa\u015f\u0131n\u0131 64 liradan 7 bin 500 liraya \u00e7\u0131kard\u0131\u011f\u0131m\u0131z\u0131, istihdam\u0131 32 milyona yakla\u015ft\u0131rd\u0131\u011f\u0131m\u0131z\u0131, \u00e7al\u0131\u015fma \u015fartlar\u0131n\u0131 iyile\u015ftirdi\u011fimizi g\u00f6recekler. \u0130n\u015fallah bu y\u0131l sonuna do\u011fru \u00f6zellikle emekli memurlar\u0131m\u0131z\u0131n maa\u015flar\u0131yla ilgili \u015fu anda bakanl\u0131\u011f\u0131m\u0131z \u00e7al\u0131\u015fmas\u0131n\u0131 yap\u0131yor ve ilk kabine toplant\u0131m\u0131zdan sonra yeni m\u00fcjdemizi de in\u015fallah emekli memurlar\u0131m\u0131za a\u00e7\u0131klayaca\u011f\u0131z. Velhas\u0131l hangi alana baksalar, b\u00fcy\u00fcyen, g\u00fc\u00e7lenen, itibar\u0131 artan, refah\u0131 y\u00fckselen, huzuru ve g\u00fcvenli\u011fi tahkim olan bir T\u00fcrkiye g\u00f6recekler. Milletimiz, bu tarihi y\u00fcr\u00fcy\u00fc\u015f\u00fcnde yan\u0131nda olanlarla, kendisini yaln\u0131z b\u0131rakanlar\u0131 ve kar\u015f\u0131s\u0131nda yer alanlar\u0131 hi\u00e7bir vakit unutmayacakt\u0131r. Bu \u00fclkeye m\u00fcstemleke muamelesi yap\u0131l\u0131rken seslerini \u00e7\u0131karmayan kimi siyaset\u00e7i ve ayd\u0131n kesiminin, kendi politikas\u0131n\u0131 belirleyip ba\u011f\u0131ms\u0131zca uygulayan T\u00fcrkiye ger\u00e7e\u011fini inkar etmek i\u00e7in g\u00f6sterdikleri \u00e7aba ibretliktir. Ayaklar\u0131ndaki prangalar\u0131 par\u00e7alay\u0131p atan T\u00fcrkiye&#8217;nin pa\u00e7as\u0131ndan \u00e7eki\u015ftirenlerin gayretleri beyhudedir.&#8221;<\/p>\n<blockquote class=\"twitter-tweet\">\n<p dir=\"ltr\" lang=\"tr\">Cumhurba\u015fkan\u0131 Erdo\u011fan: \u015eu anda bakanl\u0131\u011f\u0131m\u0131z \u00e7al\u0131\u015fmas\u0131n\u0131 yap\u0131yor, ilk Kabine toplant\u0131m\u0131zdan sonra yeni m\u00fcjdemizi in\u015fallah emekli memurlar\u0131m\u0131za a\u00e7\u0131klayaca\u011f\u0131z <a href=\"https:\/\/t.co\/gwlvLTWmGv\">https:\/\/t.co\/gwlvLTWmGv<\/a> <a href=\"https:\/\/t.co\/22FoeBWHUQ\">pic.twitter.com\/22FoeBWHUQ<\/a><\/p>\n<p>\u2014 Anadolu Ajans\u0131 (@anadoluajansi) <a href=\"https:\/\/twitter.com\/anadoluajansi\/status\/1710602084146458985?ref_src=twsrc%5Etfw\">October 7, 2023<\/a><\/p><\/blockquote>\n<h3>&#8220;T\u00fcrkiye Y\u00fczy\u0131l\u0131n\u0131n y\u00fckseli\u015fine engel olamayacaks\u0131n\u0131z&#8221;<\/h3>\n<p>&#8220;Siyasi ikballeri u\u011fruna etnik k\u00f6ken, mezhep ve me\u015frep \u00fczerinden milletimizin aras\u0131na nifak sokmaya \u00e7al\u0131\u015fanlar, bo\u015funa u\u011fra\u015fmas\u0131n.&#8221; diyen Erdo\u011fan, &#8220;B\u00f6lgesel ve k\u00fcresel denklemlerin anahtar \u00fclkesi haline gelen T\u00fcrkiye&#8217;nin, bu noktadan geriye d\u00f6n\u00fc\u015f\u00fc asla olmayacakt\u0131r.&#8221; ifadesini kulland\u0131.<\/p>\n<p><img decoding=\"async\" alt=\"\" src=\"https:\/\/admin.aa.com.tr\/uploads\/userFiles\/7fc6ad83-e801-4dd2-b1c1-974abd5a6af0\/2023%2FEkim%2FAA-32333221.jpg\"\/><\/p>\n<p>Erdo\u011fan, konu\u015fmas\u0131n\u0131 \u015f\u00f6yle s\u00fcrd\u00fcrd\u00fc:<\/p>\n<p>&#8220;Bizim dilimiz art\u0131k sadece &#8216;Y\u00fcksel ki yerin bu yer de\u011fildir, d\u00fcnyaya gelmek h\u00fcner de\u011fildir&#8217; m\u0131sralar\u0131n\u0131 terenn\u00fcm edecektir. Bug\u00fcn buradan bir kez daha ilan ediyorum, b\u00fcy\u00fck ve g\u00fc\u00e7l\u00fc T\u00fcrkiye&#8217;nin do\u011fu\u015funa engel olamayacaks\u0131n\u0131z. T\u00fcrkiye Y\u00fczy\u0131l\u0131&#8217;n\u0131n y\u00fckseli\u015fine engel olamayacaks\u0131n\u0131z. T\u00fcrk milletinin binlerce y\u0131ll\u0131k devlet ve medeniyet birikiminin inki\u015faf\u0131na engel olamayacaks\u0131n\u0131z. Mazlumlar\u0131n ah\u0131yla \u00e7\u0131nlayan yery\u00fcz\u00fcn\u00fcn adalet ve merhametle yeniden dirili\u015fine engel olamayacaks\u0131n\u0131z. \u0130nsanl\u0131\u011f\u0131n ortak sesi haline d\u00f6n\u00fc\u015fen hak ve hakkaniyet m\u00fccadelemizin yay\u0131l\u0131\u015f\u0131na engel olamayacaks\u0131n\u0131z. D\u00fcnyada as\u0131rlard\u0131r s\u00fcren s\u00f6m\u00fcrge ve zul\u00fcm d\u00fczeninin \u00e7\u00f6k\u00fc\u015f\u00fcne engel olamayacaks\u0131n\u0131z. \u00c7\u00fcnk\u00fc Cumhur \u0130ttifak\u0131 dimdik ayaktad\u0131r. \u00c7\u00fcnk\u00fc Cumhuriyetin y\u00fcz ak\u0131, T\u00fcrkiye&#8217;nin ortak akl\u0131 AK Parti, kadrolar\u0131 ve m\u00fcktesebat\u0131yla dimdik ayaktad\u0131r. \u00c7\u00fcnk\u00fc aziz milletimiz, iradesi ve kararl\u0131l\u0131\u011f\u0131yla dimdik ayaktad\u0131r. D\u00fcnya y\u0131k\u0131lsa, alem \u00fcst\u00fcm\u00fcze gelse, g\u00f6k girse k\u0131z\u0131l \u00e7\u0131ksa Allah&#8217;\u0131n izniyle biz bu davadan, bu yoldan, bu m\u00fccadeleden asla geri d\u00f6nmeyiz.&#8221;<\/p>\n<p><img decoding=\"async\" alt=\"\" src=\"https:\/\/www.aa.com.tr\/uploads\/userFiles\/7fc6ad83-e801-4dd2-b1c1-974abd5a6af0\/2023%2FEkim%2FAA-32332888.jpg\"\/><\/p>\n<h3>&#8220;Kendini s\u00fcrekli yenilemeyi ba\u015farabilen en b\u00fcy\u00fck siyasi organizasyon&#8221;<\/h3>\n<p>AK Parti&#8217;nin, T\u00fcrkiye&#8217;nin, kendi iradesiyle kendini s\u00fcrekli yenilemeyi ba\u015farabilen en b\u00fcy\u00fck siyasi organizasyonu oldu\u011funu belirten Erdo\u011fan, bunun i\u00e7in AK Parti&#8217;nin her kongresinin, bir de\u011fi\u015fim r\u00fczgar\u0131na \u015fahit oldu\u011funu, her milletvekili se\u00e7iminin, AK Parti a\u00e7\u0131s\u0131ndan bir de\u011fi\u015fim esintisi, bir yenilenme heyecan\u0131 e\u015fli\u011finde ger\u00e7ekle\u015fti\u011fini, her mahalli idareler se\u00e7iminin, AK Parti ve\u00e7hesinde yeni seslerin, y\u00fczlerin, isimlerin temay\u00fcz vesilesi haline d\u00f6n\u00fc\u015ft\u00fc\u011f\u00fcn\u00fc s\u00f6yledi.<\/p>\n<p>Ana kademesi, kad\u0131n kollar\u0131 ve gen\u00e7lik kollar\u0131yla partisinin t\u00fcm kadrolar\u0131n\u0131n, hem kendi i\u00e7inde hem de d\u0131\u015far\u0131dan beslenerek kendini s\u00fcrekli diri, dinamik, \u00fcretken tuttu\u011funu kaydeden Erdo\u011fan, kurulu\u015f y\u0131llar\u0131nda ve daha sonraki d\u00f6nemlerde il ve il\u00e7e te\u015fkilatlar\u0131nda, kad\u0131n ve gen\u00e7lik kollar\u0131nda g\u00f6rev alan arkada\u015flar\u0131n serencam\u0131n\u0131 yak\u0131ndan takip etti\u011fini bildirdi.<\/p>\n<p>Erdo\u011fan, bu arkada\u015flar\u0131n\u0131n sorumluluk \u00fcstlendikleri te\u015fkilat kademelerinde yeti\u015ftik\u00e7e, pi\u015ftik\u00e7e, kendilerini geli\u015ftirdik\u00e7e hep daha \u00fcst basamaklara y\u00fcr\u00fcd\u00fcklerini belirterek kiminin milletvekili, kiminin belediye ba\u015fkan\u0131, kiminin genel merkez y\u00f6neticisi, kiminin bakan veya bakan yard\u0131mc\u0131s\u0131, kiminin benzer g\u00f6revler \u00fcstlendi\u011fini ifade etti.<\/p>\n<p><img decoding=\"async\" alt=\"\" src=\"https:\/\/www.aa.com.tr\/uploads\/userFiles\/7fc6ad83-e801-4dd2-b1c1-974abd5a6af0\/2023%2FEkim%2FAA-32333499.jpg\"\/><\/p>\n<h3>&#8220;Kongrede yine yeni bir de\u011fi\u015fimi AK Parti&#8217;de g\u00f6receksiniz&#8221;<\/h3>\n<p>Aralar\u0131ndan rotay\u0131 i\u015f d\u00fcnyas\u0131na, b\u00fcrokrasiye, sivil toplum faaliyetlerine \u00e7evirerek oralardaki ba\u015far\u0131lar\u0131yla g\u00f6\u011f\u00fcslerini kabartanlar\u0131n da \u00e7\u0131kt\u0131\u011f\u0131na i\u015faret eden Erdo\u011fan, &#8220;Bu kongrede yine yeni bir de\u011fi\u015fimi AK Parti&#8217;de g\u00f6receksiniz. Geni\u015f da\u011f\u0131l\u0131m\u0131 olan, parlamentodaki yap\u0131s\u0131yla parti yap\u0131s\u0131n\u0131n \u00e7ok \u00e7ok farkl\u0131 oldu\u011fu bug\u00fcnk\u00fc kongremizde de Merkez Karar ve Y\u00f6netim Kurulumuzla, di\u011fer genel merkez organlar\u0131m\u0131zla ayn\u0131 heyecan\u0131 tekrar ya\u015fayaca\u011f\u0131z.&#8221; dedi.<\/p>\n<p>Kurullardaki g\u00f6revlerine devam edenler yan\u0131nda yeniden ve ilk defa bu kademelerde vazife \u00fcstlenecek isimleri de g\u00f6receklerini ifade eden Erdo\u011fan, AK Parti olarak kendi i\u00e7lerindeki bu de\u011fi\u015fim ruhuna sahip \u00e7\u0131kt\u0131klar\u0131 s\u00fcrece Allah&#8217;\u0131n izni ve milletin deste\u011fiyle daha nice zaferlerin, ba\u015far\u0131lar\u0131n kendilerini bekledi\u011fine inand\u0131\u011f\u0131n\u0131 dile getirdi.<\/p>\n<p>De\u011fi\u015fim iradesini kaybetmeleri halinde bir k\u0131s\u0131rd\u00f6ng\u00fcye d\u00fc\u015feceklerini belirten Erdo\u011fan&#8217;\u0131n &#8220;Tek devlet, tek bayrak, tek vatan, tek devlet. Bir olaca\u011f\u0131z, iri olaca\u011f\u0131z, diri olaca\u011f\u0131z, karde\u015f olaca\u011f\u0131z, hep birlikte T\u00fcrkiye olaca\u011f\u0131z.&#8221; s\u00f6zlerini partililer tekrar etti.<\/p>\n<p><img decoding=\"async\" alt=\"\" src=\"https:\/\/www.aa.com.tr\/uploads\/userFiles\/7fc6ad83-e801-4dd2-b1c1-974abd5a6af0\/2023%2FEkim%2FAA-32333633.jpg\"\/><\/p>\n<h3>Kurtulmu\u015f, kongreye mesaj g\u00f6nderdi<\/h3>\n<p>\u0130stiklal Mar\u015f\u0131 ve sayg\u0131 duru\u015fuyla ba\u015flayan kongrede, g\u00fcndem okunup divan olu\u015fturuldu.<\/p>\n<p>B\u00fcy\u00fck Kongrede Divan Ba\u015fkanl\u0131\u011f\u0131 yapan AK Parti Genel Ba\u015fkan Yard\u0131mc\u0131s\u0131 Ali \u0130hsan Yavuz, Cumhurba\u015fkan\u0131 Erdo\u011fan&#8217;a te\u015fekk\u00fcrlerini sundu.<\/p>\n<p><img decoding=\"async\" alt=\"\" src=\"https:\/\/www.aa.com.tr\/uploads\/userFiles\/7fc6ad83-e801-4dd2-b1c1-974abd5a6af0\/2023%2FEkim%2FAA-32333366.jpg\"\/><\/p>\n<p>Kongreye mesaj g\u00f6nderen TBMM Ba\u015fkan\u0131 Numan Kurtulmu\u015f, 2002&#8217;den bug\u00fcne T\u00fcrkiye&#8217;yi istikrarl\u0131 bir y\u00f6netime kavu\u015fturan, vesayet odaklar\u0131 ile m\u00fccadele ederek milli iradenin \u00f6n\u00fcn\u00fc a\u00e7an ve Cumhuriyet&#8217;in ikinci asr\u0131n\u0131 &#8220;T\u00fcrkiye&#8217;nin Y\u00fczy\u0131l\u0131&#8221; yapmak hedefine y\u00fcr\u00fcyen AK Parti&#8217;nin 4. Ola\u011fan\u00fcst\u00fc B\u00fcy\u00fck Kongresinin T\u00fcrkiye ve millet i\u00e7in hay\u0131rl\u0131 olmas\u0131n\u0131 diledi.<\/p>\n<p>Siyasi partilerin, demokrasinin vazge\u00e7ilmez kurumlar\u0131 oldu\u011funa, milletin iradesinin ve taleplerinin v\u00fccut bulmas\u0131n\u0131n, siyasi partiler eliyle m\u00fcmk\u00fcn olaca\u011f\u0131na i\u015faret eden Kurtulmu\u015f, &#8220;\u00dclkemizin demokratikle\u015fmesine, geli\u015fmesine ve kurdu\u011fu h\u00fck\u00fcmetlerle b\u00fcy\u00fck ba\u015far\u0131lara imza atmas\u0131na vesile olan Say\u0131n Cumhurba\u015fkan\u0131m\u0131z Recep Tayyip Erdo\u011fan&#8217;\u0131n nezdinde t\u00fcm AK Parti camias\u0131n\u0131, delegelerini, milletvekillerini ve y\u00f6neticilerini en kalbi duygular\u0131mla tebrik ediyorum.&#8221; ifadelerini kulland\u0131.<\/p>\n<p><img decoding=\"async\" alt=\"\" src=\"https:\/\/www.aa.com.tr\/uploads\/userFiles\/7fc6ad83-e801-4dd2-b1c1-974abd5a6af0\/2023%2FEkim%2FAA-32333422.jpg\"\/><\/p>\n<p>Kongrede, Genel Ba\u015fkan, Merkez Karar ve Y\u00f6netim Kurulu, Merkez Disiplin Kurulu, Genel Merkez Parti \u0130\u00e7i Demokrasi Hakem Kurulu ile Siyasi Erdem ve Etik Kurulu&#8217;nun asil ve yedek \u00fcye se\u00e7imlerinin ayn\u0131 anda yap\u0131lmas\u0131na ili\u015fkin teklif, oy birli\u011fiyle kabul edildi.<\/p>\n<h3>Tenzile Erdo\u011fan&#8217;\u0131n vefat y\u0131l d\u00f6n\u00fcm\u00fcne \u00f6zel koreografi<\/h3>\n<p>Kongrenin d\u00fczenlendi\u011fi salonda, 7 Ekim 2011&#8217;de vefat eden Cumhurba\u015fkan\u0131 Erdo\u011fan&#8217;\u0131n annesi Tenzile Erdo\u011fan da an\u0131ld\u0131.<\/p>\n<p><img decoding=\"async\" alt=\"\" src=\"https:\/\/www.aa.com.tr\/uploads\/userFiles\/7fc6ad83-e801-4dd2-b1c1-974abd5a6af0\/2023%2FEkim%2FAA-32333631.jpg\"\/><\/p>\n<p>Salonda, Erdo\u011fan&#8217;\u0131n annesi ile olan foto\u011fraf\u0131ndan koreografi olu\u015fturuldu.<\/p>\n<p>Bu s\u0131rada a\u00e7\u0131lan pankartlarda, &#8220;Rahmet ve minnetle an\u0131yoruz&#8221;, &#8220;\u00d6yle bir evlat yeti\u015ftirdin ki binlerce evlad\u0131n daha oldu&#8221; ifadeleri yer ald\u0131.<\/p>\n<p>Kongrede, Azerbaycanl\u0131 sanat\u00e7\u0131 Azerin, AK Parti \u0130stanbul Milletvekili sanat\u00e7\u0131 Y\u00fccel Arzen ile d\u00fcet yapt\u0131.<\/p>\n<p>                            <span class=\"detay-foto-editor\">&#13;<br \/>\n                                <a href=\"https:\/\/www.aa.com.tr\/tr\/p\/abonelik-talep-formu\/1001\" target=\"_blank\" style=\"font-size:12px; color:#444; text-decoration:none;\" rel=\"noopener\">&#13;<br \/>\n                                    Anadolu Ajans\u0131 web sitesinde, AA Haber Ak\u0131\u015f Sistemi (HAS) \u00fczerinden abonelere sunulan haberler, \u00f6zetlenerek yay\u0131mlanmaktad\u0131r. <b style=\"color:#1897F7\">Abonelik i\u00e7in l\u00fctfen ileti\u015fime ge\u00e7iniz.<\/b>&#13;<br \/>\n                                <\/a>&#13;<br \/>\n                            <\/span>\n                        <\/div>\n<p><script async src=\"\/\/platform.twitter.com\/widgets.js\" charset=\"utf-8\"><\/script><script>\n\t  window.fbAsyncInit = function() {\n\t\tFB.init({\n\t\t  appId: '1855843514662870',\n\t\t  status : true, \/\/ check login status\n\t\t  cookie : true, \/\/ enable cookies to allow the server to access the session\n\t\t  xfbml  : true  \/\/ parse XFBML\n\t\t});\n\t  };<\/p>\n<p>\t  (function() {\n\t\tvar e = document.createElement('script');\n\t\te.src=\"https:\/\/connect.facebook.net\/tr_TR\/all.js\";\n\t\te.async = true;\n\t\tdocument.getElementById('fb-root').appendChild(e);\n\t  }());\n    <\/script><\/p>\n","protected":false},"excerpt":{"rendered":"<p>Cumhurba\u015fkan\u0131 ve AK Parti Genel Ba\u015fkan\u0131 Recep Tayyip Erdo\u011fan, Ankara Spor Salonu&#8217;nda d\u00fczenlenen AK Parti 4. Ola\u011fan\u00fcst\u00fc B\u00fcy\u00fck Kongresi&#8217;nde konu\u015ftu. Konu\u015fmas\u0131na, Abdurrahim Karako\u00e7&#8217;un \u00dclk\u00fc T\u00fcrk\u00fcs\u00fc \u015fiirinden dizeler okuyarak ba\u015flayan Erdo\u011fan, t\u00fcm partilileri ve kat\u0131l\u0131mc\u0131lar\u0131 selamlad\u0131. &amp;amp;amp;amp;amp;amp;amp;amp;amp;amp;amp;amp;amp;amp;amp;amp;amp;amp;amp;amp;amp;amp;amp;lt;br class=&#8221;k-br&#8221; \/&amp;amp;amp;amp;amp;amp;amp;amp;amp;amp;amp;amp;amp;amp;amp;amp;amp;amp;amp;amp;amp;amp;amp;gt; Hakka ve millete hizmet sevdas\u0131na, T\u00fcrkiye sevdas\u0131na g\u00f6n\u00fcl veren herkesin bedeniyle olmasa bile kalbiyle, ruhuyla, a\u015fk\u0131yla, sevdas\u0131yla [&hellip;]<\/p>\n","protected":false},"author":1,"featured_media":16438,"comment_status":"","ping_status":"","sticky":false,"template":"","format":"standard","meta":[],"categories":[47],"tags":[],"_links":{"self":[{"href":"https:\/\/kraios.app\/news\/wp-json\/wp\/v2\/posts\/16437"}],"collection":[{"href":"https:\/\/kraios.app\/news\/wp-json\/wp\/v2\/posts"}],"about":[{"href":"https:\/\/kraios.app\/news\/wp-json\/wp\/v2\/types\/post"}],"author":[{"embeddable":true,"href":"https:\/\/kraios.app\/news\/wp-json\/wp\/v2\/users\/1"}],"replies":[{"embeddable":true,"href":"https:\/\/kraios.app\/news\/wp-json\/wp\/v2\/comments?post=16437"}],"version-history":[{"count":0,"href":"https:\/\/kraios.app\/news\/wp-json\/wp\/v2\/posts\/16437\/revisions"}],"wp:featuredmedia":[{"embeddable":true,"href":"https:\/\/kraios.app\/news\/wp-json\/wp\/v2\/media\/16438"}],"wp:attachment":[{"href":"https:\/\/kraios.app\/news\/wp-json\/wp\/v2\/media?parent=16437"}],"wp:term":[{"taxonomy":"category","embeddable":true,"href":"https:\/\/kraios.app\/news\/wp-json\/wp\/v2\/categories?post=16437"},{"taxonomy":"post_tag","embeddable":true,"href":"https:\/\/kraios.app\/news\/wp-json\/wp\/v2\/tags?post=16437"}],"curies":[{"name":"wp","href":"https:\/\/api.w.org\/{rel}","templated":true}]}}