{"id":16433,"date":"2023-10-07T10:34:05","date_gmt":"2023-10-07T10:34:05","guid":{"rendered":"https:\/\/kraios.app\/news\/spor\/2023\/10\/07\/dunyanin-en-iyileri-cumhurbaskanligi-turkiye-bisiklet-turunda-ter-dokecek\/"},"modified":"2023-10-07T10:34:05","modified_gmt":"2023-10-07T10:34:05","slug":"dunyanin-en-iyileri-cumhurbaskanligi-turkiye-bisiklet-turunda-ter-dokecek","status":"publish","type":"post","link":"https:\/\/kraios.app\/news\/spor\/2023\/10\/07\/dunyanin-en-iyileri-cumhurbaskanligi-turkiye-bisiklet-turunda-ter-dokecek\/","title":{"rendered":"D\u00fcnyan\u0131n en iyileri, Cumhurba\u015fkanl\u0131\u011f\u0131 T\u00fcrkiye Bisiklet Turu&#8217;nda ter d\u00f6kecek"},"content":{"rendered":"<p><\/p>\n<div>\n<p>Yar\u0131n Alanya&#8217;dan \u0130stanbul&#8217;a 8 g\u00fcnde 8 etab\u0131 kapsayan toplam 1235,1 kilometrelik parkurunda; bisiklet sporu ile k\u00fclt\u00fcr\u00fcn\u00fcn geli\u015fmesi, \u00fclke tan\u0131t\u0131m\u0131, bisiklet turizmi, iklim kriziyle m\u00fccadele ve sa\u011fl\u0131\u011f\u0131n korunmas\u0131 konular\u0131na dikkat \u00e7ekilecek.<\/p>\n<p>Bisiklette d\u00fcnyan\u0131n en iyi tak\u0131mlar\u0131 ve sporcular\u0131, 8 g\u00fcn boyunca T\u00fcrkiye&#8217;de zirveye \u00e7\u0131kabilmek i\u00e7in pedal \u00e7evirecek. Organizasyona, 24 tak\u0131mda, 36 farkl\u0131 \u00fclkenin vatanda\u015f\u0131 168 bisiklet\u00e7i ter d\u00f6kecek.<\/p>\n<p>Uluslararas\u0131 Bisiklet Birli\u011finin (UCI) d\u00fcnya tak\u0131mlar s\u0131ralamas\u0131nda ilk s\u0131rada yer alan Birle\u015fik Arap Emirlikleri tak\u0131m\u0131 UAE Team Emirates ile Bel\u00e7ika&#8217;dan Alpecin-Deceuninck, Kazakistan&#8217;dan Astana Qazaqstan Team ve Almanya&#8217;dan Bora-Hansgrohe, T\u00fcrkiye&#8217;de m\u00fccadele edecek.<\/p>\n<p>TUR 2023&#8217;te 4 d\u00fcnya, 7 profesyonel, 12 k\u0131ta tak\u0131m\u0131 ile 1 milli tak\u0131m pelotonda m\u00fccadele verecek.<\/p>\n<p>Organizasyonun Uluslararas\u0131 Bisiklet Birli\u011fi kategorilerine g\u00f6re tak\u0131m listesi ise \u015f\u00f6yle:<\/p>\n<p><strong>D\u00fcnya tak\u0131mlar\u0131:<\/strong> Alpecin-Deceuninck (Bel\u00e7ika), Astana Qazaqstan Team (Kazakistan), Bora-Hansgrohe (Almanya), UAE Team Emirates (Birle\u015fik Arap Emirlikleri).<\/p>\n<p><strong>Profesyonel tak\u0131mlar:<\/strong> Bingoal WB (Bel\u00e7ika), Burgos-BH (\u0130spanya), Corratec Selle Italia, Eolo-Kometa Cycling Team, Green Project-Bardianicsf-Faizine (\u0130talya), Q36.5 Pro Cycling Team (\u0130svi\u00e7re), Team Novo Nordisk (ABD).<\/p>\n<p><strong>K\u0131ta tak\u0131mlar\u0131:<\/strong> Beykoz Belediyespor, Konya B\u00fcy\u00fck\u015fehir Belediyespor, Spor Toto Cycling Team (T\u00fcrkiye), Abloc CT (Hollanda), Bike AID, P&amp;S Benotti (Almanya), Global 6 Cycling (Yeni Zelanda), Shimano Racing (Japonya), Sofer-Savini DUE-OMZ (Romanya), Tarteletto-Isorex (Bel\u00e7ika), Team Medellin-EPM (Kolombiya), Voster ATS Team (Polonya).<\/p>\n<p><strong>Milli tak\u0131m:<\/strong> Team Netherlands (Hollanda)<\/p>\n<h3>D\u00fcnya tak\u0131mlar\u0131<\/h3>\n<p>Alpecin-Deceuninck: Bel\u00e7ika merkezli tak\u0131m, 2008 y\u0131l\u0131ndan itibaren bisiklet yar\u0131\u015flar\u0131nda sahne al\u0131yor. Tak\u0131m, sprintin en \u00f6nemli y\u0131ld\u0131zlar\u0131ndan Jasper Philipsen ile etap zaferleri i\u00e7in m\u00fccadele edecek.<\/p>\n<p>Astana Qazaqstan Team: 2007&#8217;de yar\u0131\u015f hayat\u0131na ba\u015flayan Kazakistan tak\u0131m\u0131, Cumhurba\u015fkanl\u0131\u011f\u0131 T\u00fcrkiye Bisiklet Turu&#8217;nda d\u00fczenli m\u00fccadele eden ekiplerden biri. Astana Qazaqstan Team, Alexsandr Dyachenko ile 2012&#8217;de tur \u015fampiyonlu\u011fu elde etti.<\/p>\n<p>Bora-hansgrohe: 2010 y\u0131l\u0131nda kurulan Alman ekibi, 2018, 2019 ve 2022 y\u0131llar\u0131nda da TUR&#8217;da m\u00fccadele etti. Bora-hansgrohe, 9 etap zaferi bulunan Sam Bennett ve 2019 \u015fampiyonu Felix Grossschartner ile T\u00fcrkiye Turu&#8217;nda iz b\u0131rakmay\u0131 ba\u015fard\u0131.<\/p>\n<p>UAE Team Emirates: 2005&#8217;ten bu yana &#8220;WorldTeam&#8221; ekibi olarak m\u00fccadele eden Birle\u015fik Arap Emirlikleri temsilcisi, \u00f6zellikle Tadej Pogacar ile kazand\u0131klar\u0131 iki Tour de France zaferiyle ad\u0131ndan s\u00f6z ettirdi. Uzun bir aran\u0131n ard\u0131ndan Tour of T\u00fcrkiye&#8217;ye d\u00f6nen UAE Team Emirates, T\u00fcrkiye yollar\u0131nda ba\u015far\u0131 arayacak.<\/p>\n<h3>Dikkati \u00e7eken sporcular<\/h3>\n<p>TUR 2023&#8217;te d\u00fcnyan\u0131n \u00f6nemli bisiklet\u00e7ileri pedal \u00e7evirecek.<\/p>\n<p>Fransa Bisiklet Turu (Tour de France) ile \u0130talya Bisiklet Turu&#8217;ndaki (Giro d&#8217;Italia) gibi Grand Tour&#8217;larda etap kazanan ve en iyi sprinter \u00fcnvan\u0131 elde eden Mark Cavendish, 11 etap zaferiyle T\u00fcrkiye Turu&#8217;nda ise en fazla etap kazanan 2 isimden biri. \u00dcnl\u00fc Britanyal\u0131 bisiklet\u00e7i Kazakistan&#8217;\u0131n Astana tak\u0131m\u0131 ile start alacak.<\/p>\n<p>UCI&#8217;nin d\u00fcnya s\u0131ralamas\u0131nda 8. s\u0131rada yer alan, 2023 Tour de France&#8217;da ye\u015fil mayo sahibi olan ve Cumhurba\u015fkanl\u0131\u011f\u0131 T\u00fcrkiye Bisiklet Turu&#8217;nda 2021 ve 2022 y\u0131llar\u0131nda 3 etap zaferi ve 2 kez ye\u015fil mayo kazanan Bel\u00e7ikal\u0131 gen\u00e7 bisiklet\u00e7i Jasper Philipsen, Alpecin tak\u0131m\u0131 ile gelen bir di\u011fer y\u0131ld\u0131z isim olarak dikkati \u00e7ekiyor.<\/p>\n<p>Bu y\u0131l Fransa Bisiklet Turu&#8217;nda etap zaferi ya\u015fayan Kolombiyal\u0131 t\u0131rman\u0131\u015f\u00e7\u0131 Miguel Angel Lopez, turda genel klasman liderli\u011fi i\u00e7in en ciddi adaylardan biri olarak g\u00f6steriliyor.<\/p>\n<p>Sanal bisikletteki ba\u015far\u0131lar\u0131 sonucunda ke\u015ffedilen Avusturalyal\u0131 Jay Vine, Alpecin-Deceuninck ile d\u00fcnya turu seviyesine geldi. Vine, bu y\u0131l da UAE Team Emirates&#8217;e transfer oldu. T\u00fcrkiye Turu&#8217;nun son iki y\u0131l\u0131n\u0131 ikincilikle kapatan genel klasmanc\u0131 yar\u0131\u015f\u00e7\u0131, bu sene ilk s\u0131raya \u00e7\u0131kabilmek i\u00e7in m\u00fccadele edecek.<\/p>\n<p>Hollanda Milli Tak\u0131m\u0131&#8217;n\u0131n pist bisikleti madison kategorisinde d\u00fcnya \u015fampiyonu sporcusu Havik Yoeri de 58. Cumhurba\u015fkanl\u0131\u011f\u0131 T\u00fcrkiye Bisiklet Turu&#8217;nda m\u00fccadele verecek.<\/p>\n<h3>Son 15 y\u0131l\u0131n kazananlar\u0131<\/h3>\n<p>T\u00fcrkiye&#8217;nin en uzun soluklu ve en prestijli yol bisikleti yar\u0131\u015f\u0131 olan Cumhurba\u015fkanl\u0131\u011f\u0131 T\u00fcrkiye Bisiklet Turu, 2008 y\u0131l\u0131ndan itibaren profesyonel tak\u0131mlar\u0131n da yer ald\u0131\u011f\u0131 bir formatta d\u00fczenlenmeye ba\u015flad\u0131.<\/p>\n<p>D\u00fcnyan\u0131n en iyi bisiklet\u00e7ilerinin m\u00fccadelesine sahne olan TUR&#8217;da 15 sene i\u00e7inde 3 kez \u0130spanyol, 2 kez \u0130talyan, 9 kez de farkl\u0131 milletten bisiklet\u00e7iler \u015fampiyonlu\u011fa ula\u015ft\u0131.<\/p>\n<p>2008&#8217;den bu yana hi\u00e7bir bisiklet\u00e7i, Tour of T\u00fcrkiye&#8217;yi 2 kez kazanamad\u0131. Bu y\u0131l kat\u0131lanlar aras\u0131nda eski \u015fampiyonlardan sadece TUR 2013&#8217;\u00fcn galibi Eritreli Natnael Berhane bulunuyor.<\/p>\n<p>Beykoz Belediyespor&#8217;a bu y\u0131l transfer olan Berhane, TUR 2023&#8217;te \u015fampiyon olma ba\u015far\u0131s\u0131n\u0131 g\u00f6sterirse profesyonel tak\u0131mlar\u0131n yer almaya ba\u015flad\u0131\u011f\u0131 2008&#8217;den itibaren ikinci \u015fampiyonlu\u011fu yakalayan ilk bisiklet\u00e7i \u00fcnvan\u0131n\u0131 kazanacak.<\/p>\n<p>TUR&#8217;da son 15 y\u0131l\u0131n \u015fampiyonlar\u0131 \u015f\u00f6yle:<\/p>\n<table style=\"width:1160px;\">\n<tbody>\n<tr>\n<td>Y\u0131l<\/td>\n<td>Kazanan<\/td>\n<td>\u00dclkesi<\/td>\n<td>Tak\u0131m\u0131<\/td>\n<\/tr>\n<tr>\n<td>2008<\/td>\n<td>David Garcia Dapena<\/td>\n<td>\u0130spanya<\/td>\n<td>Karpin\u2013Galicia<\/td>\n<\/tr>\n<tr>\n<td>2009<\/td>\n<td>Daryl Impey<\/td>\n<td>G\u00fcney Afrika<\/td>\n<td>Barloworld<\/td>\n<\/tr>\n<tr>\n<td>2010<\/td>\n<td>Giovanni Visconti<\/td>\n<td>\u0130talya<\/td>\n<td>ISD-NERI<\/td>\n<\/tr>\n<tr>\n<td>2011<\/td>\n<td>Alexander Efimkin<\/td>\n<td>Rusya<\/td>\n<td>Team Type 1\u2013Sanofi Aventis<\/td>\n<\/tr>\n<tr>\n<td>2012<\/td>\n<td>Alexsandr Dyachenko<\/td>\n<td>Kazakistan<\/td>\n<td>Astana<\/td>\n<\/tr>\n<tr>\n<td>2013<\/td>\n<td>Natnael Berhane<\/td>\n<td>Eritre<\/td>\n<td>Team Europcar<\/td>\n<\/tr>\n<tr>\n<td>2014<\/td>\n<td>Adam Yates<\/td>\n<td>B\u00fcy\u00fck Britanya<\/td>\n<td>Orica-GreenEDGE<\/td>\n<\/tr>\n<tr>\n<td>2015<\/td>\n<td>Kristijan Durasek<\/td>\n<td>H\u0131rvatistan<\/td>\n<td>Lampre-Merida<\/td>\n<\/tr>\n<tr>\n<td>2016<\/td>\n<td>Jose Gon\u00e7alves<\/td>\n<td>Portekiz<\/td>\n<td>Caja Rural-Seguros RGA<\/td>\n<\/tr>\n<tr>\n<td>2017<\/td>\n<td>Diego Ulissi<\/td>\n<td>\u0130talya<\/td>\n<td>UAE Team Emirates<\/td>\n<\/tr>\n<tr>\n<td>2018<\/td>\n<td>Eduard Prades<\/td>\n<td>\u0130spanya<\/td>\n<td>Euskadi-Murias<\/td>\n<\/tr>\n<tr>\n<td>2019<\/td>\n<td>Felix Grossschartner<\/td>\n<td>Avusturya<\/td>\n<td>Bora-Hansgrohe<\/td>\n<\/tr>\n<tr>\n<td>2020<\/td>\n<td>Kovid-19 salg\u0131n\u0131 nedeniyle yap\u0131lmad\u0131<\/td>\n<td>&#8211;<\/td>\n<td>&#8211;<\/td>\n<\/tr>\n<tr>\n<td>2021<\/td>\n<td>Jose Manuel Diaz<\/td>\n<td>\u0130spanya<\/td>\n<td>Delko<\/td>\n<\/tr>\n<tr>\n<td>2022<\/td>\n<td>Patrick Bevin<\/td>\n<td>Yeni Zelanda<\/td>\n<td>Israel-Premier Tech<\/td>\n<\/tr>\n<\/tbody>\n<\/table>\n<p>                            <span class=\"detay-foto-editor\">&#13;<br \/>\n                                <a href=\"https:\/\/www.aa.com.tr\/tr\/p\/abonelik-talep-formu\/1001\" target=\"_blank\" style=\"font-size:12px; color:#444; text-decoration:none;\" rel=\"noopener\">&#13;<br \/>\n                                    Anadolu Ajans\u0131 web sitesinde, AA Haber Ak\u0131\u015f Sistemi (HAS) \u00fczerinden abonelere sunulan haberler, \u00f6zetlenerek yay\u0131mlanmaktad\u0131r. <b style=\"color:#1897F7\">Abonelik i\u00e7in l\u00fctfen ileti\u015fime ge\u00e7iniz.<\/b>&#13;<br \/>\n                                <\/a>&#13;<br \/>\n                            <\/span>\n                        <\/div>\n<p><script>\n\t  window.fbAsyncInit = function() {\n\t\tFB.init({\n\t\t  appId: '1855843514662870',\n\t\t  status : true, \/\/ check login status\n\t\t  cookie : true, \/\/ enable cookies to allow the server to access the session\n\t\t  xfbml  : true  \/\/ parse XFBML\n\t\t});\n\t  };<\/p>\n<p>\t  (function() {\n\t\tvar e = document.createElement('script');\n\t\te.src=\"https:\/\/connect.facebook.net\/tr_TR\/all.js\";\n\t\te.async = true;\n\t\tdocument.getElementById('fb-root').appendChild(e);\n\t  }());\n    <\/script><\/p>\n","protected":false},"excerpt":{"rendered":"<p>Yar\u0131n Alanya&#8217;dan \u0130stanbul&#8217;a 8 g\u00fcnde 8 etab\u0131 kapsayan toplam 1235,1 kilometrelik parkurunda; bisiklet sporu ile k\u00fclt\u00fcr\u00fcn\u00fcn geli\u015fmesi, \u00fclke tan\u0131t\u0131m\u0131, bisiklet turizmi, iklim kriziyle m\u00fccadele ve sa\u011fl\u0131\u011f\u0131n korunmas\u0131 konular\u0131na dikkat \u00e7ekilecek. Bisiklette d\u00fcnyan\u0131n en iyi tak\u0131mlar\u0131 ve sporcular\u0131, 8 g\u00fcn boyunca T\u00fcrkiye&#8217;de zirveye \u00e7\u0131kabilmek i\u00e7in pedal \u00e7evirecek. Organizasyona, 24 tak\u0131mda, 36 farkl\u0131 \u00fclkenin vatanda\u015f\u0131 168 bisiklet\u00e7i [&hellip;]<\/p>\n","protected":false},"author":1,"featured_media":16434,"comment_status":"","ping_status":"","sticky":false,"template":"","format":"standard","meta":[],"categories":[48],"tags":[],"_links":{"self":[{"href":"https:\/\/kraios.app\/news\/wp-json\/wp\/v2\/posts\/16433"}],"collection":[{"href":"https:\/\/kraios.app\/news\/wp-json\/wp\/v2\/posts"}],"about":[{"href":"https:\/\/kraios.app\/news\/wp-json\/wp\/v2\/types\/post"}],"author":[{"embeddable":true,"href":"https:\/\/kraios.app\/news\/wp-json\/wp\/v2\/users\/1"}],"replies":[{"embeddable":true,"href":"https:\/\/kraios.app\/news\/wp-json\/wp\/v2\/comments?post=16433"}],"version-history":[{"count":0,"href":"https:\/\/kraios.app\/news\/wp-json\/wp\/v2\/posts\/16433\/revisions"}],"wp:featuredmedia":[{"embeddable":true,"href":"https:\/\/kraios.app\/news\/wp-json\/wp\/v2\/media\/16434"}],"wp:attachment":[{"href":"https:\/\/kraios.app\/news\/wp-json\/wp\/v2\/media?parent=16433"}],"wp:term":[{"taxonomy":"category","embeddable":true,"href":"https:\/\/kraios.app\/news\/wp-json\/wp\/v2\/categories?post=16433"},{"taxonomy":"post_tag","embeddable":true,"href":"https:\/\/kraios.app\/news\/wp-json\/wp\/v2\/tags?post=16433"}],"curies":[{"name":"wp","href":"https:\/\/api.w.org\/{rel}","templated":true}]}}