{"id":16426,"date":"2023-10-07T09:26:41","date_gmt":"2023-10-07T09:26:41","guid":{"rendered":"https:\/\/kraios.app\/news\/siyaset\/2023\/10\/07\/canli-cumhurbaskani-erdogan-konusuyor-8\/"},"modified":"2023-10-07T09:26:41","modified_gmt":"2023-10-07T09:26:41","slug":"canli-cumhurbaskani-erdogan-konusuyor-8","status":"publish","type":"post","link":"https:\/\/kraios.app\/news\/siyaset\/2023\/10\/07\/canli-cumhurbaskani-erdogan-konusuyor-8\/","title":{"rendered":"CANLI: Cumhurba\u015fkan\u0131 Erdo\u011fan konu\u015fuyor"},"content":{"rendered":"<p>CANLI: Cumhurba\u015fkan\u0131 Erdo\u011fan konu\u015fuyor<\/p>\n","protected":false},"excerpt":{"rendered":"<p>CANLI: Cumhurba\u015fkan\u0131 Erdo\u011fan konu\u015fuyor<\/p>\n","protected":false},"author":1,"featured_media":16427,"comment_status":"","ping_status":"","sticky":false,"template":"","format":"standard","meta":[],"categories":[47],"tags":[],"_links":{"self":[{"href":"https:\/\/kraios.app\/news\/wp-json\/wp\/v2\/posts\/16426"}],"collection":[{"href":"https:\/\/kraios.app\/news\/wp-json\/wp\/v2\/posts"}],"about":[{"href":"https:\/\/kraios.app\/news\/wp-json\/wp\/v2\/types\/post"}],"author":[{"embeddable":true,"href":"https:\/\/kraios.app\/news\/wp-json\/wp\/v2\/users\/1"}],"replies":[{"embeddable":true,"href":"https:\/\/kraios.app\/news\/wp-json\/wp\/v2\/comments?post=16426"}],"version-history":[{"count":0,"href":"https:\/\/kraios.app\/news\/wp-json\/wp\/v2\/posts\/16426\/revisions"}],"wp:featuredmedia":[{"embeddable":true,"href":"https:\/\/kraios.app\/news\/wp-json\/wp\/v2\/media\/16427"}],"wp:attachment":[{"href":"https:\/\/kraios.app\/news\/wp-json\/wp\/v2\/media?parent=16426"}],"wp:term":[{"taxonomy":"category","embeddable":true,"href":"https:\/\/kraios.app\/news\/wp-json\/wp\/v2\/categories?post=16426"},{"taxonomy":"post_tag","embeddable":true,"href":"https:\/\/kraios.app\/news\/wp-json\/wp\/v2\/tags?post=16426"}],"curies":[{"name":"wp","href":"https:\/\/api.w.org\/{rel}","templated":true}]}}