{"id":16418,"date":"2023-10-07T09:03:12","date_gmt":"2023-10-07T09:03:12","guid":{"rendered":"https:\/\/kraios.app\/news\/yasam\/2023\/10\/07\/canakkaleli-zipkincinin-kamerasina-nesli-tehlike-altinda-olan-cizgili-yunus-takildi\/"},"modified":"2023-10-07T09:03:12","modified_gmt":"2023-10-07T09:03:12","slug":"canakkaleli-zipkincinin-kamerasina-nesli-tehlike-altinda-olan-cizgili-yunus-takildi","status":"publish","type":"post","link":"https:\/\/kraios.app\/news\/yasam\/2023\/10\/07\/canakkaleli-zipkincinin-kamerasina-nesli-tehlike-altinda-olan-cizgili-yunus-takildi\/","title":{"rendered":"\u00c7anakkaleli z\u0131pk\u0131nc\u0131n\u0131n kameras\u0131na nesli tehlike alt\u0131nda olan &#8220;\u00e7izgili yunus&#8221; tak\u0131ld\u0131"},"content":{"rendered":"<p><\/p>\n<div>\n<p>L\u00fcfer avlamak i\u00e7in su alt\u0131 kameras\u0131n\u0131 da yan\u0131na alarak Eceabat il\u00e7esi a\u00e7\u0131klar\u0131nda dal\u0131\u015f yapan Atasev, biri ters y\u00fczen iki yunusu fark etti.<\/p>\n<p>Yunuslardan biri sevimli poz verircesine Atasev&#8217;in kameras\u0131na yakla\u015ft\u0131. Bir s\u00fcre kameraya bak\u0131p ba\u015f\u0131n\u0131 sallayan yunus, daha sonra Atasev&#8217;in yan\u0131ndan uzakla\u015ft\u0131.<\/p>\n<p>Kerem Atasev, AA muhabirine, bo\u011fazda z\u0131pk\u0131nla bal\u0131k av\u0131 i\u00e7in dal\u0131\u015flar yapt\u0131\u011f\u0131n\u0131, l\u00fcferin bolla\u015ft\u0131\u011f\u0131 bug\u00fcnlerde derin sulara indi\u011fini s\u00f6yledi.<\/p>\n<p><img decoding=\"async\" alt=\"\" src=\"https:\/\/www.aa.com.tr\/uploads\/userFiles\/7fc6ad83-e801-4dd2-b1c1-974abd5a6af0\/2023%2FEkim%2FAA-32331871.jpg\"\/><\/p>\n<p>L\u00fcfer ararken alt\u0131ndan iki yunusun ge\u00e7ti\u011fini belirten Atasev, &#8220;Bundan 10 dakika sonra 15 metrede bir ta\u015f\u0131n yan\u0131nda l\u00fcfer beklerken yunus geldi. \u00c7ok da sevimli bir hayvan. Hala denizlerimizde hayat var, canl\u0131l\u0131k var, \u00e7e\u015fitlilik var. Bunlar\u0131 g\u00f6r\u00fcyoruz mutlu oluyoruz.&#8221; dedi.<\/p>\n<p>Atasev, \u00c7anakkale Bo\u011faz\u0131&#8217;n\u0131n t\u00fcr \u00e7e\u015fitlili\u011fi konusunda \u00e7ok zengin oldu\u011funu vurgulad\u0131.<\/p>\n<p>Yine bo\u011fazda 2021&#8217;deki dal\u0131\u015f\u0131 s\u0131ras\u0131nda ters y\u00fczen yunusu g\u00f6r\u00fcnt\u00fcledi\u011fini anlatan Atasev, &#8220;L\u00fcferin bolla\u015fmas\u0131yla ard\u0131ndan orkinos, yunus, akya gibi avc\u0131 bal\u0131klar geliyor. L\u00fcferin pe\u015finde olan bal\u0131klar \u00e7ok geliyor. Ortaya \u00e7ok g\u00fczel g\u00f6r\u00fcnt\u00fcler \u00e7\u0131k\u0131yor.&#8221; ifadesini kulland\u0131.<\/p>\n<p><img decoding=\"async\" alt=\"\" src=\"https:\/\/www.aa.com.tr\/uploads\/userFiles\/7fc6ad83-e801-4dd2-b1c1-974abd5a6af0\/2023%2FEkim%2FAA-32331867.jpg\"\/><\/p>\n<p>Atasev, yunusa \u00e7ok yakla\u015ft\u0131\u011f\u0131n\u0131 ve bundan korkmad\u0131\u011f\u0131n\u0131 dile getirdi.<\/p>\n<p>O anda ya\u015fad\u0131klar\u0131n\u0131 aktaran Atasev, \u015fu bilgileri verdi:<\/p>\n<p>&#8220;Kameran\u0131n d\u00fc\u011fmesine bas\u0131p basmad\u0131\u011f\u0131m\u0131 hat\u0131rlam\u0131yordum. O anda kameran\u0131n k\u0131rm\u0131z\u0131 \u0131\u015f\u0131\u011f\u0131n\u0131n yan\u0131p s\u00f6nd\u00fc\u011f\u00fcn\u00fc g\u00f6r\u00fcnce rahatlad\u0131m \u00e7\u00fcnk\u00fc &#8216;Tamam, \u00e7ekiyorum. Bunu g\u00f6sterebilirim.&#8217; diye d\u00fc\u015f\u00fcnd\u00fcm. Daha \u00f6nce de birka\u00e7 defa kar\u015f\u0131la\u015ft\u0131\u011f\u0131m i\u00e7in bana hamle yapacak, benim can\u0131m\u0131 yakacak bir hayvan gibi gelmiyor. Hatta 10 dakika sonra onun oldu\u011fu yere tekrar dald\u0131m. \u0130lk defa bu kadar yak\u0131na geldi. Hep uzaktan ge\u00e7erlerdi, seslerini, t\u0131k\u0131rt\u0131lar\u0131n\u0131 duyard\u0131m. Bu kadar yakla\u015facaklar\u0131 hi\u00e7 akl\u0131ma gelmezdi. O bana yakla\u015f\u0131rken hep d\u00fc\u015f\u00fcnd\u00fcm &#8216;\u015eimdi d\u00f6necek, gidecek&#8217; diye ama d\u00f6nmedi. \u00c7ok keyifliydi.&#8221;<\/p>\n<h3>&#8220;Do\u011fa koruma kurulu\u015flar\u0131 taraf\u0131ndan korunan bir t\u00fcr&#8221;<\/h3>\n<p>\u00c7anakkale Onsekiz Mart \u00dcniversitesi Deniz Bilimleri ve Teknolojisi Fak\u00fcltesinden emekli deniz biyolo\u011fu Prof. Dr. Sezginer Tun\u00e7er de Atasev&#8217;in g\u00f6r\u00fcnt\u00fcledi\u011fi \u00e7izgili yunusun, \u00c7anakkale Bo\u011faz\u0131 ve Saros K\u00f6rfezi&#8217;ne do\u011fru g\u00f6\u00e7 eden bir t\u00fcre benzedi\u011fini belirtti.<\/p>\n<p><img decoding=\"async\" alt=\"\" src=\"https:\/\/www.aa.com.tr\/uploads\/userFiles\/7fc6ad83-e801-4dd2-b1c1-974abd5a6af0\/2023%2FEkim%2FAA-32331868.jpg\"\/><\/p>\n<p>&#8220;Stenella coeruleoalba&#8221;n\u0131n di\u011fer yunuslarda oldu\u011fu gibi avlanmas\u0131, yakalanmas\u0131 yasak, do\u011fa koruma kurulu\u015flar\u0131 taraf\u0131ndan korunan bir t\u00fcr oldu\u011funa de\u011finen Tun\u00e7er, \u015f\u00f6yle devam etti:<\/p>\n<p>&#8220;Bunlar\u0131n Akdeniz&#8217;deki da\u011f\u0131l\u0131mlar\u0131na bakt\u0131\u011f\u0131m\u0131z zaman 5 t\u00fcrden biri. Do\u011faseverler bunlar\u0131 yak\u0131ndan takip etmeyi \u00e7ok seviyorlar. Z\u0131pk\u0131nc\u0131 arkada\u015f\u0131 da tebrik ediyorum. Adeta onunla dost gibi olmu\u015f. \u00c7ok yak\u0131n\u0131na gelmi\u015f. Bu kadar yak\u0131n mesafeden \u00e7ekmi\u015f olmas\u0131 b\u00fcy\u00fck bir ba\u015far\u0131. Demek ki \u00c7anakkale Bo\u011faz\u0131&#8217;nda iyi av yapan bir yer buras\u0131. Bu canl\u0131lar da karnivor (sadece etle beslenen) olduklar\u0131 i\u00e7in b\u00f6lgedeki bal\u0131klarla ge\u00e7imlerini s\u00fcrd\u00fcr\u00fcyorlar.&#8221;<\/p>\n<p>Tun\u00e7er, mesleki hayat\u0131nda kendisinin b\u00f6yle bir g\u00f6r\u00fcnt\u00fcy\u00fc ilk kez izledi\u011fini ifade etti.<\/p>\n<p>B\u00f6lgede su alt\u0131 avc\u0131l\u0131\u011f\u0131 yapanlar\u0131n \u00f6zellikle yunus ve avlanmas\u0131 yasak di\u011fer t\u00fcrlerle ilgili bilin\u00e7li davrand\u0131\u011f\u0131n\u0131 anlatan Tun\u00e7er, bu yunus t\u00fcr\u00fcn\u00fcn de D\u00fcnya Do\u011fay\u0131 ve Do\u011fal Kaynaklar\u0131 Koruma Birli\u011finin (IUCN) k\u0131rm\u0131z\u0131 listesinde oldu\u011funu s\u00f6zlerine ekledi.<\/p>\n<p>                            <span class=\"detay-foto-editor\">&#13;<br \/>\n                                <a href=\"https:\/\/www.aa.com.tr\/tr\/p\/abonelik-talep-formu\/1001\" target=\"_blank\" style=\"font-size:12px; color:#444; text-decoration:none;\" rel=\"noopener\">&#13;<br \/>\n                                    Anadolu Ajans\u0131 web sitesinde, AA Haber Ak\u0131\u015f Sistemi (HAS) \u00fczerinden abonelere sunulan haberler, \u00f6zetlenerek yay\u0131mlanmaktad\u0131r. <b style=\"color:#1897F7\">Abonelik i\u00e7in l\u00fctfen ileti\u015fime ge\u00e7iniz.<\/b>&#13;<br \/>\n                                <\/a>&#13;<br \/>\n                            <\/span>\n                        <\/div>\n<p><script>\n\t  window.fbAsyncInit = function() {\n\t\tFB.init({\n\t\t  appId: '1855843514662870',\n\t\t  status : true, \/\/ check login status\n\t\t  cookie : true, \/\/ enable cookies to allow the server to access the session\n\t\t  xfbml  : true  \/\/ parse XFBML\n\t\t});\n\t  };<\/p>\n<p>\t  (function() {\n\t\tvar e = document.createElement('script');\n\t\te.src=\"https:\/\/connect.facebook.net\/tr_TR\/all.js\";\n\t\te.async = true;\n\t\tdocument.getElementById('fb-root').appendChild(e);\n\t  }());\n    <\/script><\/p>\n","protected":false},"excerpt":{"rendered":"<p>L\u00fcfer avlamak i\u00e7in su alt\u0131 kameras\u0131n\u0131 da yan\u0131na alarak Eceabat il\u00e7esi a\u00e7\u0131klar\u0131nda dal\u0131\u015f yapan Atasev, biri ters y\u00fczen iki yunusu fark etti. Yunuslardan biri sevimli poz verircesine Atasev&#8217;in kameras\u0131na yakla\u015ft\u0131. Bir s\u00fcre kameraya bak\u0131p ba\u015f\u0131n\u0131 sallayan yunus, daha sonra Atasev&#8217;in yan\u0131ndan uzakla\u015ft\u0131. Kerem Atasev, AA muhabirine, bo\u011fazda z\u0131pk\u0131nla bal\u0131k av\u0131 i\u00e7in dal\u0131\u015flar yapt\u0131\u011f\u0131n\u0131, l\u00fcferin bolla\u015ft\u0131\u011f\u0131 [&hellip;]<\/p>\n","protected":false},"author":1,"featured_media":16419,"comment_status":"","ping_status":"","sticky":false,"template":"","format":"standard","meta":[],"categories":[50],"tags":[],"_links":{"self":[{"href":"https:\/\/kraios.app\/news\/wp-json\/wp\/v2\/posts\/16418"}],"collection":[{"href":"https:\/\/kraios.app\/news\/wp-json\/wp\/v2\/posts"}],"about":[{"href":"https:\/\/kraios.app\/news\/wp-json\/wp\/v2\/types\/post"}],"author":[{"embeddable":true,"href":"https:\/\/kraios.app\/news\/wp-json\/wp\/v2\/users\/1"}],"replies":[{"embeddable":true,"href":"https:\/\/kraios.app\/news\/wp-json\/wp\/v2\/comments?post=16418"}],"version-history":[{"count":0,"href":"https:\/\/kraios.app\/news\/wp-json\/wp\/v2\/posts\/16418\/revisions"}],"wp:featuredmedia":[{"embeddable":true,"href":"https:\/\/kraios.app\/news\/wp-json\/wp\/v2\/media\/16419"}],"wp:attachment":[{"href":"https:\/\/kraios.app\/news\/wp-json\/wp\/v2\/media?parent=16418"}],"wp:term":[{"taxonomy":"category","embeddable":true,"href":"https:\/\/kraios.app\/news\/wp-json\/wp\/v2\/categories?post=16418"},{"taxonomy":"post_tag","embeddable":true,"href":"https:\/\/kraios.app\/news\/wp-json\/wp\/v2\/tags?post=16418"}],"curies":[{"name":"wp","href":"https:\/\/api.w.org\/{rel}","templated":true}]}}