{"id":16411,"date":"2023-10-07T08:32:36","date_gmt":"2023-10-07T08:32:36","guid":{"rendered":"https:\/\/kraios.app\/news\/spor\/2023\/10\/07\/tour-of-turkiye-2023te-ilk-pedal-yarin-donecek\/"},"modified":"2023-10-07T08:32:36","modified_gmt":"2023-10-07T08:32:36","slug":"tour-of-turkiye-2023te-ilk-pedal-yarin-donecek","status":"publish","type":"post","link":"https:\/\/kraios.app\/news\/spor\/2023\/10\/07\/tour-of-turkiye-2023te-ilk-pedal-yarin-donecek\/","title":{"rendered":"&#8220;Tour of T\u00fcrkiye 2023&#8243;te ilk pedal yar\u0131n d\u00f6necek"},"content":{"rendered":"<p><\/p>\n<div>\n<p>Cumhurba\u015fkanl\u0131\u011f\u0131 himayelerinde, Gen\u00e7lik ve Spor Bakanl\u0131\u011f\u0131n\u0131n destekleriyle T\u00fcrkiye Bisiklet Federasyonu taraf\u0131ndan 23-30 Nisan i\u00e7in planlanan TUR 2023, 6 \u015eubat&#8217;taki depremler nedeniyle ekim ay\u0131na ertelendi.<\/p>\n<p>\u0130lki 1963 y\u0131l\u0131nda &#8220;Marmara Turu&#8221; olarak d\u00fczenlenen ve ilk kez 1965 y\u0131l\u0131nda uluslararas\u0131 stat\u00fc kazanan organizasyon, 1966 y\u0131l\u0131nda Cumhurba\u015fkanl\u0131\u011f\u0131 makam\u0131 himayesine al\u0131nd\u0131. Turun 58&#8217;incisi yar\u0131n Alanya&#8217;da ba\u015flay\u0131p, 15 Ekim&#8217;de \u0130stanbul&#8217;da sona erecek.<\/p>\n<p>TUR 2023&#8217;te ilk pedal saat 11.40&#8217;ta bas\u0131lacak. Alanya Marina&#8217;da verilecek startla b\u00fcy\u00fck m\u00fccadeleye ba\u015flayacak bisiklet\u00e7iler, Manavgat ve Serik&#8217;ten ge\u00e7erek Konyaalt\u0131&#8217;ndaki biti\u015f \u00e7izgisini ilk s\u0131rada ge\u00e7meye \u00e7al\u0131\u015facak.<\/p>\n<p>Tour of T\u00fcrkiye&#8217;nin Alanya&#8217;dan \u0130stanbul&#8217;a 8 g\u00fcnde 8 etab\u0131 kapsayan toplam 1235 kilometrelik parkurunda; bisiklet sporu ile k\u00fclt\u00fcr\u00fcn\u00fcn geli\u015fmesi, \u00fclke tan\u0131t\u0131m\u0131, bisiklet turizmi, iklim kriziyle m\u00fccadele ve sa\u011fl\u0131\u011f\u0131n korunmas\u0131 konular\u0131na dikkat \u00e7ekilecek.<\/p>\n<h3>Parkur<\/h3>\n<p>58. Cumhurba\u015fkanl\u0131\u011f\u0131 T\u00fcrkiye Bisiklet Turu&#8217;nda sporcular, toplamda 1235 kilometre boyunca pedal \u00e7evirecek.<\/p>\n<p><strong>Tour of T\u00fcrkiye 2023&#8217;te parkurlar \u015f\u00f6yle:<\/strong><\/p>\n<p><strong>1. Etap:<\/strong> Alanya-Antalya (135 km)<\/p>\n<p><strong>2. Etap: <\/strong>Kemer-Kalkan (166,5 km)<\/p>\n<p><strong>3. Etap:<\/strong> Fethiye-Babada\u011f (104,1 km)<\/p>\n<p><strong>4. Etap: <\/strong>Fethiye-Marmaris (165,3 km)<\/p>\n<p><strong>5. Etap:<\/strong> Marmaris-Yal\u0131kavak (180,6 km)<\/p>\n<p><strong>6. Etap: <\/strong>Bodrum-Sel\u00e7uk (193,3 km)<\/p>\n<p><strong>7. Etap: <\/strong>Sel\u00e7uk-Manisa-\u0130zmir (159,8 km)<\/p>\n<p><strong>8. Etap: <\/strong>\u0130stanbul-Sultanahmet (130,5 km)<\/p>\n<h3>24 tak\u0131mda 36 \u00fclkeden, 168 bisiklet\u00e7i yar\u0131\u015facak<\/h3>\n<p>D\u00fcnyan\u0131n en \u00f6nemli profesyonel tak\u0131mlar\u0131n\u0131n yer alaca\u011f\u0131 organizasyonda, 24 tak\u0131mda, 36 farkl\u0131 \u00fclkenin vatanda\u015f\u0131 olan 168 bisiklet\u00e7i ter d\u00f6kecek.<\/p>\n<p>UCI d\u00fcnya tak\u0131mlar s\u0131ralamas\u0131nda ilk s\u0131rada yer alan Birle\u015fik Arap Emirlikleri tak\u0131m\u0131 UAE Team Emirates ile d\u00fcnya tak\u0131mlar\u0131 Bel\u00e7ika&#8217;dan Alpecin-Deceuninck, Kazakistan&#8217;dan Astana Qazaqstan Team ve Almanya&#8217;dan Bora-Hansgrohe, T\u00fcrkiye&#8217;de m\u00fccadele edecek.<\/p>\n<p>TUR 2023&#8217;te 4 d\u00fcnya, 7 profesyonel, 12 k\u0131ta tak\u0131m\u0131 ile 1 milli tak\u0131m pelotonda m\u00fccadele verecek.<\/p>\n<p><strong>Organizasyonun Uluslararas\u0131 Bisiklet Birli\u011fi (UCI) kategorilerine g\u00f6re tak\u0131m listesi ise \u015f\u00f6yle: <\/strong><\/p>\n<p><strong>D\u00fcnya tak\u0131mlar\u0131:<\/strong> Alpecin-Deceuninck (Bel\u00e7ika), Astana Qazaqstan Team (Kazakistan), Bora-Hansgrohe (Almanya), UAE Team Emirates (Birle\u015fik Arap Emirlikleri).<\/p>\n<p><strong>Profesyonel tak\u0131mlar: <\/strong>Bingoal WB (Bel\u00e7ika), Burgos-BH (\u0130spanya), Corratec Selle Italia, Eolo-Kometa Cycling Team, Green Project-Bardianicsf-Faizine (\u0130talya), Q36.5 Pro Cycling Team (\u0130svi\u00e7re), Team Novo Nordisk (ABD).<\/p>\n<p><strong>K\u0131ta tak\u0131mlar\u0131: <\/strong>Beykoz Belediyespor, Konya B\u00fcy\u00fck\u015fehir Belediyespor, Spor Toto Cycling Team (T\u00fcrkiye), Abloc CT (Hollanda), Bike AID, P&amp;S Benotti (Almanya), Global 6 Cycling (Yeni Zelanda), Shimano Racing (Japonya), Sofer-Savini DUE-OMZ (Romanya), Tarteletto-Isorex (Bel\u00e7ika), Team Medellin-EPM (Kolombiya), Voster ATS Team (Polonya).<\/p>\n<p><strong>Milli tak\u0131m:<\/strong> Team Netherlands (Hollanda)<\/p>\n<h3>Mayolar<\/h3>\n<p>TUR&#8217;da pedal \u00e7evirecek sporcular, 4 lider mayoyu giymek i\u00e7in m\u00fccadele verecek.<\/p>\n<p>Organizasyonda turkuaz mayo, yar\u0131\u015f\u0131n genel klasman lideri olan sporcunun \u00fcst\u00fcnde olacak. En iyi t\u0131rman\u0131\u015f\u00e7\u0131 k\u0131rm\u0131z\u0131 mayoyu giyerken, sprint m\u00fccadelelerinde en fazla puan\u0131 toplayacak bisiklet\u00e7i ise ye\u015fil mayoyu ta\u015f\u0131yacak.<\/p>\n<p>T\u00fcrkiye g\u00fczellikleri prim kap\u0131lar\u0131n\u0131 birinci s\u0131rada ge\u00e7en sporcu da beyaz mayoyu giymeye hak kazanacak.<\/p>\n<h3>Say\u0131larla TUR 2023<\/h3>\n<p>Organizasyonu ulusal ve uluslararas\u0131 100&#8217;\u00fc a\u015fk\u0131n medya mensubu takip edecek.<\/p>\n<p>Say\u0131s\u0131 250&#8217;yi bulan ara\u00e7lar yar\u0131\u015f boyunca bisiklet\u00e7ilere ve TUR 2023 ekibine e\u015flik edecek. Her bir etapta, 2 bin ki\u015filik emniyet ve jandarma ekipleri 1235 kilometrelik parkurda yar\u0131\u015f\u0131n g\u00fcvenli\u011fini sa\u011flayacak.<\/p>\n<p>Yar\u0131\u015f s\u00fcresince yakla\u015f\u0131k 16 bin polis ve jandarma g\u00f6rev yapacak. Tak\u0131mlar, medya, UCI, UCI komiserleri, konuklar, hakemler, \u00e7al\u0131\u015fanlar, g\u00f6n\u00fcll\u00fcler ve sa\u011fl\u0131k ekipleri olmak \u00fczere yakla\u015f\u0131k 2 bin ki\u015fi etkinlikte g\u00f6rev alacak.<\/p>\n<p>Tur boyunca toplam 7 bin 500 \u00fczerinde ki\u015finin konaklamas\u0131 yap\u0131lacak.<\/p>\n<h3>Eurosport ve TRT Spor yay\u0131mlayacak<\/h3>\n<p>Cumhurba\u015fkanl\u0131\u011f\u0131 T\u00fcrkiye Bisiklet Turu, bu y\u0131l da Eurosport ve TRT Spor&#8217;dan canl\u0131 yay\u0131mlanacak.<\/p>\n<p>Bir\u00e7ok televizyon kanal\u0131 ve medya kurulu\u015funun yak\u0131ndan takip edece\u011fi yar\u0131\u015f, yay\u0131mlanacak \u00f6zel i\u00e7eriklerle sporseverlere ula\u015ft\u0131r\u0131lacak. Turun ilk etab\u0131 TRT Spor Y\u0131ld\u0131z&#8217;dan naklen ekranlara gelecek.<\/p>\n<p>T\u00fcrkiye&#8217;nin en \u00f6nemli spor tan\u0131t\u0131m g\u00fc\u00e7lerinden biri olan Cumhurba\u015fkanl\u0131\u011f\u0131 T\u00fcrkiye Bisiklet Turu, b\u00f6ylece 8 g\u00fcn boyunca d\u00fcnya bisikletinin g\u00fcndeminde en \u00fcst s\u0131ralarda yer alacak.<\/p>\n<h3>Yollar kapanacak<\/h3>\n<p>Parkur boyunca baz\u0131 yollar trafi\u011fe kapat\u0131lacak.<\/p>\n<p>Alanya&#8217;da ba\u015flayacak yar\u0131\u015f, Kemer, Kalkan, Fethiye, Marmaris, Bodrum, Sel\u00e7uk ve Manisa&#8217;dan ge\u00e7erek \u0130zmir&#8217;e gelecek. Buradan \u0130stanbul&#8217;a ta\u015f\u0131nacak d\u00fcnyan\u0131n en iyi bisiklet\u00e7ileri, biti\u015fi Sultanahmet Meydan\u0131&#8217;nda yapacak.<\/p>\n<p>D\u00fcnyadaki bisiklet sporu takip\u00e7ilerinin g\u00f6z\u00fcn\u00fc \u00e7evirece\u011fi yar\u0131\u015f, her g\u00fcn T\u00fcrkiye&#8217;nin en \u00f6nemli turizm merkezlerinden birine u\u011frayacak. B\u00fcy\u00fck bir kafilenin hareket edece\u011fi tur s\u00fcresinde bir\u00e7ok yolda trafik ak\u0131\u015f\u0131na izin verilmeyecek.<\/p>\n<h3>Viola Brand, renk katacak<\/h3>\n<p>Artistik bisiklet d\u00fcnya \u015fampiyonu Alman bisiklet\u00e7i Viola Brand, 58. Cumhurba\u015fkanl\u0131\u011f\u0131 T\u00fcrkiye Bisiklet Turu&#8217;na gelecek.<\/p>\n<p>&#8220;Bir bisiklet yar\u0131\u015f\u0131ndan fazlas\u0131&#8221; slogan\u0131yla bisiklet sporunun ve k\u00fclt\u00fcr\u00fcn\u00fcn geli\u015fiminden, T\u00fcrkiye&#8217;nin tan\u0131t\u0131m\u0131na, bisiklet turizminden iklim krizi ile m\u00fccadele gibi pek \u00e7ok konuya vurgu yapan TUR 2023, d\u00fcnya \u015fampiyonu artistik bisiklet\u00e7i Viola Brand&#8217;i a\u011f\u0131rlayacak.<\/p>\n<p>UCI&#8217;n\u0131n artistik bisiklet kategorisinde d\u00fcnya rekorlar\u0131 k\u0131ran, d\u00fcnya \u015fampiyonu unvan\u0131yla bisiklet \u00fczerindeki koreografilerini NBA ma\u00e7lar\u0131nda sergileyen &#8220;S\u00fcperstar&#8221; Viola Brand, Tour of T\u00fcrkiye&#8217;de 5 etab\u0131n final m\u00fccadelesini izlemeyi bekleyen sporseverleri artistik bisiklet \u015fovuyla e\u011flendirecek.<\/p>\n<p>Viola Brand, yar\u0131n Alanya-Antalya, 11 Ekim&#8217;de Fethiye-Marmaris, 12 Ekim&#8217;de Marmaris-Yal\u0131kavak, 14 Ekim&#8217;de Sel\u00e7uk-\u0130zmir ve 15 Ekim&#8217;de \u0130stanbul-Sultanahmet etaplar\u0131nda 58. Cumhurba\u015fkanl\u0131\u011f\u0131 T\u00fcrkiye Bisiklet Turu biti\u015f alanlar\u0131nda \u015fov yapacak.<\/p>\n<h3>Hat\u0131ra orman\u0131 olu\u015fturulacak<\/h3>\n<p>Organizasyon \u00f6ncesinde anlaml\u0131 bir projeye imza at\u0131lacak.<\/p>\n<p>Bisikletin fosil yak\u0131t kullan\u0131lmayan, \u00e7evreci ve k\u00fcresel \u0131s\u0131nman\u0131n \u00f6nlenmesine \u00e7\u00f6z\u00fcm olarak k\u0131sa mesafelerde alternatif ula\u015f\u0131m arac\u0131 olmas\u0131ndan hareketle bir hat\u0131ra orman\u0131 olu\u015fturulacak.<\/p>\n<p>T\u00fcrkiye&#8217;de orman varl\u0131\u011f\u0131n\u0131n g\u00fc\u00e7lendirilmesi ad\u0131na yap\u0131lacak \u00e7al\u0131\u015fma \u00e7er\u00e7evesinde, &#8220;58. Cumhurba\u015fkanl\u0131\u011f\u0131 T\u00fcrkiye Bisiklet Turu Hat\u0131ra Orman\u0131&#8221; i\u00e7in a\u011fa\u00e7 dikme t\u00f6reni ger\u00e7ekle\u015ftirilecek.<\/p>\n<p>Birincisi ge\u00e7en sene Bodrum&#8217;da ger\u00e7ekle\u015ftirilen hat\u0131ra orman\u0131 a\u011fa\u00e7 dikiminin ikincisi, ge\u00e7ti\u011fimiz g\u00fcnlerde Alanya&#8217;da meydana gelen orman yang\u0131n\u0131ndan dolay\u0131 Avsallar b\u00f6lgesinde yap\u0131lacak.<\/p>\n<p>                            <span class=\"detay-foto-editor\">&#13;<br \/>\n                                <a href=\"https:\/\/www.aa.com.tr\/tr\/p\/abonelik-talep-formu\/1001\" target=\"_blank\" style=\"font-size:12px; color:#444; text-decoration:none;\" rel=\"noopener\">&#13;<br \/>\n                                    Anadolu Ajans\u0131 web sitesinde, AA Haber Ak\u0131\u015f Sistemi (HAS) \u00fczerinden abonelere sunulan haberler, \u00f6zetlenerek yay\u0131mlanmaktad\u0131r. <b style=\"color:#1897F7\">Abonelik i\u00e7in l\u00fctfen ileti\u015fime ge\u00e7iniz.<\/b>&#13;<br \/>\n                                <\/a>&#13;<br \/>\n                            <\/span>\n                        <\/div>\n<p><script>\n\t  window.fbAsyncInit = function() {\n\t\tFB.init({\n\t\t  appId: '1855843514662870',\n\t\t  status : true, \/\/ check login status\n\t\t  cookie : true, \/\/ enable cookies to allow the server to access the session\n\t\t  xfbml  : true  \/\/ parse XFBML\n\t\t});\n\t  };<\/p>\n<p>\t  (function() {\n\t\tvar e = document.createElement('script');\n\t\te.src=\"https:\/\/connect.facebook.net\/tr_TR\/all.js\";\n\t\te.async = true;\n\t\tdocument.getElementById('fb-root').appendChild(e);\n\t  }());\n    <\/script><\/p>\n","protected":false},"excerpt":{"rendered":"<p>Cumhurba\u015fkanl\u0131\u011f\u0131 himayelerinde, Gen\u00e7lik ve Spor Bakanl\u0131\u011f\u0131n\u0131n destekleriyle T\u00fcrkiye Bisiklet Federasyonu taraf\u0131ndan 23-30 Nisan i\u00e7in planlanan TUR 2023, 6 \u015eubat&#8217;taki depremler nedeniyle ekim ay\u0131na ertelendi. \u0130lki 1963 y\u0131l\u0131nda &#8220;Marmara Turu&#8221; olarak d\u00fczenlenen ve ilk kez 1965 y\u0131l\u0131nda uluslararas\u0131 stat\u00fc kazanan organizasyon, 1966 y\u0131l\u0131nda Cumhurba\u015fkanl\u0131\u011f\u0131 makam\u0131 himayesine al\u0131nd\u0131. Turun 58&#8217;incisi yar\u0131n Alanya&#8217;da ba\u015flay\u0131p, 15 Ekim&#8217;de \u0130stanbul&#8217;da sona [&hellip;]<\/p>\n","protected":false},"author":1,"featured_media":16412,"comment_status":"","ping_status":"","sticky":false,"template":"","format":"standard","meta":[],"categories":[48],"tags":[],"_links":{"self":[{"href":"https:\/\/kraios.app\/news\/wp-json\/wp\/v2\/posts\/16411"}],"collection":[{"href":"https:\/\/kraios.app\/news\/wp-json\/wp\/v2\/posts"}],"about":[{"href":"https:\/\/kraios.app\/news\/wp-json\/wp\/v2\/types\/post"}],"author":[{"embeddable":true,"href":"https:\/\/kraios.app\/news\/wp-json\/wp\/v2\/users\/1"}],"replies":[{"embeddable":true,"href":"https:\/\/kraios.app\/news\/wp-json\/wp\/v2\/comments?post=16411"}],"version-history":[{"count":0,"href":"https:\/\/kraios.app\/news\/wp-json\/wp\/v2\/posts\/16411\/revisions"}],"wp:featuredmedia":[{"embeddable":true,"href":"https:\/\/kraios.app\/news\/wp-json\/wp\/v2\/media\/16412"}],"wp:attachment":[{"href":"https:\/\/kraios.app\/news\/wp-json\/wp\/v2\/media?parent=16411"}],"wp:term":[{"taxonomy":"category","embeddable":true,"href":"https:\/\/kraios.app\/news\/wp-json\/wp\/v2\/categories?post=16411"},{"taxonomy":"post_tag","embeddable":true,"href":"https:\/\/kraios.app\/news\/wp-json\/wp\/v2\/tags?post=16411"}],"curies":[{"name":"wp","href":"https:\/\/api.w.org\/{rel}","templated":true}]}}