{"id":16409,"date":"2023-10-07T08:13:16","date_gmt":"2023-10-07T08:13:16","guid":{"rendered":"https:\/\/kraios.app\/news\/yasam\/2023\/10\/07\/hakkarili-ciftci-kazanciyla-her-yil-koyundeki-15-ogrenciye-burs-veriyor\/"},"modified":"2023-10-07T08:13:16","modified_gmt":"2023-10-07T08:13:16","slug":"hakkarili-ciftci-kazanciyla-her-yil-koyundeki-15-ogrenciye-burs-veriyor","status":"publish","type":"post","link":"https:\/\/kraios.app\/news\/yasam\/2023\/10\/07\/hakkarili-ciftci-kazanciyla-her-yil-koyundeki-15-ogrenciye-burs-veriyor\/","title":{"rendered":"Hakkarili \u00e7ift\u00e7i kazanc\u0131yla her y\u0131l k\u00f6y\u00fcndeki 15 \u00f6\u011frenciye burs veriyor"},"content":{"rendered":"<p><\/p>\n<div>\n<p>Hakkari&#8217;de 10 y\u0131l \u00f6nce kentten k\u00f6ye g\u00f6\u00e7 ederek \u00e7ift\u00e7ilik ve ar\u0131c\u0131l\u0131k yapmaya ba\u015flayan Talat \u00d6zbek, elde etti\u011fi gelirin bir b\u00f6l\u00fcm\u00fcyle \u015fu ana kadar 150 \u00f6\u011frenciye burs verip e\u011fitim hayatlar\u0131n\u0131 s\u00fcrd\u00fcrmelerine katk\u0131 sa\u011flad\u0131.<\/p>\n<p>Kam\u0131\u015fl\u0131 k\u00f6y\u00fcnde \u00e7ift\u00e7ilik yapan ailede b\u00fcy\u00fcyen \u00d6zbek, 1991&#8217;de Anadolu \u00dcniversitesi A\u00e7\u0131k\u00f6\u011fretim Fak\u00fcltesi \u0130\u015f \u0130daresi B\u00f6l\u00fcm\u00fc&#8217;nden mezun oldu.<\/p>\n<p>Kent merkezinde farkl\u0131 i\u015flerde \u00e7al\u0131\u015fan, zaman zaman k\u00fc\u00e7\u00fck \u00e7apta ar\u0131c\u0131l\u0131k yapan 5 \u00e7ocuk babas\u0131 \u00d6zbek, 10 y\u0131l \u00f6nce \u015fehrin yo\u011funlu\u011fundan uzakla\u015fmak ve \u00fcretim yapmak i\u00e7in do\u011fup b\u00fcy\u00fcd\u00fc\u011f\u00fc k\u00f6ye yerle\u015fmeye karar verdi.<\/p>\n<p><img decoding=\"async\" alt=\"\" src=\"https:\/\/www.aa.com.tr\/uploads\/userFiles\/9c85db40-ef31-40fe-a989-05c7e506d5d0\/10_2023%2F05102023%2Ftalat1_.jpg\"\/><\/p>\n<p>Kendini geli\u015ftirmek i\u00e7in y\u0131llar sonra girdi\u011fi \u00fcniversite s\u0131nav\u0131nda Hakkari \u00dcniversitesi \u00c7\u00f6lemerik Meslek Y\u00fcksekokulu Bah\u00e7e Tar\u0131m\u0131 B\u00f6l\u00fcm\u00fc&#8217;n\u00fc kazanan \u00d6zbek, bu b\u00f6l\u00fcmden 50 ya\u015f\u0131nda mezun oldu. \u00d6zbek, ayn\u0131 zamanda Tar\u0131m ve Orman \u0130l M\u00fcd\u00fcrl\u00fc\u011f\u00fcn\u00fcn ar\u0131c\u0131l\u0131k, \u00e7ift\u00e7ilik ve hayvanc\u0131l\u0131kla ilgili kurslar\u0131na kat\u0131ld\u0131.<\/p>\n<p>B\u00f6lgeye gelen Karadenizli gezgin ar\u0131c\u0131lar\u0131n da deste\u011fiyle profesyonel olarak ar\u0131c\u0131l\u0131\u011fa ba\u015flayan, armut ve elma bah\u00e7eleri ile \u00fcz\u00fcm ba\u011f\u0131nda meyve yeti\u015ftiren, k\u00fc\u00e7\u00fckba\u015f hayvanlarla u\u011fra\u015fan \u00d6zbek, k\u00f6ydeki \u00f6\u011frencilerin e\u011fitimlerine de katk\u0131 sundu.<\/p>\n<p>Yapt\u0131\u011f\u0131 faaliyetlerden elde etti\u011fi gelirin bir b\u00f6l\u00fcm\u00fcyle her y\u0131l k\u00f6ydeki 15 \u00f6\u011frenciye 10-15&#8217;er bin lira burs veren 58 ya\u015f\u0131ndaki \u00d6zbek, bu deste\u011fiyle \u015fu ana kadar 150 \u00f6\u011frencinin e\u011fitim hayat\u0131n\u0131 s\u00fcrd\u00fcrmesine \u00f6nc\u00fcl\u00fck etti.<\/p>\n<p><img decoding=\"async\" alt=\"\" src=\"https:\/\/www.aa.com.tr\/uploads\/userFiles\/9c85db40-ef31-40fe-a989-05c7e506d5d0\/10_2023%2F05102023%2Ftalat2_.jpg\"\/><\/p>\n<h3>&#8220;T\u00fcketicilikten \u00fcreticili\u011fe ge\u00e7melerini sa\u011flayan projeler y\u00fcr\u00fctt\u00fcm&#8221;<\/h3>\n<p>\u00d6zbek, AA muhabirine, 10 y\u0131l \u00f6nce yerle\u015fti\u011fi k\u00f6y\u00fcnde vatanda\u015flar\u0131 \u00fcretime te\u015fvik etmek amac\u0131yla Kam\u0131\u015fl\u0131 K\u00f6y\u00fc Sosyal Yard\u0131mla\u015fma ve Dayan\u0131\u015fma Derne\u011fini kurdu\u011funu s\u00f6yledi.<\/p>\n<p>Evinin bir b\u00f6l\u00fcm\u00fcn\u00fc e\u011fitim salonuna \u00e7evirdi\u011fini belirten \u00d6zbek, usta \u00f6\u011fretici olarak Halk E\u011fitimi Merkezi b\u00fcnyesinde a\u00e7t\u0131\u011f\u0131 kurslarda k\u00f6yl\u00fclere ve gen\u00e7lere ar\u0131c\u0131l\u0131k, bah\u00e7e bak\u0131m\u0131, budama ve a\u015f\u0131lama konular\u0131nda e\u011fitim verdi\u011fini dile getirdi.<\/p>\n<p>Kentteki yo\u011funluktan s\u0131k\u0131larak k\u00f6ye yerle\u015fmeye karar verdi\u011fini anlatan \u00d6zbek, \u015f\u00f6yle konu\u015ftu:<\/p>\n<p>&#8220;Burada daha huzurluyum. Bah\u00e7e bak\u0131m\u0131, meyve yeti\u015ftirme, budama, a\u015f\u0131lama ve ar\u0131c\u0131l\u0131kla ilgili projelerle k\u00f6ye d\u00f6nd\u00fcm. Allah haz\u0131r bir sofra yaratm\u0131\u015f biz de o sofray\u0131 i\u015fletiyoruz. Gen\u00e7leri, \u00e7ocuklar\u0131 \u00fcretime y\u00f6nlendirerek t\u00fcketicilikten \u00fcreticili\u011fe ge\u00e7melerini sa\u011flayan projeler y\u00fcr\u00fctt\u00fcm. Ar\u0131c\u0131l\u0131k, sermaye olmadan sermaye olu\u015fturma metodudur. Kaliteli organik bir \u00fcretim yap\u0131yoruz. Dernek olarak sundu\u011fumuz projelerle destek ald\u0131k ve ar\u0131c\u0131lara ula\u015ft\u0131rd\u0131k. Hayvanc\u0131l\u0131k, tar\u0131m, ar\u0131c\u0131l\u0131k, meyvecilikle ilgili konularda isti\u015farelerde bulunuyoruz, e\u011fitimlerimizi veriyoruz.&#8221;<\/p>\n<p><img decoding=\"async\" alt=\"\" src=\"https:\/\/www.aa.com.tr\/uploads\/userFiles\/9c85db40-ef31-40fe-a989-05c7e506d5d0\/10_2023%2F05102023%2Ftalat3_.jpg\"\/><\/p>\n<p>Yapt\u0131\u011f\u0131 a\u015f\u0131lama \u00e7al\u0131\u015fmalar\u0131yla meyve veriminde de art\u0131\u015f elde ettiklerini aktaran \u00d6zbek, gelirinin bir b\u00f6l\u00fcm\u00fcyle k\u00f6ydeki \u00f6\u011frencilere burs verdi\u011fini ifade etti.<\/p>\n<p>Bu deste\u011fin gen\u00e7leri \u00fcretime te\u015fvik etti\u011fini vurgulayan \u00d6zbek, &#8220;Gen\u00e7ler ilkbaharda geliyor, bizim e\u011fitim alan\u0131m\u0131zda \u00e7al\u0131\u015fma yap\u0131yor. Meyvede bu sene iyi verim var. Balda da iyi bir beklentimiz var. \u00c7ift\u00e7ili\u011fin zahmeti de bereketi de \u00e7oktur. \u00dcretim g\u00f6n\u00fcll\u00fcl\u00fckt\u00fcr, isteyerek yapmakt\u0131r. Bir daha d\u00fcnyaya gelirsem yine \u00e7ift\u00e7i olurum. D\u00fcnyada son y\u0131llardaki geli\u015fmeler de \u00fcretimin ne kadar \u00f6nemli oldu\u011funu ortaya koydu. Elimizden geldi\u011fince \u00fcreticili\u011fe a\u011f\u0131rl\u0131k veriyoruz.&#8221; diye konu\u015ftu.<\/p>\n<h3>&#8220;E\u011fitimler sayesinde kendi \u00fcretimimizi yap\u0131yoruz&#8221;<\/h3>\n<p>25 ya\u015f\u0131ndaki Cihat Aslan ise k\u00f6yde ar\u0131c\u0131l\u0131k ve hayvanc\u0131l\u0131kla u\u011fra\u015ft\u0131\u011f\u0131n\u0131 belirterek, &#8220;Elde etti\u011fim bal\u0131 sat\u0131p aileme destek \u00e7\u0131k\u0131yorum. Ar\u0131c\u0131l\u0131\u011f\u0131 Talat amca sayesinde \u00f6\u011frendik. 2017&#8217;den beri her y\u0131l dernek b\u00fcnyesinde e\u011fitim ald\u0131k. Bu e\u011fitim sayesinde kendi \u00fcretimimizi yap\u0131yoruz. Emeklerinden dolay\u0131 te\u015fekk\u00fcr ederim. Her y\u0131l bize ar\u0131c\u0131l\u0131kta kullan\u0131lan malzeme deste\u011finde bulunuyor. Ar\u0131c\u0131l\u0131\u011f\u0131, a\u011fa\u00e7 budamay\u0131 \u00f6\u011frendik.&#8221; dedi.<\/p>\n<p>Kam\u0131\u015fl\u0131 sakinlerinden Salih Akda\u011f da k\u00f6yde kalmalar\u0131n\u0131n en b\u00fcy\u00fck etkenlerinden birinin \u00d6zbek&#8217;in ar\u0131c\u0131l\u0131k ve tar\u0131m konusunda verdi\u011fi destek oldu\u011funa i\u015faret etti.<\/p>\n<p>                            <span class=\"detay-foto-editor\">&#13;<br \/>\n                                <a href=\"https:\/\/www.aa.com.tr\/tr\/p\/abonelik-talep-formu\/1001\" target=\"_blank\" style=\"font-size:12px; color:#444; text-decoration:none;\" rel=\"noopener\">&#13;<br \/>\n                                    Anadolu Ajans\u0131 web sitesinde, AA Haber Ak\u0131\u015f Sistemi (HAS) \u00fczerinden abonelere sunulan haberler, \u00f6zetlenerek yay\u0131mlanmaktad\u0131r. <b style=\"color:#1897F7\">Abonelik i\u00e7in l\u00fctfen ileti\u015fime ge\u00e7iniz.<\/b>&#13;<br \/>\n                                <\/a>&#13;<br \/>\n                            <\/span>\n                        <\/div>\n<p><script>\n\t  window.fbAsyncInit = function() {\n\t\tFB.init({\n\t\t  appId: '1855843514662870',\n\t\t  status : true, \/\/ check login status\n\t\t  cookie : true, \/\/ enable cookies to allow the server to access the session\n\t\t  xfbml  : true  \/\/ parse XFBML\n\t\t});\n\t  };<\/p>\n<p>\t  (function() {\n\t\tvar e = document.createElement('script');\n\t\te.src=\"https:\/\/connect.facebook.net\/tr_TR\/all.js\";\n\t\te.async = true;\n\t\tdocument.getElementById('fb-root').appendChild(e);\n\t  }());\n    <\/script><\/p>\n","protected":false},"excerpt":{"rendered":"<p>Hakkari&#8217;de 10 y\u0131l \u00f6nce kentten k\u00f6ye g\u00f6\u00e7 ederek \u00e7ift\u00e7ilik ve ar\u0131c\u0131l\u0131k yapmaya ba\u015flayan Talat \u00d6zbek, elde etti\u011fi gelirin bir b\u00f6l\u00fcm\u00fcyle \u015fu ana kadar 150 \u00f6\u011frenciye burs verip e\u011fitim hayatlar\u0131n\u0131 s\u00fcrd\u00fcrmelerine katk\u0131 sa\u011flad\u0131. Kam\u0131\u015fl\u0131 k\u00f6y\u00fcnde \u00e7ift\u00e7ilik yapan ailede b\u00fcy\u00fcyen \u00d6zbek, 1991&#8217;de Anadolu \u00dcniversitesi A\u00e7\u0131k\u00f6\u011fretim Fak\u00fcltesi \u0130\u015f \u0130daresi B\u00f6l\u00fcm\u00fc&#8217;nden mezun oldu. Kent merkezinde farkl\u0131 i\u015flerde \u00e7al\u0131\u015fan, zaman [&hellip;]<\/p>\n","protected":false},"author":1,"featured_media":16410,"comment_status":"","ping_status":"","sticky":false,"template":"","format":"standard","meta":[],"categories":[50],"tags":[],"_links":{"self":[{"href":"https:\/\/kraios.app\/news\/wp-json\/wp\/v2\/posts\/16409"}],"collection":[{"href":"https:\/\/kraios.app\/news\/wp-json\/wp\/v2\/posts"}],"about":[{"href":"https:\/\/kraios.app\/news\/wp-json\/wp\/v2\/types\/post"}],"author":[{"embeddable":true,"href":"https:\/\/kraios.app\/news\/wp-json\/wp\/v2\/users\/1"}],"replies":[{"embeddable":true,"href":"https:\/\/kraios.app\/news\/wp-json\/wp\/v2\/comments?post=16409"}],"version-history":[{"count":0,"href":"https:\/\/kraios.app\/news\/wp-json\/wp\/v2\/posts\/16409\/revisions"}],"wp:featuredmedia":[{"embeddable":true,"href":"https:\/\/kraios.app\/news\/wp-json\/wp\/v2\/media\/16410"}],"wp:attachment":[{"href":"https:\/\/kraios.app\/news\/wp-json\/wp\/v2\/media?parent=16409"}],"wp:term":[{"taxonomy":"category","embeddable":true,"href":"https:\/\/kraios.app\/news\/wp-json\/wp\/v2\/categories?post=16409"},{"taxonomy":"post_tag","embeddable":true,"href":"https:\/\/kraios.app\/news\/wp-json\/wp\/v2\/tags?post=16409"}],"curies":[{"name":"wp","href":"https:\/\/api.w.org\/{rel}","templated":true}]}}