{"id":16403,"date":"2023-10-07T07:59:52","date_gmt":"2023-10-07T07:59:52","guid":{"rendered":"https:\/\/kraios.app\/news\/ekonomi\/2023\/10\/07\/ticaret-bakani-bolatin-cagrisina-yerel-zincir-marketlerden-destek\/"},"modified":"2023-10-07T07:59:52","modified_gmt":"2023-10-07T07:59:52","slug":"ticaret-bakani-bolatin-cagrisina-yerel-zincir-marketlerden-destek","status":"publish","type":"post","link":"https:\/\/kraios.app\/news\/ekonomi\/2023\/10\/07\/ticaret-bakani-bolatin-cagrisina-yerel-zincir-marketlerden-destek\/","title":{"rendered":"Ticaret Bakan\u0131 Bolat&#8217;\u0131n \u00e7a\u011fr\u0131s\u0131na yerel zincir marketlerden destek"},"content":{"rendered":"<p> <br \/>\n<\/p>\n<div>\n<p>D\u00fczg\u00fcn, Ticaret Bakan\u0131 \u00d6mer Bolat&#8217;\u0131n &#8220;100. y\u0131lda b\u00fcy\u00fck bir indirim kampanyas\u0131n\u0131 b\u00fct\u00fcn marketlerden bekliyoruz&#8221; \u015feklindeki s\u00f6z\u00fcne ve bu y\u00f6ndeki \u00e7a\u011fr\u0131s\u0131na ili\u015fkin yapt\u0131\u011f\u0131 yaz\u0131l\u0131 a\u00e7\u0131klamada, yerel zincirlerin, i\u00e7inde bulunulan ekonomik ko\u015fullarda, vatanda\u015flar\u0131n b\u00fct\u00e7esini destekleyecek \u00e7al\u0131\u015fmalara devam edeceklerini bildirdi.<\/p>\n<p>T\u00fcrkiye genelindeki 14 perakende derne\u011fi, 5 bin 500 \u015fube ve 100 bini a\u015fk\u0131n \u00e7al\u0131\u015fan\u0131yla faaliyetlerini s\u00fcrd\u00fcren yerel zincirlerin \u00e7at\u0131 \u00f6rg\u00fct\u00fc T\u00fcrkiye Perakendeciler Federasyonunun devletin ve vatanda\u015f\u0131n her zaman yan\u0131nda oldu\u011funu belirten D\u00fczg\u00fcn, her g\u00fcn y\u00fczlerce farkl\u0131 \u00fcr\u00fcn grubunda yapt\u0131klar\u0131 indirim kampanyalar\u0131na devam edeceklerini vurgulad\u0131.<\/p>\n<p>D\u00fczg\u00fcn, &#8220;Ayr\u0131ca, mevcutta yapt\u0131\u011f\u0131m\u0131z indirimlerin haricinde, dayan\u0131kl\u0131 t\u00fcketim \u00fcr\u00fcnleri, temizlik \u00fcr\u00fcnleri ve mutfak ara\u00e7 gere\u00e7leri gibi \u00fcr\u00fcnlerde aral\u0131k ay\u0131 sonuna kadar zam yapmama karar\u0131 ald\u0131k.&#8221; ifadelerini kulland\u0131.<\/p>\n<h3>&#8220;Zincirin t\u00fcm halkalar\u0131 elini ta\u015f\u0131n alt\u0131na koymal\u0131&#8221;<\/h3>\n<p>\u00d6mer D\u00fczg\u00fcn, TPF \u00e7at\u0131s\u0131 alt\u0131nda bir araya gelen yerel i\u015fletmecilerin b\u00fcy\u00fck bir rekabet ortam\u0131nda faaliyet g\u00f6sterdiklerini ve her y\u0131l istihdam ile di\u011fer alanlarda katma de\u011fer sa\u011flad\u0131klar\u0131n\u0131 belirterek, \u015fu ifadeleri kulland\u0131:<\/p>\n<p>&#8220;En k\u00fc\u00e7\u00fck ma\u011fazam\u0131zda bile minimum 5 binden fazla \u00fcr\u00fcn\u00fc vatanda\u015flar\u0131m\u0131za sunuyoruz. Her \u00fcr\u00fcnden bir de\u011fil, bir\u00e7ok markan\u0131n \u00fcretimini ma\u011fazalar\u0131m\u0131zda bulabilmek m\u00fcmk\u00fcn. Sebze-meyvenin birka\u00e7 \u00e7e\u015fidi, s\u00fct ve s\u00fct \u00fcr\u00fcnlerinin, bakliyat\u0131n ve di\u011fer 5 binin \u00fczerinde \u00fcr\u00fcn\u00fcn vatanda\u015flar\u0131m\u0131z taraf\u0131ndan fiyat ve marka kar\u015f\u0131la\u015ft\u0131rmal\u0131 bir \u015fekilde al\u0131nabilmesine olanak sa\u011fl\u0131yoruz. Yerel zincirlerde fiyata paralel kalite uygulamas\u0131 ve gramaja g\u00f6re fiyat uygulamas\u0131 yap\u0131lm\u0131yor. \u00dcr\u00fcnde kalite erozyonu yok.&#8221;<\/p>\n<p>TPF Ba\u015fkan\u0131 D\u00fczg\u00fcn, marketlerin zincirin son halkas\u0131 oldu\u011funa i\u015faret ederek, vatanda\u015flar\u0131n fiyatlar\u0131 market raflar\u0131nda g\u00f6rd\u00fc\u011f\u00fcn\u00fc ancak kendilerinin zincirin son halkas\u0131 oldu\u011funu vurgulad\u0131.<\/p>\n<p>D\u00fczg\u00fcn, &#8220;T\u00fcketici fiyat\u0131n\u0131 bizde g\u00f6r\u00fcp, bizim zaml\u0131 satt\u0131\u011f\u0131m\u0131z\u0131 san\u0131yor. Bu yanl\u0131\u015f alg\u0131, i\u015flerimizi olumsuz etkiliyor. \u00dcr\u00fcnlerin fiyatlar\u0131 sadece raf fiyat\u0131yla de\u011fil, \u00fcretici, tedarik\u00e7i, lojistik, genel giderler gibi bir\u00e7ok fakt\u00f6r\u00fc i\u00e7eren bir \u015fekilde de\u011ferlendirilmelidir. Enflasyonun d\u00fc\u015f\u00fc\u015f\u00fcne katk\u0131 sa\u011flamak i\u00e7in bu zincirin her halkas\u0131n\u0131n elini ta\u015f\u0131n alt\u0131na koymas\u0131 gerekiyor.&#8221; de\u011ferlendirmesinde bulundu.<\/p>\n<p>&#8211; \u00dcreticilere &#8220;zaml\u0131 \u00fcr\u00fcn g\u00f6ndermeyin&#8221; \u00e7a\u011fr\u0131s\u0131<\/p>\n<p>\u00d6mer D\u00fczg\u00fcn, T\u00fcrkiye&#8217;nin 81 ilindeki yerel zincirlerin \u00fcreticilerden y\u0131l ba\u015f\u0131na kadar tek ricas\u0131 oldu\u011funu belirterek, \u015fu ifadeleri kulland\u0131:<\/p>\n<p>&#8220;Bizlere zaml\u0131 \u00fcr\u00fcn ve liste g\u00f6ndermeyin. Zor bir ekonomik s\u00fcre\u00e7ten ge\u00e7iyoruz. Ancak tek y\u00fcrek hareket edersek bu s\u00fcrecin \u00fcstesinden gelebilir, enflasyonun d\u00fc\u015f\u00fc\u015f\u00fcne katk\u0131 sunabiliriz. Tabii ki enflasyonun d\u00fc\u015f\u00fc\u015f\u00fc sadece market raflar\u0131ndaki fiyatlara ba\u011fl\u0131 de\u011fil. G\u0131da d\u0131\u015f\u0131 t\u00fcm perakende sekt\u00f6rlerinin de buna katk\u0131 sunmas\u0131 gerekiyor. Yerel zincirler olarak biz \u00fczerimize d\u00fc\u015feni yapmaya, vatanda\u015flar\u0131m\u0131z\u0131n b\u00fct\u00e7esini destekleyecek \u00e7al\u0131\u015fmalar\u0131m\u0131za devam edece\u011fiz.&#8221;<\/p>\n<p>                            <span class=\"detay-foto-editor\">&#13;<br \/>\n                                <a href=\"https:\/\/www.aa.com.tr\/tr\/p\/abonelik-talep-formu\/1001\" target=\"_blank\" style=\"font-size:12px; color:#444; text-decoration:none;\" rel=\"noopener\">&#13;<br \/>\n                                    Anadolu Ajans\u0131 web sitesinde, AA Haber Ak\u0131\u015f Sistemi (HAS) \u00fczerinden abonelere sunulan haberler, \u00f6zetlenerek yay\u0131mlanmaktad\u0131r. <b style=\"color:#1897F7\">Abonelik i\u00e7in l\u00fctfen ileti\u015fime ge\u00e7iniz.<\/b>&#13;<br \/>\n                                <\/a>&#13;<br \/>\n                            <\/span>\n                        <\/div>\n<p><script>\n\t  window.fbAsyncInit = function() {\n\t\tFB.init({\n\t\t  appId: '1855843514662870',\n\t\t  status : true, \/\/ check login status\n\t\t  cookie : true, \/\/ enable cookies to allow the server to access the session\n\t\t  xfbml  : true  \/\/ parse XFBML\n\t\t});\n\t  };<\/p>\n<p>\t  (function() {\n\t\tvar e = document.createElement('script');\n\t\te.src=\"https:\/\/connect.facebook.net\/tr_TR\/all.js\";\n\t\te.async = true;\n\t\tdocument.getElementById('fb-root').appendChild(e);\n\t  }());\n    <\/script><br \/>\n<br \/><br \/>\n<br \/><a href=\"https:\/\/www.aa.com.tr\/tr\/ekonomi\/ticaret-bakani-bolatin-cagrisina-yerel-zincir-marketlerden-destek\/3009497\">Source link <\/a><\/p>\n","protected":false},"excerpt":{"rendered":"<p>D\u00fczg\u00fcn, Ticaret Bakan\u0131 \u00d6mer Bolat&#8217;\u0131n &#8220;100. y\u0131lda b\u00fcy\u00fck bir indirim kampanyas\u0131n\u0131 b\u00fct\u00fcn marketlerden bekliyoruz&#8221; \u015feklindeki s\u00f6z\u00fcne ve bu y\u00f6ndeki \u00e7a\u011fr\u0131s\u0131na ili\u015fkin yapt\u0131\u011f\u0131 yaz\u0131l\u0131 a\u00e7\u0131klamada, yerel zincirlerin, i\u00e7inde bulunulan ekonomik ko\u015fullarda, vatanda\u015flar\u0131n b\u00fct\u00e7esini destekleyecek \u00e7al\u0131\u015fmalara devam edeceklerini bildirdi. T\u00fcrkiye genelindeki 14 perakende derne\u011fi, 5 bin 500 \u015fube ve 100 bini a\u015fk\u0131n \u00e7al\u0131\u015fan\u0131yla faaliyetlerini s\u00fcrd\u00fcren yerel zincirlerin [&hellip;]<\/p>\n","protected":false},"author":1,"featured_media":16404,"comment_status":"","ping_status":"","sticky":false,"template":"","format":"standard","meta":[],"categories":[44],"tags":[],"_links":{"self":[{"href":"https:\/\/kraios.app\/news\/wp-json\/wp\/v2\/posts\/16403"}],"collection":[{"href":"https:\/\/kraios.app\/news\/wp-json\/wp\/v2\/posts"}],"about":[{"href":"https:\/\/kraios.app\/news\/wp-json\/wp\/v2\/types\/post"}],"author":[{"embeddable":true,"href":"https:\/\/kraios.app\/news\/wp-json\/wp\/v2\/users\/1"}],"replies":[{"embeddable":true,"href":"https:\/\/kraios.app\/news\/wp-json\/wp\/v2\/comments?post=16403"}],"version-history":[{"count":0,"href":"https:\/\/kraios.app\/news\/wp-json\/wp\/v2\/posts\/16403\/revisions"}],"wp:featuredmedia":[{"embeddable":true,"href":"https:\/\/kraios.app\/news\/wp-json\/wp\/v2\/media\/16404"}],"wp:attachment":[{"href":"https:\/\/kraios.app\/news\/wp-json\/wp\/v2\/media?parent=16403"}],"wp:term":[{"taxonomy":"category","embeddable":true,"href":"https:\/\/kraios.app\/news\/wp-json\/wp\/v2\/categories?post=16403"},{"taxonomy":"post_tag","embeddable":true,"href":"https:\/\/kraios.app\/news\/wp-json\/wp\/v2\/tags?post=16403"}],"curies":[{"name":"wp","href":"https:\/\/api.w.org\/{rel}","templated":true}]}}