{"id":16401,"date":"2023-10-07T07:48:36","date_gmt":"2023-10-07T07:48:36","guid":{"rendered":"https:\/\/kraios.app\/news\/spor\/2023\/10\/07\/fenerbahce-super-ligde-yarin-deplasmanda-kasimpasa-ile-karsilasacak\/"},"modified":"2023-10-07T07:48:36","modified_gmt":"2023-10-07T07:48:36","slug":"fenerbahce-super-ligde-yarin-deplasmanda-kasimpasa-ile-karsilasacak","status":"publish","type":"post","link":"https:\/\/kraios.app\/news\/spor\/2023\/10\/07\/fenerbahce-super-ligde-yarin-deplasmanda-kasimpasa-ile-karsilasacak\/","title":{"rendered":"Fenerbah\u00e7e, S\u00fcper Lig&#039;de yar\u0131n deplasmanda Kas\u0131mpa\u015fa ile kar\u015f\u0131la\u015facak"},"content":{"rendered":"<p>Fenerbah\u00e7e, Trendyol S\u00fcper Lig&#8217;in 8. haftas\u0131nda yar\u0131n deplasmanda Kas\u0131mpa\u015fa ile kar\u015f\u0131la\u015facak.<\/p>\n","protected":false},"excerpt":{"rendered":"<p>Fenerbah\u00e7e, Trendyol S\u00fcper Lig&#8217;in 8. haftas\u0131nda yar\u0131n deplasmanda Kas\u0131mpa\u015fa ile kar\u015f\u0131la\u015facak.<\/p>\n","protected":false},"author":1,"featured_media":16402,"comment_status":"","ping_status":"","sticky":false,"template":"","format":"standard","meta":[],"categories":[48],"tags":[],"_links":{"self":[{"href":"https:\/\/kraios.app\/news\/wp-json\/wp\/v2\/posts\/16401"}],"collection":[{"href":"https:\/\/kraios.app\/news\/wp-json\/wp\/v2\/posts"}],"about":[{"href":"https:\/\/kraios.app\/news\/wp-json\/wp\/v2\/types\/post"}],"author":[{"embeddable":true,"href":"https:\/\/kraios.app\/news\/wp-json\/wp\/v2\/users\/1"}],"replies":[{"embeddable":true,"href":"https:\/\/kraios.app\/news\/wp-json\/wp\/v2\/comments?post=16401"}],"version-history":[{"count":0,"href":"https:\/\/kraios.app\/news\/wp-json\/wp\/v2\/posts\/16401\/revisions"}],"wp:featuredmedia":[{"embeddable":true,"href":"https:\/\/kraios.app\/news\/wp-json\/wp\/v2\/media\/16402"}],"wp:attachment":[{"href":"https:\/\/kraios.app\/news\/wp-json\/wp\/v2\/media?parent=16401"}],"wp:term":[{"taxonomy":"category","embeddable":true,"href":"https:\/\/kraios.app\/news\/wp-json\/wp\/v2\/categories?post=16401"},{"taxonomy":"post_tag","embeddable":true,"href":"https:\/\/kraios.app\/news\/wp-json\/wp\/v2\/tags?post=16401"}],"curies":[{"name":"wp","href":"https:\/\/api.w.org\/{rel}","templated":true}]}}