{"id":16399,"date":"2023-10-07T07:39:21","date_gmt":"2023-10-07T07:39:21","guid":{"rendered":"https:\/\/kraios.app\/news\/yasam\/2023\/10\/07\/tuncelide-doktordan-ciftciye-125-gonullu-arama-kurtarma-egitiminde\/"},"modified":"2023-10-07T07:39:21","modified_gmt":"2023-10-07T07:39:21","slug":"tuncelide-doktordan-ciftciye-125-gonullu-arama-kurtarma-egitiminde","status":"publish","type":"post","link":"https:\/\/kraios.app\/news\/yasam\/2023\/10\/07\/tuncelide-doktordan-ciftciye-125-gonullu-arama-kurtarma-egitiminde\/","title":{"rendered":"Tunceli&#8217;de doktordan \u00e7ift\u00e7iye 125 g\u00f6n\u00fcll\u00fc arama kurtarma e\u011fitiminde"},"content":{"rendered":"<p><\/p>\n<div>\n<p>Tunceli&#8217;de, Munzur Arama Kurtarma Derne\u011finin (MUDAK) 125 g\u00f6n\u00fcll\u00fc \u00fcyesi, zorlu arazi \u015fartlar\u0131nda ald\u0131klar\u0131 e\u011fitimlerle do\u011fal afetlerde ve acil durumlarda hayat kurtar\u0131yor.<\/p>\n<p>Kentte 2019&#8217;dan beri faaliyet y\u00fcr\u00fcten MUDAK&#8217;\u0131n \u00f6\u011fretmen, avukat, doktor, mali m\u00fc\u015favir, in\u015faat i\u015f\u00e7isi, g\u00fcvenlik g\u00f6revlisi, elektrik teknikeri, \u00e7ift\u00e7i, hem\u015fire, mimar ve bankac\u0131 gibi farkl\u0131 i\u015f kollar\u0131ndan \u00fcyesi bulunuyor.<\/p>\n<p>Aral\u0131klarla arama kurtarmayla ilgili e\u011fitimlere kat\u0131lan g\u00f6n\u00fcll\u00fcler, dersler sonras\u0131 yapt\u0131klar\u0131 \u00e7ad\u0131r kurulumu, enkazdan yaral\u0131 \u00e7\u0131karma, yang\u0131n s\u00f6nd\u00fcrme, hasta ve yaral\u0131 ta\u015f\u0131ma tatbikatlar\u0131yla tecr\u00fcbe kazan\u0131yor.<\/p>\n<p><img decoding=\"async\" alt=\"\" src=\"https:\/\/admin.aa.com.tr\/uploads\/userFiles\/9c85db40-ef31-40fe-a989-05c7e506d5d0\/10_2023%2F05102023%2Ftunceli1_.jpg\"\/><\/p>\n<p>Valilik, kaymakaml\u0131klar ve baz\u0131 devlet kurumlar\u0131n\u0131n deste\u011finde \u00e7al\u0131\u015fmalar\u0131n\u0131 s\u00fcrd\u00fcren g\u00f6n\u00fcll\u00fcler, arama kurtarma e\u011fitimleri sayesinde bug\u00fcne kadar kay\u0131p arama, trafik kazas\u0131, deprem ve yang\u0131nlardan olu\u015fan 130 acil durum olay\u0131nda g\u00f6rev ald\u0131.<\/p>\n<p><img decoding=\"async\" alt=\"\" src=\"https:\/\/www.aa.com.tr\/uploads\/userFiles\/9c85db40-ef31-40fe-a989-05c7e506d5d0\/10_2023%2F05102023%2Ftunceli2_.jpg\"\/><\/p>\n<h3>Ad\u0131yaman&#8217;da enkazdan 68 ki\u015fiyi \u00e7\u0131kard\u0131lar<\/h3>\n<p>\u0130htiya\u00e7 duyulmas\u0131 halinde \u00e7evre illere deste\u011fe giden g\u00f6n\u00fcll\u00fcler, &#8220;asr\u0131n felaketi&#8221; olarak nitelendirilen Kahramanmara\u015f merkezli depremlerin ard\u0131ndan g\u00f6rev ald\u0131klar\u0131 Ad\u0131yaman&#8217;da enkazdan 68 ki\u015fiyi \u00e7\u0131kard\u0131.<\/p>\n<p>G\u00f6n\u00fcll\u00fcler, e\u011fitimler kapsam\u0131nda \u00c7emi\u015fgezek il\u00e7esindeki Tepeba\u015f\u0131 Kayal\u0131klar\u0131 mevkisinde d\u00fczenledikleri kamp etkinli\u011fiyle de do\u011fada arama kurtarma bilgilerini tazeledi.<\/p>\n<p>Kurduklar\u0131 \u00e7ad\u0131rlarda \u00fc\u00e7 g\u00fcn ge\u00e7iren g\u00f6n\u00fcll\u00fcler, gerekli bilgilendirmeler sonras\u0131 e\u011fitmenleri ve ekip amirleri g\u00f6zetiminde da\u011fl\u0131k araziye t\u0131rmand\u0131.<\/p>\n<p>Zorlu ge\u00e7en e\u011fitimlerde g\u00f6n\u00fcll\u00fcler, kaya al\u0131\u015ft\u0131rmas\u0131, \u00fcstten emniyetli kaya t\u0131rman\u0131\u015f\u0131, havai hat kurma ve ipli eri\u015fim kaya ini\u015fi derslerini alarak y\u00fcksekten yaral\u0131 kurtar\u0131rken yap\u0131lmas\u0131 gerekenleri deneyimledi.<\/p>\n<p><img decoding=\"async\" alt=\"\" src=\"https:\/\/www.aa.com.tr\/uploads\/userFiles\/9c85db40-ef31-40fe-a989-05c7e506d5d0\/10_2023%2F05102023%2Ftunceli3_.jpg\"\/><\/p>\n<h3>&#8220;Belirli zamanlarda tatbikatlarla \u00f6\u011frendiklerimizi peki\u015ftirece\u011fiz&#8221;<\/h3>\n<p>E\u011fitmen \u00d6zg\u00fcr Aydo\u011fdu, AA muhabirine, y\u0131llard\u0131r Tunceli \u0130l Afet ve Acil Durum M\u00fcd\u00fcrl\u00fc\u011f\u00fcne ba\u011fl\u0131 ekiplere olas\u0131 afet durumlar\u0131nda destek olduklar\u0131n\u0131 s\u00f6yledi.<\/p>\n<p>\u0130htiya\u00e7 duyulmas\u0131 halinde 125 personelle arama kurtarma faaliyetlerine haz\u0131r olduklar\u0131n\u0131 ifade eden Aydo\u011fdu, &#8220;Gerek ilimizde gerekse il\u00e7elerimizde olan bir\u00e7ok afete kat\u0131ld\u0131k. E\u011fitimlerimizin s\u00fcreklili\u011fi olacak. Belirli zamanlarda yapt\u0131\u011f\u0131m\u0131z tatbikatlarla \u00f6\u011frendiklerimizi peki\u015ftirece\u011fiz. Ne kadar haz\u0131r olursak, o kadar bizim i\u00e7in iyi olur. Her zaman &#8216;Bir can i\u00e7in bin \u00e7aba feda olsun&#8217; d\u00fc\u015f\u00fcncesindeyiz.&#8221; diye konu\u015ftu.<\/p>\n<p>MUDAK \u00fcyesi \u0130hsan Bay\u0131r, arama kurtarma faaliyetlerinin d\u0131\u015far\u0131dan g\u00f6r\u00fcnd\u00fc\u011f\u00fc gibi kolay olmad\u0131\u011f\u0131n\u0131 anlatt\u0131.<\/p>\n<p>Bay\u0131r, arama kurtarman\u0131n ciddi bir sorumluluk ve \u00f6zveri gerektirdi\u011fini vurgulayarak, &#8220;\u00d6zellikle deprem b\u00f6lgelerine bire bir \u00fcyelerimizle kat\u0131l\u0131m sa\u011flad\u0131k. Hem oradan edindi\u011fimiz tecr\u00fcbeler hem de e\u011fitimlerde alm\u0131\u015f oldu\u011fumuz derslerle \u00e7ok iyi bir seviyeye ula\u015ft\u0131k.&#8221; ifadelerini kulland\u0131.<\/p>\n<h3>&#8220;E\u011fitimler sayesinde korkular\u0131m\u0131 yendim&#8221;<\/h3>\n<p>Anaokulu \u00f6\u011fretmeni Diren Atan, arama kurtarma e\u011fitimleri sayesinde baz\u0131 korkular\u0131n\u0131 yendi\u011fini dile getirdi.<\/p>\n<p>Atan, e\u011fitimlerin ki\u015fisel geli\u015fimine de katk\u0131 sundu\u011funu belirterek, &#8220;Art\u0131k rahat bir \u015fekilde kayadan t\u0131rman\u0131\u015f ya da botla suda arama yapabiliyorum. E\u011fitimlerle arama kurtarma alan\u0131nda daha iyi oluyoruz ve \u00f6\u011frendik\u00e7e de hayat\u0131m\u0131za g\u00fczel \u015feyler kat\u0131yoruz.&#8221; diye konu\u015ftu.<\/p>\n<p>Memur Suna Tosun, d\u00f6rt y\u0131ld\u0131r derne\u011fin her faaliyetine kat\u0131larak tecr\u00fcbe kazand\u0131\u011f\u0131n\u0131 ve \u00f6zellikle ilk yard\u0131m e\u011fitimlerinin \u00e7ok faydal\u0131 oldu\u011funu vurgulad\u0131.<\/p>\n<p>Elektrik teknikeri \u0130nan Ula\u015f da arama kurtarma e\u011fitimlerinde toplu olarak hareket etme, disiplinli \u015fekilde vakaya gitme ve yard\u0131mla\u015farak \u00e7al\u0131\u015fma konusunda bilgi sahibi oldu\u011funu s\u00f6yledi.<\/p>\n<p>                            <span class=\"detay-foto-editor\">&#13;<br \/>\n                                <a href=\"https:\/\/www.aa.com.tr\/tr\/p\/abonelik-talep-formu\/1001\" target=\"_blank\" style=\"font-size:12px; color:#444; text-decoration:none;\" rel=\"noopener\">&#13;<br \/>\n                                    Anadolu Ajans\u0131 web sitesinde, AA Haber Ak\u0131\u015f Sistemi (HAS) \u00fczerinden abonelere sunulan haberler, \u00f6zetlenerek yay\u0131mlanmaktad\u0131r. <b style=\"color:#1897F7\">Abonelik i\u00e7in l\u00fctfen ileti\u015fime ge\u00e7iniz.<\/b>&#13;<br \/>\n                                <\/a>&#13;<br \/>\n                            <\/span>\n                        <\/div>\n<p><script>\n\t  window.fbAsyncInit = function() {\n\t\tFB.init({\n\t\t  appId: '1855843514662870',\n\t\t  status : true, \/\/ check login status\n\t\t  cookie : true, \/\/ enable cookies to allow the server to access the session\n\t\t  xfbml  : true  \/\/ parse XFBML\n\t\t});\n\t  };<\/p>\n<p>\t  (function() {\n\t\tvar e = document.createElement('script');\n\t\te.src=\"https:\/\/connect.facebook.net\/tr_TR\/all.js\";\n\t\te.async = true;\n\t\tdocument.getElementById('fb-root').appendChild(e);\n\t  }());\n    <\/script><\/p>\n","protected":false},"excerpt":{"rendered":"<p>Tunceli&#8217;de, Munzur Arama Kurtarma Derne\u011finin (MUDAK) 125 g\u00f6n\u00fcll\u00fc \u00fcyesi, zorlu arazi \u015fartlar\u0131nda ald\u0131klar\u0131 e\u011fitimlerle do\u011fal afetlerde ve acil durumlarda hayat kurtar\u0131yor. Kentte 2019&#8217;dan beri faaliyet y\u00fcr\u00fcten MUDAK&#8217;\u0131n \u00f6\u011fretmen, avukat, doktor, mali m\u00fc\u015favir, in\u015faat i\u015f\u00e7isi, g\u00fcvenlik g\u00f6revlisi, elektrik teknikeri, \u00e7ift\u00e7i, hem\u015fire, mimar ve bankac\u0131 gibi farkl\u0131 i\u015f kollar\u0131ndan \u00fcyesi bulunuyor. Aral\u0131klarla arama kurtarmayla ilgili e\u011fitimlere kat\u0131lan [&hellip;]<\/p>\n","protected":false},"author":1,"featured_media":16400,"comment_status":"","ping_status":"","sticky":false,"template":"","format":"standard","meta":[],"categories":[50],"tags":[],"_links":{"self":[{"href":"https:\/\/kraios.app\/news\/wp-json\/wp\/v2\/posts\/16399"}],"collection":[{"href":"https:\/\/kraios.app\/news\/wp-json\/wp\/v2\/posts"}],"about":[{"href":"https:\/\/kraios.app\/news\/wp-json\/wp\/v2\/types\/post"}],"author":[{"embeddable":true,"href":"https:\/\/kraios.app\/news\/wp-json\/wp\/v2\/users\/1"}],"replies":[{"embeddable":true,"href":"https:\/\/kraios.app\/news\/wp-json\/wp\/v2\/comments?post=16399"}],"version-history":[{"count":0,"href":"https:\/\/kraios.app\/news\/wp-json\/wp\/v2\/posts\/16399\/revisions"}],"wp:featuredmedia":[{"embeddable":true,"href":"https:\/\/kraios.app\/news\/wp-json\/wp\/v2\/media\/16400"}],"wp:attachment":[{"href":"https:\/\/kraios.app\/news\/wp-json\/wp\/v2\/media?parent=16399"}],"wp:term":[{"taxonomy":"category","embeddable":true,"href":"https:\/\/kraios.app\/news\/wp-json\/wp\/v2\/categories?post=16399"},{"taxonomy":"post_tag","embeddable":true,"href":"https:\/\/kraios.app\/news\/wp-json\/wp\/v2\/tags?post=16399"}],"curies":[{"name":"wp","href":"https:\/\/api.w.org\/{rel}","templated":true}]}}