{"id":16389,"date":"2023-10-07T04:28:41","date_gmt":"2023-10-07T04:28:41","guid":{"rendered":"https:\/\/kraios.app\/news\/yasam\/2023\/10\/07\/sivasta-koylulerin-buldugu-vasak-yavrusu-guvenli-ellerde\/"},"modified":"2023-10-07T04:28:41","modified_gmt":"2023-10-07T04:28:41","slug":"sivasta-koylulerin-buldugu-vasak-yavrusu-guvenli-ellerde","status":"publish","type":"post","link":"https:\/\/kraios.app\/news\/yasam\/2023\/10\/07\/sivasta-koylulerin-buldugu-vasak-yavrusu-guvenli-ellerde\/","title":{"rendered":"Sivas&#8217;ta k\u00f6yl\u00fclerin buldu\u011fu va\u015fak yavrusu g\u00fcvenli ellerde"},"content":{"rendered":"<p><\/p>\n<div>\n<p>K\u00fcpl\u00fcce k\u00f6y\u00fcnde ya\u015fayan Birol Do\u011fan, odun toplamak i\u00e7in gitti\u011fi ormanda kedi zannetti\u011fi va\u015fak yavrusuyla kar\u015f\u0131la\u015ft\u0131. Annesi \u00f6ld\u00fc\u011f\u00fc tahmin edilen va\u015fak, Do\u011fan&#8217;\u0131n pe\u015finden ayr\u0131lmayarak k\u00f6ye kadar geldi.<\/p>\n<p>Do\u011fan&#8217;\u0131n 71 ya\u015f\u0131ndaki annesi Hacer Do\u011fan, foto\u011fraf\u0131n\u0131 \u00e7ekerek \u0130stanbul&#8217;da ya\u015fayan o\u011fluna g\u00f6nderdi\u011fi hayvan\u0131n va\u015fak oldu\u011funu \u00f6\u011frenince 2 g\u00fcn boyunca s\u00fct ve tavuk etiyle besledi.<\/p>\n<blockquote class=\"twitter-tweet\">\n<p dir=\"ltr\" lang=\"tr\">Sivas&#8217;ta bir k\u00f6yl\u00fcn\u00fcn ormanda pe\u015fine tak\u0131larak k\u00f6ye kadar gelen va\u015fak yavrusu, Do\u011fa Koruma ve Milli Parklar ekipleri taraf\u0131ndan koruma alt\u0131na al\u0131nd\u0131 <a href=\"https:\/\/t.co\/4VNX4jbhDL\">https:\/\/t.co\/4VNX4jbhDL<\/a> <a href=\"https:\/\/t.co\/9Bi3014T8o\">pic.twitter.com\/9Bi3014T8o<\/a><\/p>\n<p>\u2014 Anadolu Ajans\u0131 (@anadoluajansi) <a href=\"https:\/\/twitter.com\/anadoluajansi\/status\/1709886149328789803?ref_src=twsrc%5Etfw\">October 5, 2023<\/a><\/p><\/blockquote>\n<p>Bilgi verilmesi \u00fczerine k\u00f6ye gelen Do\u011fa Koruma ve Milli Parklar Sivas \u015eubesi ekipleri, va\u015fa\u011f\u0131 koruma alt\u0131na ald\u0131.<\/p>\n<p><img decoding=\"async\" alt=\"\" src=\"https:\/\/www.aa.com.tr\/uploads\/userFiles\/a54ea27f-6036-4f79-88c6-6bc9ba19a35d\/08_Nisan%2F05%20eyl%C3%BCl%2F06%2FAA-32314761.jpg\"\/><\/p>\n<h3>Odun toplamak i\u00e7in gitti\u011fi ormanda buldu<\/h3>\n<p>Birol Do\u011fan, AA muhabirine, ilk ba\u015fta kedi zannetti\u011fi va\u015fa\u011f\u0131 odun toplamak i\u00e7in gitti\u011fi ormanda buldu\u011funu s\u00f6yledi.<\/p>\n<p><img decoding=\"async\" alt=\"\" src=\"https:\/\/www.aa.com.tr\/uploads\/userFiles\/a54ea27f-6036-4f79-88c6-6bc9ba19a35d\/08_Nisan%2F05%20eyl%C3%BCl%2F06%2FAA-32314764.jpg\"\/><\/p>\n<p>Va\u015fa\u011f\u0131n pe\u015fine tak\u0131larak k\u00f6ye geldi\u011fini belirten Do\u011fan, &#8220;Ormandan gelirken pe\u015fime tak\u0131ld\u0131. Eve getirdim ve annemle burada bakt\u0131k.&#8221; dedi.<\/p>\n<p>Do\u011fan, daha \u00f6nce hi\u00e7 g\u00f6rmedi\u011fi va\u015fak yavrusunun \u00e7ok sevimli oldu\u011funu ifade etti.<\/p>\n<p><img decoding=\"async\" alt=\"\" src=\"https:\/\/www.aa.com.tr\/uploads\/userFiles\/a54ea27f-6036-4f79-88c6-6bc9ba19a35d\/08_Nisan%2F05%20eyl%C3%BCl%2F06%2FAA-32314760.jpg\"\/><\/p>\n<h3>&#8220;Ayr\u0131lacak olmaktan dolay\u0131 \u00e7ok \u00fcz\u00fcl\u00fcyorum&#8221;<\/h3>\n<p>Hacer Do\u011fan ise o\u011flunun ormanda buldu\u011fu va\u015fa\u011fa adeta \u00e7ocuk gibi bakt\u0131\u011f\u0131n\u0131 s\u00f6yledi.<\/p>\n<p><img decoding=\"async\" alt=\"\" src=\"https:\/\/admin.aa.com.tr\/uploads\/userFiles\/a54ea27f-6036-4f79-88c6-6bc9ba19a35d\/08_Nisan%2F05%20eyl%C3%BCl%2F06%2FAA-32314782.jpg\"\/><\/p>\n<p>Daha \u00f6nce hi\u00e7 va\u015fak g\u00f6rmedi\u011fini belirten Do\u011fan, &#8220;S\u0131rt\u0131 ayn\u0131 aslana benziyor. \u0130lk g\u00f6rd\u00fc\u011f\u00fcmde \u00e7ok \u015fa\u015f\u0131rd\u0131m ve b\u0131rakmad\u0131m. 2 g\u00fcn boyunca s\u00fct ve tavukla besledim.&#8221; dedi.<\/p>\n<p>Va\u015fa\u011f\u0131 \u00e7ok sevdi\u011fini anlatan Do\u011fan, &#8220;\u00c7ok sevdim, \u00f6pt\u00fcm onu. Ayr\u0131lacak olmaktan dolay\u0131 \u00e7ok \u00fcz\u00fcl\u00fcyorum.&#8221; diye konu\u015ftu.<\/p>\n<p><img decoding=\"async\" alt=\"\" src=\"https:\/\/www.aa.com.tr\/uploads\/userFiles\/a54ea27f-6036-4f79-88c6-6bc9ba19a35d\/08_Nisan%2F05%20eyl%C3%BCl%2F06%2FAA-32314783.jpg\"\/><\/p>\n<h3>Cep telefonu kameras\u0131yla kaydettiler<\/h3>\n<p>K\u00f6ydeki vatanda\u015flar\u0131n cep telefonu kameras\u0131yla va\u015fa\u011f\u0131 kay\u0131t alt\u0131na ald\u0131klar\u0131 anda, &#8220;S\u0131rt\u0131na bak kedi de\u011fil, aslan gibi. Aslan m\u0131 acaba? Ne g\u00fczel, a\u011fz\u0131 nerede, annesi nerede acaba? Gel pisi pisi.&#8221; \u015feklindeki diyaloglar\u0131 g\u00fcl\u00fcmsetti.<\/p>\n<p>Va\u015fa\u011f\u0131n bir s\u00fcre rehabilite merkezinde koruma alt\u0131nda tutulaca\u011f\u0131, daha sonra do\u011fal ortam\u0131na b\u0131rak\u0131laca\u011f\u0131 \u00f6\u011frenildi.<\/p>\n<p>                            <span class=\"detay-foto-editor\">&#13;<br \/>\n                                <a href=\"https:\/\/www.aa.com.tr\/tr\/p\/abonelik-talep-formu\/1001\" target=\"_blank\" style=\"font-size:12px; color:#444; text-decoration:none;\" rel=\"noopener\">&#13;<br \/>\n                                    Anadolu Ajans\u0131 web sitesinde, AA Haber Ak\u0131\u015f Sistemi (HAS) \u00fczerinden abonelere sunulan haberler, \u00f6zetlenerek yay\u0131mlanmaktad\u0131r. <b style=\"color:#1897F7\">Abonelik i\u00e7in l\u00fctfen ileti\u015fime ge\u00e7iniz.<\/b>&#13;<br \/>\n                                <\/a>&#13;<br \/>\n                            <\/span>\n                        <\/div>\n<p><script async src=\"\/\/platform.twitter.com\/widgets.js\" charset=\"utf-8\"><\/script><script>\n\t  window.fbAsyncInit = function() {\n\t\tFB.init({\n\t\t  appId: '1855843514662870',\n\t\t  status : true, \/\/ check login status\n\t\t  cookie : true, \/\/ enable cookies to allow the server to access the session\n\t\t  xfbml  : true  \/\/ parse XFBML\n\t\t});\n\t  };<\/p>\n<p>\t  (function() {\n\t\tvar e = document.createElement('script');\n\t\te.src=\"https:\/\/connect.facebook.net\/tr_TR\/all.js\";\n\t\te.async = true;\n\t\tdocument.getElementById('fb-root').appendChild(e);\n\t  }());\n    <\/script><\/p>\n","protected":false},"excerpt":{"rendered":"<p>K\u00fcpl\u00fcce k\u00f6y\u00fcnde ya\u015fayan Birol Do\u011fan, odun toplamak i\u00e7in gitti\u011fi ormanda kedi zannetti\u011fi va\u015fak yavrusuyla kar\u015f\u0131la\u015ft\u0131. Annesi \u00f6ld\u00fc\u011f\u00fc tahmin edilen va\u015fak, Do\u011fan&#8217;\u0131n pe\u015finden ayr\u0131lmayarak k\u00f6ye kadar geldi. Do\u011fan&#8217;\u0131n 71 ya\u015f\u0131ndaki annesi Hacer Do\u011fan, foto\u011fraf\u0131n\u0131 \u00e7ekerek \u0130stanbul&#8217;da ya\u015fayan o\u011fluna g\u00f6nderdi\u011fi hayvan\u0131n va\u015fak oldu\u011funu \u00f6\u011frenince 2 g\u00fcn boyunca s\u00fct ve tavuk etiyle besledi. Sivas&#8217;ta bir k\u00f6yl\u00fcn\u00fcn ormanda pe\u015fine [&hellip;]<\/p>\n","protected":false},"author":1,"featured_media":16390,"comment_status":"","ping_status":"","sticky":false,"template":"","format":"standard","meta":[],"categories":[50],"tags":[],"_links":{"self":[{"href":"https:\/\/kraios.app\/news\/wp-json\/wp\/v2\/posts\/16389"}],"collection":[{"href":"https:\/\/kraios.app\/news\/wp-json\/wp\/v2\/posts"}],"about":[{"href":"https:\/\/kraios.app\/news\/wp-json\/wp\/v2\/types\/post"}],"author":[{"embeddable":true,"href":"https:\/\/kraios.app\/news\/wp-json\/wp\/v2\/users\/1"}],"replies":[{"embeddable":true,"href":"https:\/\/kraios.app\/news\/wp-json\/wp\/v2\/comments?post=16389"}],"version-history":[{"count":0,"href":"https:\/\/kraios.app\/news\/wp-json\/wp\/v2\/posts\/16389\/revisions"}],"wp:featuredmedia":[{"embeddable":true,"href":"https:\/\/kraios.app\/news\/wp-json\/wp\/v2\/media\/16390"}],"wp:attachment":[{"href":"https:\/\/kraios.app\/news\/wp-json\/wp\/v2\/media?parent=16389"}],"wp:term":[{"taxonomy":"category","embeddable":true,"href":"https:\/\/kraios.app\/news\/wp-json\/wp\/v2\/categories?post=16389"},{"taxonomy":"post_tag","embeddable":true,"href":"https:\/\/kraios.app\/news\/wp-json\/wp\/v2\/tags?post=16389"}],"curies":[{"name":"wp","href":"https:\/\/api.w.org\/{rel}","templated":true}]}}