{"id":16380,"date":"2023-10-07T04:02:59","date_gmt":"2023-10-07T04:02:59","guid":{"rendered":"https:\/\/kraios.app\/news\/spor\/2023\/10\/07\/besiktas-kulubu-yonetim-kurulu-olaganustu-secimli-genel-kurul-karari-aldi\/"},"modified":"2023-10-07T04:02:59","modified_gmt":"2023-10-07T04:02:59","slug":"besiktas-kulubu-yonetim-kurulu-olaganustu-secimli-genel-kurul-karari-aldi","status":"publish","type":"post","link":"https:\/\/kraios.app\/news\/spor\/2023\/10\/07\/besiktas-kulubu-yonetim-kurulu-olaganustu-secimli-genel-kurul-karari-aldi\/","title":{"rendered":"Be\u015fikta\u015f Kul\u00fcb\u00fc Y\u00f6netim Kurulu, ola\u011fan\u00fcst\u00fc se\u00e7imli genel kurul karar\u0131 ald\u0131"},"content":{"rendered":"<p>Be\u015fikta\u015f Kul\u00fcb\u00fc Y\u00f6netim Kurulu, ola\u011fan\u00fcst\u00fc se\u00e7imli genel kurula gitme karar\u0131 al\u0131nd\u0131\u011f\u0131n\u0131 a\u00e7\u0131klad\u0131.<\/p>\n","protected":false},"excerpt":{"rendered":"<p>Be\u015fikta\u015f Kul\u00fcb\u00fc Y\u00f6netim Kurulu, ola\u011fan\u00fcst\u00fc se\u00e7imli genel kurula gitme karar\u0131 al\u0131nd\u0131\u011f\u0131n\u0131 a\u00e7\u0131klad\u0131.<\/p>\n","protected":false},"author":1,"featured_media":16381,"comment_status":"","ping_status":"","sticky":false,"template":"","format":"standard","meta":[],"categories":[48],"tags":[],"_links":{"self":[{"href":"https:\/\/kraios.app\/news\/wp-json\/wp\/v2\/posts\/16380"}],"collection":[{"href":"https:\/\/kraios.app\/news\/wp-json\/wp\/v2\/posts"}],"about":[{"href":"https:\/\/kraios.app\/news\/wp-json\/wp\/v2\/types\/post"}],"author":[{"embeddable":true,"href":"https:\/\/kraios.app\/news\/wp-json\/wp\/v2\/users\/1"}],"replies":[{"embeddable":true,"href":"https:\/\/kraios.app\/news\/wp-json\/wp\/v2\/comments?post=16380"}],"version-history":[{"count":0,"href":"https:\/\/kraios.app\/news\/wp-json\/wp\/v2\/posts\/16380\/revisions"}],"wp:featuredmedia":[{"embeddable":true,"href":"https:\/\/kraios.app\/news\/wp-json\/wp\/v2\/media\/16381"}],"wp:attachment":[{"href":"https:\/\/kraios.app\/news\/wp-json\/wp\/v2\/media?parent=16380"}],"wp:term":[{"taxonomy":"category","embeddable":true,"href":"https:\/\/kraios.app\/news\/wp-json\/wp\/v2\/categories?post=16380"},{"taxonomy":"post_tag","embeddable":true,"href":"https:\/\/kraios.app\/news\/wp-json\/wp\/v2\/tags?post=16380"}],"curies":[{"name":"wp","href":"https:\/\/api.w.org\/{rel}","templated":true}]}}