{"id":16378,"date":"2023-10-07T03:43:20","date_gmt":"2023-10-07T03:43:20","guid":{"rendered":"https:\/\/kraios.app\/news\/yasam\/2023\/10\/07\/ummanlilar-develerini-otlattiklari-el-hatala-mevsimini-festival-havasinda-geciriyor\/"},"modified":"2023-10-07T03:43:20","modified_gmt":"2023-10-07T03:43:20","slug":"ummanlilar-develerini-otlattiklari-el-hatala-mevsimini-festival-havasinda-geciriyor","status":"publish","type":"post","link":"https:\/\/kraios.app\/news\/yasam\/2023\/10\/07\/ummanlilar-develerini-otlattiklari-el-hatala-mevsimini-festival-havasinda-geciriyor\/","title":{"rendered":"Ummanl\u0131lar, develerini otlatt\u0131klar\u0131 &#8220;El-Hatala&#8221; mevsimini festival havas\u0131nda ge\u00e7iriyor"},"content":{"rendered":"<p><\/p>\n<div>\n<p>Yama\u00e7lar\u0131, ovalar\u0131, vadileri b\u00fcy\u00fcleyici ye\u015filli\u011fin hakim oldu\u011fu Zufar vilayetinde, &#8220;Hatala&#8221; mevsiminin geli\u015fiyle farkl\u0131 renklerdeki develerin gruplar halindeki hareketi adeta g\u00f6rsel bir \u015f\u00f6len sunuyor.<\/p>\n<p>\u00dclkenin g\u00fcneyinde, yumu\u015fak bir iklime sahip Zufar&#8217;da, sonbaharda ya\u011fmur ve sisle farkl\u0131 renklere b\u00fcr\u00fcnen ve muson r\u00fczgarlar\u0131n\u0131n esti\u011fi da\u011f silsilesi yer al\u0131yor.<\/p>\n<p><img decoding=\"async\" alt=\"\" src=\"https:\/\/www.aa.com.tr\/uploads\/userFiles\/a54ea27f-6036-4f79-88c6-6bc9ba19a35d\/08_Nisan%2F05%20eyl%C3%BCl%2F06%2FAA-32305739.jpg\"\/><\/p>\n<p>B\u00f6lgede en \u00e7ok yeti\u015ftirilen develer ba\u015fta olmak \u00fczere besi hayvanlar\u0131, beraberinde sahipleri ve \u00e7obanlar\u0131yla, sonbahar\u0131n gelmesiyle ye\u015feren vadi ve da\u011flarda otlay\u0131p, dere ve \u0131rmaklardan su i\u00e7iyor. Hayvanlar, bu d\u00f6nemde sulak ve bereketli meralarda iyice besleniyor.<\/p>\n<p>Bu otlatma sezonunda, hayvanlar\u0131n\u0131n ba\u015f\u0131nda meralara \u00e7\u0131kan Ummanl\u0131lar, geleneksel etkinlikler d\u00fczenleyip, ho\u015f\u00e7a vakit ge\u00e7iriyor. &#8220;El-Hatala&#8221; ad\u0131 verilen ve adeta g\u00f6rsel bir \u015f\u00f6len sunan, bu festival havas\u0131nda ge\u00e7en etkinliklere zaman zaman \u00e7ocuklar da kat\u0131l\u0131yor.<\/p>\n<p><img decoding=\"async\" alt=\"\" src=\"https:\/\/www.aa.com.tr\/uploads\/userFiles\/a54ea27f-6036-4f79-88c6-6bc9ba19a35d\/08_Nisan%2F05%20eyl%C3%BCl%2F06%2FAA-32305746.jpg\"\/><\/p>\n<p>&#8220;Hatala&#8221; mevsiminden sonra develerle beraber evlerine d\u00f6nen hayvan sahipleri; aileleri, yak\u0131nlar\u0131 taraf\u0131ndan sevin\u00e7le kar\u015f\u0131lan\u0131yor. Hatala sezonu, b\u00f6lge sakinleri taraf\u0131ndan &#8220;i\u00e7 turizm&#8221; olarak de\u011ferlendiriliyor.<\/p>\n<h3>G\u00fcvenli ve kolay bir yolculuk<\/h3>\n<p>Konuyla ilgili bilgi veren b\u00f6lge sakinlerinden Said el-Kesiri, &#8220;El-Hatala, bu sene 21 Eyl\u00fcl&#8217;de ba\u015flad\u0131 ve 21 Ekim&#8217;de sona eriyor. Zufar vilayeti genelinde hayvan sahipleri, \u00e7obanlar develeriyle birlikte do\u011faya \u00e7\u0131k\u0131yor; da\u011flar\u0131 tepeleri a\u015f\u0131yor. Develerin say\u0131s\u0131na ve otlaklar\u0131n durumuna g\u00f6re bu yolculuk bir ay ya da daha fazla s\u00fcr\u00fcyor.&#8221; dedi.<\/p>\n<p><img decoding=\"async\" alt=\"\" src=\"https:\/\/www.aa.com.tr\/uploads\/userFiles\/a54ea27f-6036-4f79-88c6-6bc9ba19a35d\/08_Nisan%2F05%20eyl%C3%BCl%2F06%2FAA-32305731.jpg\"\/><\/p>\n<p>Deve sahiplerinin, g\u00fcne\u015fin parlak, havan\u0131n \u0131l\u0131man oldu\u011fu ve sisin olmad\u0131\u011f\u0131 zamanlarda mera arad\u0131klar\u0131n\u0131 kaydeden Kesiri, arazinin kurumaya ba\u015flamas\u0131 nedeniyle \u00e7obanlar ve hayvanlar i\u00e7in yolculu\u011fun g\u00fcvenli ve kolay ge\u00e7ti\u011fini ifade etti.<\/p>\n<p>Kesiri, &#8220;Hatala&#8221; mevsiminin meralar\u0131n azl\u0131\u011f\u0131 ve hayvanlar\u0131n \u00e7oklu\u011fu gibi \u015fartlara g\u00f6re planland\u0131\u011f\u0131n\u0131 s\u00f6yledi.<\/p>\n<p><img decoding=\"async\" alt=\"\" src=\"https:\/\/www.aa.com.tr\/uploads\/userFiles\/a54ea27f-6036-4f79-88c6-6bc9ba19a35d\/08_Nisan%2F05%20eyl%C3%BCl%2F06%2FAA-32305771.jpg\"\/><\/p>\n<p>\u00d6ncelikle deve sahiplerinin bir araya geldi\u011fini; d\u00f6nemin ba\u015flang\u0131\u00e7 ve biti\u015f tarihini belirlediklerini belirten Kesiri, daha sonra da hangi kabilenin s\u0131ras\u0131 ise vadiye girip hayvanlar\u0131n\u0131 otlatt\u0131\u011f\u0131n\u0131, onun ayr\u0131lmas\u0131n\u0131n ard\u0131ndan di\u011fer kabilenin hayvanlar\u0131n\u0131n b\u00f6lgeye geldi\u011fini anlatt\u0131.<\/p>\n<p>Kesiri, bu durumun t\u00fcm develerin otlatma i\u015flemi bitene kadar devam etti\u011fini kaydetti.<\/p>\n<p>                            <span class=\"detay-foto-editor\">&#13;<br \/>\n                                <a href=\"https:\/\/www.aa.com.tr\/tr\/p\/abonelik-talep-formu\/1001\" target=\"_blank\" style=\"font-size:12px; color:#444; text-decoration:none;\" rel=\"noopener\">&#13;<br \/>\n                                    Anadolu Ajans\u0131 web sitesinde, AA Haber Ak\u0131\u015f Sistemi (HAS) \u00fczerinden abonelere sunulan haberler, \u00f6zetlenerek yay\u0131mlanmaktad\u0131r. <b style=\"color:#1897F7\">Abonelik i\u00e7in l\u00fctfen ileti\u015fime ge\u00e7iniz.<\/b>&#13;<br \/>\n                                <\/a>&#13;<br \/>\n                            <\/span>\n                        <\/div>\n<p><script>\n\t  window.fbAsyncInit = function() {\n\t\tFB.init({\n\t\t  appId: '1855843514662870',\n\t\t  status : true, \/\/ check login status\n\t\t  cookie : true, \/\/ enable cookies to allow the server to access the session\n\t\t  xfbml  : true  \/\/ parse XFBML\n\t\t});\n\t  };<\/p>\n<p>\t  (function() {\n\t\tvar e = document.createElement('script');\n\t\te.src=\"https:\/\/connect.facebook.net\/tr_TR\/all.js\";\n\t\te.async = true;\n\t\tdocument.getElementById('fb-root').appendChild(e);\n\t  }());\n    <\/script><\/p>\n","protected":false},"excerpt":{"rendered":"<p>Yama\u00e7lar\u0131, ovalar\u0131, vadileri b\u00fcy\u00fcleyici ye\u015filli\u011fin hakim oldu\u011fu Zufar vilayetinde, &#8220;Hatala&#8221; mevsiminin geli\u015fiyle farkl\u0131 renklerdeki develerin gruplar halindeki hareketi adeta g\u00f6rsel bir \u015f\u00f6len sunuyor. \u00dclkenin g\u00fcneyinde, yumu\u015fak bir iklime sahip Zufar&#8217;da, sonbaharda ya\u011fmur ve sisle farkl\u0131 renklere b\u00fcr\u00fcnen ve muson r\u00fczgarlar\u0131n\u0131n esti\u011fi da\u011f silsilesi yer al\u0131yor. B\u00f6lgede en \u00e7ok yeti\u015ftirilen develer ba\u015fta olmak \u00fczere besi hayvanlar\u0131, [&hellip;]<\/p>\n","protected":false},"author":1,"featured_media":16379,"comment_status":"","ping_status":"","sticky":false,"template":"","format":"standard","meta":[],"categories":[50],"tags":[],"_links":{"self":[{"href":"https:\/\/kraios.app\/news\/wp-json\/wp\/v2\/posts\/16378"}],"collection":[{"href":"https:\/\/kraios.app\/news\/wp-json\/wp\/v2\/posts"}],"about":[{"href":"https:\/\/kraios.app\/news\/wp-json\/wp\/v2\/types\/post"}],"author":[{"embeddable":true,"href":"https:\/\/kraios.app\/news\/wp-json\/wp\/v2\/users\/1"}],"replies":[{"embeddable":true,"href":"https:\/\/kraios.app\/news\/wp-json\/wp\/v2\/comments?post=16378"}],"version-history":[{"count":0,"href":"https:\/\/kraios.app\/news\/wp-json\/wp\/v2\/posts\/16378\/revisions"}],"wp:featuredmedia":[{"embeddable":true,"href":"https:\/\/kraios.app\/news\/wp-json\/wp\/v2\/media\/16379"}],"wp:attachment":[{"href":"https:\/\/kraios.app\/news\/wp-json\/wp\/v2\/media?parent=16378"}],"wp:term":[{"taxonomy":"category","embeddable":true,"href":"https:\/\/kraios.app\/news\/wp-json\/wp\/v2\/categories?post=16378"},{"taxonomy":"post_tag","embeddable":true,"href":"https:\/\/kraios.app\/news\/wp-json\/wp\/v2\/tags?post=16378"}],"curies":[{"name":"wp","href":"https:\/\/api.w.org\/{rel}","templated":true}]}}