{"id":16374,"date":"2023-10-07T03:07:18","date_gmt":"2023-10-07T03:07:18","guid":{"rendered":"https:\/\/kraios.app\/news\/siyaset\/2023\/10\/07\/ak-partide-4-olaganustu-buyuk-kongre-hazirliklari-tamamlandi\/"},"modified":"2023-10-07T03:07:18","modified_gmt":"2023-10-07T03:07:18","slug":"ak-partide-4-olaganustu-buyuk-kongre-hazirliklari-tamamlandi","status":"publish","type":"post","link":"https:\/\/kraios.app\/news\/siyaset\/2023\/10\/07\/ak-partide-4-olaganustu-buyuk-kongre-hazirliklari-tamamlandi\/","title":{"rendered":"AK Parti&#8217;de 4. Ola\u011fan\u00fcst\u00fc B\u00fcy\u00fck Kongre haz\u0131rl\u0131klar\u0131 tamamland\u0131"},"content":{"rendered":"<p><\/p>\n<div>\n<p>AK Parti Genel Ba\u015fkan Yard\u0131mc\u0131s\u0131 Erkan Kandemir, genel ba\u015fkan yard\u0131mc\u0131lar\u0131 Hamza Da\u011f ve Belgin Uygur ile Ankara Spor Salonu&#8217;nda yar\u0131n yap\u0131lacak kongrenin haz\u0131rl\u0131klar\u0131na ili\u015fkin bas\u0131n mensuplar\u0131na a\u00e7\u0131klamada bulundu.<\/p>\n<p>AK Parti ailesi olarak \u00e7ok heyecanl\u0131 olduklar\u0131n\u0131 belirten Kandemir, kongreye T\u00fcrkiye&#8217;nin d\u00f6rt bir taraf\u0131ndan gelerek co\u015fku, heyecan, birli\u011fi ve beraberliklerine destek olacak g\u00f6n\u00fclda\u015flar\u0131, vatanda\u015flar ve parti te\u015fkilatlar\u0131yla bulu\u015facaklar\u0131n\u0131 s\u00f6yledi.<\/p>\n<p>Siyasi partilerin en b\u00fcy\u00fck organizasyonlar\u0131n\u0131n, genel merkez kongreleri oldu\u011fu bildiren Kandemir, &#8220;Biz de her genel merkez kongresinde b\u00fcy\u00fck bir heyecanla yeniden hem sevdam\u0131z\u0131 tazeledi\u011fimiz hem kendimizi g\u00f6zden ge\u00e7irdi\u011fimiz, muhasebemizi yapt\u0131\u011f\u0131m\u0131z hem de gelece\u011fe dair vizyonumuzu milletimizle payla\u015ft\u0131\u011f\u0131m\u0131z bir vesile olarak g\u00f6r\u00fcyoruz kongrelerimizi. \u0130n\u015fallah yar\u0131n bu salondan t\u00fcm T\u00fcrkiye&#8217;ye, T\u00fcrkiye&#8217;nin geldi\u011fi noktada esas\u0131nda t\u00fcm d\u00fcnyaya AK Parti te\u015fkilatlar\u0131 co\u015fkusuyla, heyecanlar\u0131yla Genel Ba\u015fkan\u0131m\u0131z k\u00fcrs\u00fcdeki konu\u015fmas\u0131yla, vizyonuyla, yepyeni \u015feyler s\u00f6yleyecekler. Onun i\u00e7in b\u00fcy\u00fck bir heyecanla yar\u0131n\u0131 bekliyoruz.&#8221; ifadelerini kulland\u0131.<\/p>\n<p><img decoding=\"async\" alt=\"\" src=\"https:\/\/www.aa.com.tr\/uploads\/userFiles\/79121245-49cb-4f77-bd45-d9d308a833b3\/04_2023%2F03_Ekim%2F06%2Fthumbs_b_c_890d4759250cd567797aa52cd8f54f0c.jpeg\"\/><\/p>\n<p>Parti te\u015fkilatlar\u0131yla 4. Ola\u011fan\u00fcst\u00fc B\u00fcy\u00fck Kongreyi icra edeceklerini hat\u0131rlatan Kandemir, kongreye 27 \u00fclkeden siyasi parti temsilcilerinin, 127 b\u00fcy\u00fckel\u00e7i, 3 cumhurba\u015fkan\u0131, siyasi partilerden temsilciler, 150 sivil toplum kurulu\u015fu, \u015fehit ve gazi yak\u0131nlar\u0131n\u0131n davet edildi\u011fini belirterek, &#8220;T\u00fcrkiye&#8217;nin t\u00fcm sosyolojisinin de bu heyecan\u0131m\u0131za ortakl\u0131k edece\u011fi bir kongreyi koordine edece\u011fiz. AK Parti olarak yar\u0131n saat 10.00&#8217;da buradan t\u00fcm d\u00fcnyaya mesajlar\u0131m\u0131z\u0131 vermi\u015f olaca\u011f\u0131z.&#8221; diye konu\u015ftu.<\/p>\n<h3>&#8220;Uzunca zamand\u0131r haz\u0131rl\u0131\u011f\u0131n\u0131 yapt\u0131\u011f\u0131m\u0131z yerel se\u00e7imlerin de vermi\u015f olaca\u011f\u0131z&#8221;<\/h3>\n<p>Te\u015fkilat mensuplar\u0131n\u0131n kongre i\u00e7in Ankara&#8217;ya yar\u0131n sabah saatlerinde gelmeye ba\u015flayaca\u011f\u0131n\u0131 ifade eden Kandemir, \u015funlar\u0131 kaydetti:<\/p>\n<p>&#8220;T\u00fcrkiye genelinden \u015fu anda tabii b\u00fcy\u00fck bir co\u015fku ve heyecan\u0131 g\u00f6r\u00fcyoruz. T\u00fcrkiye&#8217;nin en uzak k\u00f6\u015fesinden Ankara&#8217;n\u0131n en yak\u0131n\u0131ndaki illerine kadar arkada\u015flar\u0131m\u0131z b\u00fcy\u00fck bir a\u015fkla, \u015fevkle gelmeyi arzu ediyorlar. Say\u0131y\u0131 hem Ankaral\u0131lar\u0131 rahats\u0131z etmeme ad\u0131na hem de organizasyonu kolayla\u015ft\u0131rma ad\u0131na s\u0131n\u0131rl\u0131 tutuyoruz. T\u00fcm s\u0131n\u0131rlara ra\u011fmen 100 bine yak\u0131n AK Parti te\u015fkilatlar\u0131ndan arkada\u015flar\u0131m\u0131z otob\u00fcslerle Ankara&#8217;ya gelecek. \u0130n\u015fallah Cumhuriyetin 100&#8217;\u00fcnc\u00fc y\u0131l\u0131nda AK Parti 7 Ekim&#8217;de te\u015fkilatlar\u0131yla, vatanda\u015flar\u0131yla bulu\u015farak yepyeni bir ba\u015flang\u0131\u00e7 yapacak. Yar\u0131n bir nevi uzunca zamand\u0131r haz\u0131rl\u0131\u011f\u0131n\u0131 yapt\u0131\u011f\u0131m\u0131z yerel se\u00e7imlerin de vermi\u015f olaca\u011f\u0131z.<\/p>\n<p><img decoding=\"async\" alt=\"\" src=\"https:\/\/www.aa.com.tr\/uploads\/userFiles\/79121245-49cb-4f77-bd45-d9d308a833b3\/04_2023%2F03_Ekim%2F06%2FAA-32324845.jpg\"\/><\/p>\n<p>28 May\u0131s&#8217;taki Genel Ba\u015fkan\u0131m\u0131z\u0131n Cumhurba\u015fkanl\u0131\u011f\u0131n\u0131 kazanmas\u0131, Cumhur \u0130ttifak\u0131&#8217;n\u0131n mecliste \u00e7o\u011funlu\u011fu elde etmesinin getirdi\u011fi o heyecan ve co\u015fkunun bir devam\u0131 niteli\u011finde \u00fclkeye, memlekete, millete hizmet etme a\u015fk\u0131n\u0131 yerel se\u00e7imlerde de g\u00f6stermek istiyoruz. Bu manada 7 Ekim, bir i\u015faret fi\u015fe\u011fi. Yerel se\u00e7imlerin ba\u015flang\u0131\u00e7 start\u0131. Yar\u0131nki kongrede kongremizde hem Say\u0131n Genel ba\u015fkan\u0131m\u0131z konu\u015fmas\u0131nda hem de salonun i\u00e7erisindeki heyecanda, d\u0131\u015f\u0131ndaki co\u015fkuda in\u015fallah yerel se\u00e7imlerin i\u015faret fi\u015fe\u011fini g\u00f6rm\u00fc\u015f olaca\u011f\u0131z. \u0130nan\u0131yorum ki b\u00fcy\u00fck bir huzur i\u00e7erisinde, birlik beraberlik i\u00e7erisinde AK Parti 4. Ola\u011fan\u00fcst\u00fc Kongresi&#8217;ni tamamlam\u0131\u015f olacak. Misafirlerimizle birlikte ola\u011fan\u00fcst\u00fc heyecanl\u0131 bir kongreyi icra etmi\u015f olaca\u011f\u0131z. Kad\u0131n kollar\u0131m\u0131zla, gen\u00e7lik kollar\u0131m\u0131zla, genel merkezimizin t\u00fcm birimleriyle birlikte \u00e7ok yo\u011fun bir \u00e7al\u0131\u015fma yap\u0131l\u0131yor ku\u015fkusuz. Bu i\u015fin mutfa\u011f\u0131nda arkada\u015flar\u0131m\u0131z\u0131n eme\u011fiyle olu\u015fuyor, onlara da bu vesile \u00e7ok te\u015fekk\u00fcr ediyorum.&#8221;<\/p>\n<p><img decoding=\"async\" alt=\"\" src=\"https:\/\/www.aa.com.tr\/uploads\/userFiles\/79121245-49cb-4f77-bd45-d9d308a833b3\/04_2023%2F03_Ekim%2F06%2FAA-32324847.jpg\"\/><\/p>\n<h3>Hamza Da\u011f&#8217;\u0131n konu\u015fmas\u0131<\/h3>\n<p>AK Parti Genel Ba\u015fkan Yard\u0131mc\u0131s\u0131 Hamza Da\u011f da 11&#8217;inci kongrelerini yapacaklar\u0131n\u0131 hat\u0131rlatarak, her siyasi partinin kongrelerinin asl\u0131nda kendi i\u00e7indeki durumu yans\u0131tt\u0131\u011f\u0131n\u0131 dile getirdi.<\/p>\n<p>Da\u011f, &#8220;Heyecan\u0131 varsa heyecan\u0131n\u0131, co\u015fkusu varsa co\u015fkusunu yans\u0131t\u0131r. Bu hem kongredeki atmosfer y\u00f6n\u00fcnden ortaya \u00e7\u0131kar hem de kongrenin konseptinde kendisini g\u00f6sterir. Kongremizin konseptinde, &#8216;T\u00fcrkiye Y\u00fczy\u0131l\u0131 i\u00e7in hep yeni, hep ileri&#8217; konseptini belirledik. \u00c7\u00fcnk\u00fc AK Parti, 22 y\u0131ll\u0131k siyasi hayat\u0131nda 21 y\u0131l\u0131n\u0131 iktidarda ge\u00e7irmi\u015f ve ilk g\u00fcnk\u00fc a\u015fkla hep yeni, hep yeni olarak devam etmi\u015f, devam ediyor.&#8221; diye konu\u015ftu.<\/p>\n<p>AK Parti iktidar\u0131nda di\u011fer siyasi partilerin kar\u015f\u0131la\u015ft\u0131r\u0131lamayacak kadar hep ilerisinde oldu\u011funu belirten Da\u011f, \u015f\u00f6yle devam etti:<\/p>\n<p>&#8220;AK Parti hep ileriyi hedefledi. 2023, 2035, 2053 ve 2071 hedeflerini koydu. Dolay\u0131s\u0131yla AK Parti her zaman yeni oldu ve hep de ileriyi kendisine hedef olarak koydu. Tabii ayn\u0131 zamanda konseptimiz i\u00e7in de Ekim ay\u0131 malum oldu\u011fu \u00fczere Cumhuriyetimizin ilan edildi\u011fi ay. Bu y\u0131l da Cumhuriyetimizin 100&#8217;\u00fcnc\u00fc y\u0131l\u0131n\u0131 hep beraber kutlayaca\u011f\u0131z. Dolay\u0131s\u0131yla &#8216;Cumhuriyet&#8217;in y\u00fcz ak\u0131&#8217;, AK Parti&#8217;yi en g\u00fczel yans\u0131tan ifadelerden birisi ve &#8216;T\u00fcrkiye&#8217;nin ortak akl\u0131&#8217; da yine bug\u00fcne kadar yapm\u0131\u015f oldu\u011fu y\u00f6netimde ortak akl\u0131 \u00f6n plana koymas\u0131 a\u00e7\u0131s\u0131ndan \u00f6nemli ve k\u0131ymetli. Dolay\u0131s\u0131yla biz kongremizin konseptini bu \u015fekilde belirledik. Yar\u0131n heyecanla, co\u015fkuyla kongre yapaca\u011f\u0131z. Rakibimiz siyasi partilerin kongrelerine bakt\u0131\u011f\u0131m\u0131zda da aram\u0131zdaki fark\u0131n ne kadar b\u00fcy\u00fck oldu\u011funu da t\u00fcm T\u00fcrkiye gayet a\u00e7\u0131k \u015fekilde g\u00f6r\u00fcyor.&#8221;<\/p>\n<p><img decoding=\"async\" alt=\"\" src=\"https:\/\/www.aa.com.tr\/uploads\/userFiles\/79121245-49cb-4f77-bd45-d9d308a833b3\/04_2023%2F03_Ekim%2F06%2FAA-32324844.jpg\"\/><\/p>\n<h3>Belgin Uygur&#8217;un konu\u015fmas\u0131<\/h3>\n<p>AK Parti Genel Ba\u015fkan Yard\u0131mc\u0131s\u0131 Belgin Uygur ise &#8220;AK Parti, Say\u0131n Cumhurba\u015fkan\u0131m\u0131z liderli\u011finde ilk yola \u00e7\u0131kt\u0131\u011f\u0131nda \u015fiar\u0131m\u0131z, &#8216;Ayd\u0131nl\u0131\u011fa a\u00e7\u0131k, karanl\u0131\u011fa kapal\u0131&#8217; d\u00fcsturuydu. Bu d\u00fcsturla AK Parti&#8217;nin kurulu\u015fundan itibaren ve iktidarda oldu\u011fumuz d\u00f6nem i\u00e7erisinde hep yenilenerek, kadrolar\u0131m\u0131z\u0131 yenileyerek, heyecan\u0131m\u0131z\u0131 daha da artt\u0131rarak yola devam ettik.&#8221; dedi.<\/p>\n<p>\u00d6nceki d\u00f6nemde g\u00f6rev alanlar\u0131n tecr\u00fcbesi ve deneyimiyle g\u00f6reve yeni gelecek olanlar\u0131n heyecan\u0131n\u0131 birle\u015ftirerek yola devam edeceklerini vurgulayan Uygur, konu\u015fmas\u0131n\u0131 \u015fu s\u00f6zlerle tamamlad\u0131:<\/p>\n<p>&#8220;Kongremizde 21 y\u0131ll\u0131k m\u00fcktesebat\u0131m\u0131zla, e\u011fitimden ula\u015f\u0131ma, sa\u011fl\u0131\u011fa her alandaki eserlerimizle, hizmetlerimizle, hak ve \u00f6zg\u00fcrl\u00fckler anlam\u0131ndaki kazan\u0131mlar\u0131m\u0131zla, reform niteli\u011findeki kazan\u0131mlar\u0131m\u0131zla m\u00fcktesebat\u0131m\u0131zla, heybemiz dolu bir \u015fekilde, kadrolar\u0131m\u0131z\u0131 yenileyerek, tazeleyerek heyecan\u0131m\u0131z\u0131 art\u0131rarak T\u00fcrkiye Y\u00fczy\u0131l\u0131 vizyonu ortaya koyduk. T\u00fcrkiye Y\u00fczy\u0131l\u0131n\u0131n kap\u0131lar\u0131n\u0131 milletimizin bize emaneti teslim etmesiyle hem Say\u0131n Cumhurba\u015fkan\u0131m\u0131za hem Cumhur \u0130ttifak\u0131 olarak Mecliste \u00e7o\u011funlu\u011fu bizlere teslim etmesiyle asl\u0131nda kap\u0131lar\u0131n\u0131 ard\u0131na kadar a\u00e7m\u0131\u015ft\u0131k. Yar\u0131nki kongremizle de ayn\u0131 heyecan\u0131m\u0131zla ilk g\u00fcnk\u00fc a\u015fk\u0131m\u0131zla, ilk g\u00fcnk\u00fc heyecan\u0131m\u0131zla T\u00fcrkiye Y\u00fczy\u0131l\u0131 hedefimize do\u011fru durmadan, yorulmadan yol y\u00fcr\u00fcmeye Say\u0131n Cumhurba\u015fkan\u0131m\u0131z liderli\u011finde devam edece\u011fiz. Yerel se\u00e7imlerimizin de veriyoruz. \u0130n\u015fallah b\u00fct\u00fcn T\u00fcrkiye&#8217;yi AK belediyecili\u011fin o eser ve g\u00f6n\u00fcl belediyecili\u011fi ile bulu\u015fturmaya devam edece\u011fiz.&#8221;<\/p>\n<p>                            <span class=\"detay-foto-editor\">&#13;<br \/>\n                                <a href=\"https:\/\/www.aa.com.tr\/tr\/p\/abonelik-talep-formu\/1001\" target=\"_blank\" style=\"font-size:12px; color:#444; text-decoration:none;\" rel=\"noopener\">&#13;<br \/>\n                                    Anadolu Ajans\u0131 web sitesinde, AA Haber Ak\u0131\u015f Sistemi (HAS) \u00fczerinden abonelere sunulan haberler, \u00f6zetlenerek yay\u0131mlanmaktad\u0131r. <b style=\"color:#1897F7\">Abonelik i\u00e7in l\u00fctfen ileti\u015fime ge\u00e7iniz.<\/b>&#13;<br \/>\n                                <\/a>&#13;<br \/>\n                            <\/span>\n                        <\/div>\n<p><script>\n\t  window.fbAsyncInit = function() {\n\t\tFB.init({\n\t\t  appId: '1855843514662870',\n\t\t  status : true, \/\/ check login status\n\t\t  cookie : true, \/\/ enable cookies to allow the server to access the session\n\t\t  xfbml  : true  \/\/ parse XFBML\n\t\t});\n\t  };<\/p>\n<p>\t  (function() {\n\t\tvar e = document.createElement('script');\n\t\te.src=\"https:\/\/connect.facebook.net\/tr_TR\/all.js\";\n\t\te.async = true;\n\t\tdocument.getElementById('fb-root').appendChild(e);\n\t  }());\n    <\/script><\/p>\n","protected":false},"excerpt":{"rendered":"<p>AK Parti Genel Ba\u015fkan Yard\u0131mc\u0131s\u0131 Erkan Kandemir, genel ba\u015fkan yard\u0131mc\u0131lar\u0131 Hamza Da\u011f ve Belgin Uygur ile Ankara Spor Salonu&#8217;nda yar\u0131n yap\u0131lacak kongrenin haz\u0131rl\u0131klar\u0131na ili\u015fkin bas\u0131n mensuplar\u0131na a\u00e7\u0131klamada bulundu. AK Parti ailesi olarak \u00e7ok heyecanl\u0131 olduklar\u0131n\u0131 belirten Kandemir, kongreye T\u00fcrkiye&#8217;nin d\u00f6rt bir taraf\u0131ndan gelerek co\u015fku, heyecan, birli\u011fi ve beraberliklerine destek olacak g\u00f6n\u00fclda\u015flar\u0131, vatanda\u015flar ve parti te\u015fkilatlar\u0131yla [&hellip;]<\/p>\n","protected":false},"author":1,"featured_media":16375,"comment_status":"","ping_status":"","sticky":false,"template":"","format":"standard","meta":[],"categories":[47],"tags":[],"_links":{"self":[{"href":"https:\/\/kraios.app\/news\/wp-json\/wp\/v2\/posts\/16374"}],"collection":[{"href":"https:\/\/kraios.app\/news\/wp-json\/wp\/v2\/posts"}],"about":[{"href":"https:\/\/kraios.app\/news\/wp-json\/wp\/v2\/types\/post"}],"author":[{"embeddable":true,"href":"https:\/\/kraios.app\/news\/wp-json\/wp\/v2\/users\/1"}],"replies":[{"embeddable":true,"href":"https:\/\/kraios.app\/news\/wp-json\/wp\/v2\/comments?post=16374"}],"version-history":[{"count":0,"href":"https:\/\/kraios.app\/news\/wp-json\/wp\/v2\/posts\/16374\/revisions"}],"wp:featuredmedia":[{"embeddable":true,"href":"https:\/\/kraios.app\/news\/wp-json\/wp\/v2\/media\/16375"}],"wp:attachment":[{"href":"https:\/\/kraios.app\/news\/wp-json\/wp\/v2\/media?parent=16374"}],"wp:term":[{"taxonomy":"category","embeddable":true,"href":"https:\/\/kraios.app\/news\/wp-json\/wp\/v2\/categories?post=16374"},{"taxonomy":"post_tag","embeddable":true,"href":"https:\/\/kraios.app\/news\/wp-json\/wp\/v2\/tags?post=16374"}],"curies":[{"name":"wp","href":"https:\/\/api.w.org\/{rel}","templated":true}]}}