{"id":16370,"date":"2023-10-07T03:03:33","date_gmt":"2023-10-07T03:03:33","guid":{"rendered":"https:\/\/kraios.app\/news\/spor\/2023\/10\/07\/vakifbank-basantrenoru-giovanni-guidetti-takimin-oyuncu-kalitesinden-memnun\/"},"modified":"2023-10-07T03:03:33","modified_gmt":"2023-10-07T03:03:33","slug":"vakifbank-basantrenoru-giovanni-guidetti-takimin-oyuncu-kalitesinden-memnun","status":"publish","type":"post","link":"https:\/\/kraios.app\/news\/spor\/2023\/10\/07\/vakifbank-basantrenoru-giovanni-guidetti-takimin-oyuncu-kalitesinden-memnun\/","title":{"rendered":"Vak\u0131fBank Ba\u015fantren\u00f6r\u00fc Giovanni Guidetti, tak\u0131m\u0131n oyuncu kalitesinden memnun"},"content":{"rendered":"<p><\/p>\n<div>\n<p>Giovanni Guidetti, AA muhabirine yapt\u0131\u011f\u0131 a\u00e7\u0131klamada, Vak\u0131fBank ile yeni sezondaki hedeflerini anlatt\u0131.<\/p>\n<p>Yeni bir sezona ba\u015flayacaklar\u0131 i\u00e7in heyecanl\u0131 oldu\u011funu s\u00f6yleyen Guidetti, &#8220;Bu bizim 16. sezonumuz ama her sezon bana farkl\u0131 geliyor. Yeni gelen oyunculardan dolay\u0131 \u00e7ok mutluyum. Teknik ekibimize yeni kat\u0131lanlardan dolay\u0131 da mutluyum. Bu y\u0131l tak\u0131mda \u00e7ok fazla de\u011fi\u015fiklik oldu. Normalde bu kadar fazla de\u011fi\u015fiklik yapmay\u0131z. \u00c7ok fazla par\u00e7ay\u0131 yerinden oynatt\u0131k ama bu bizi hi\u00e7 korkutmuyor \u00e7\u00fcnk\u00fc hepsi \u00e7ok kaliteli oyuncular.&#8221; de\u011ferlendirmesinde bulundu.<\/p>\n<p>Teknik ekibe yeni kat\u0131lan ki\u015filerle ilgili Guidetti, &#8220;Kul\u00fcp, bana yine \u00e7ok iyi bir kadro verdi. Sanja Tomasevic, yeni asistan ko\u00e7umuz oldu. Kendisi 10 y\u0131l boyunca ABD&#8217;de \u00e7al\u0131\u015ft\u0131. Tecr\u00fcbeli yeni bir fizyoterapistimiz de var. Bu kadar fazla yeni y\u00fcz\u00fcn Vak\u0131fBank&#8217;\u0131n de\u011ferlerini kucaklayacak olmas\u0131 \u00e7ok g\u00fczel.&#8221; diye konu\u015ftu.<\/p>\n<h3>&#8220;Bu sezon Sultanlar Ligi ve CEV \u015eampiyonlar Ligi, ge\u00e7en sezonlara g\u00f6re \u00e7ok daha zor olacakt\u0131r&#8221;<\/h3>\n<p>Vak\u0131fBank i\u00e7in oynaman\u0131n \u00f6nemi hakk\u0131nda konu\u015fan Guidetti, &#8220;Bu formay\u0131 giyiyorsan\u0131z her zaman kazanmak i\u00e7in oynamal\u0131s\u0131n\u0131z. Biz bunun i\u00e7in Vak\u0131fBank&#8217;ta m\u00fccadele ediyoruz. Yar\u0131\u015ft\u0131\u011f\u0131m\u0131z kulvarlardaki t\u00fcm kupalar\u0131 kazanmak istiyoruz. Bir \u00f6nceki sezon gibi kupalar kazanmaya devam etmek istiyoruz. Zaten ge\u00e7en sene de bu d\u00fc\u015f\u00fcnceyle sahaya \u00e7\u0131km\u0131\u015ft\u0131k. Vak\u0131fBank, her sezonda ve her ma\u00e7ta kazanmak i\u00e7in sahaya \u00e7\u0131kmal\u0131.&#8221; \u015feklinde g\u00f6r\u00fc\u015f belirtti.<\/p>\n<p>Bu sezonki beklentilerle ilgili ise Guidetti, &#8220;Kul\u00fcb\u00fcm\u00fcz, g\u00f6rev ald\u0131\u011f\u0131m t\u00fcm sezonlarda bana harika bir oyuncu grubu verdi. T\u00fcm sezonlarda \u00e7ok \u00f6nemli oyuncularla \u00e7al\u0131\u015ft\u0131m. Bu sezon Sultanlar Ligi ve CEV \u015eampiyonlar Ligi, ge\u00e7en sezonlara g\u00f6re \u00e7ok daha zor olacakt\u0131r. Ancak Vak\u0131fBank&#8217;ta bizim bir s\u00f6z\u00fcm\u00fcz var. Bask\u0131, bizim hak etti\u011fimiz bir ayr\u0131cal\u0131kt\u0131r. Bu ayr\u0131cal\u0131\u011fa da sahip oldu\u011fumuz i\u00e7in \u00e7ok mutluyuz.&#8221; ifadelerini kulland\u0131.<\/p>\n<p>Giovanni Guidetti, Vak\u0131fBank ile 2013, 2017, 2018 ve 2021 y\u0131llar\u0131nda FIVB D\u00fcnya Kul\u00fcpler \u015eampiyonas\u0131, 2011, 2013, 2017, 2018, 2022 ve 2023 y\u0131llar\u0131nda CEV \u015eampiyonlar Ligi, 2013, 2014, 2016, 2018, 2019, 2021 ve 2022&#8217;de T\u00fcrkiye Ligi, 2013, 2014, 2017, 2021, 2022 ve 2023&#8217;te Kupa Voley, 2013, 2014, 2017, 2021 senelerinde \u015eampiyonlar Kupas\u0131 \u015fampiyonluklar\u0131 kazand\u0131.<\/p>\n<p>                            <span class=\"detay-foto-editor\">&#13;<br \/>\n                                <a href=\"https:\/\/www.aa.com.tr\/tr\/p\/abonelik-talep-formu\/1001\" target=\"_blank\" style=\"font-size:12px; color:#444; text-decoration:none;\" rel=\"noopener\">&#13;<br \/>\n                                    Anadolu Ajans\u0131 web sitesinde, AA Haber Ak\u0131\u015f Sistemi (HAS) \u00fczerinden abonelere sunulan haberler, \u00f6zetlenerek yay\u0131mlanmaktad\u0131r. <b style=\"color:#1897F7\">Abonelik i\u00e7in l\u00fctfen ileti\u015fime ge\u00e7iniz.<\/b>&#13;<br \/>\n                                <\/a>&#13;<br \/>\n                            <\/span>\n                        <\/div>\n<p><script>\n\t  window.fbAsyncInit = function() {\n\t\tFB.init({\n\t\t  appId: '1855843514662870',\n\t\t  status : true, \/\/ check login status\n\t\t  cookie : true, \/\/ enable cookies to allow the server to access the session\n\t\t  xfbml  : true  \/\/ parse XFBML\n\t\t});\n\t  };<\/p>\n<p>\t  (function() {\n\t\tvar e = document.createElement('script');\n\t\te.src=\"https:\/\/connect.facebook.net\/tr_TR\/all.js\";\n\t\te.async = true;\n\t\tdocument.getElementById('fb-root').appendChild(e);\n\t  }());\n    <\/script><\/p>\n","protected":false},"excerpt":{"rendered":"<p>Giovanni Guidetti, AA muhabirine yapt\u0131\u011f\u0131 a\u00e7\u0131klamada, Vak\u0131fBank ile yeni sezondaki hedeflerini anlatt\u0131. Yeni bir sezona ba\u015flayacaklar\u0131 i\u00e7in heyecanl\u0131 oldu\u011funu s\u00f6yleyen Guidetti, &#8220;Bu bizim 16. sezonumuz ama her sezon bana farkl\u0131 geliyor. Yeni gelen oyunculardan dolay\u0131 \u00e7ok mutluyum. Teknik ekibimize yeni kat\u0131lanlardan dolay\u0131 da mutluyum. Bu y\u0131l tak\u0131mda \u00e7ok fazla de\u011fi\u015fiklik oldu. Normalde bu kadar fazla [&hellip;]<\/p>\n","protected":false},"author":1,"featured_media":16371,"comment_status":"","ping_status":"","sticky":false,"template":"","format":"standard","meta":[],"categories":[48],"tags":[],"_links":{"self":[{"href":"https:\/\/kraios.app\/news\/wp-json\/wp\/v2\/posts\/16370"}],"collection":[{"href":"https:\/\/kraios.app\/news\/wp-json\/wp\/v2\/posts"}],"about":[{"href":"https:\/\/kraios.app\/news\/wp-json\/wp\/v2\/types\/post"}],"author":[{"embeddable":true,"href":"https:\/\/kraios.app\/news\/wp-json\/wp\/v2\/users\/1"}],"replies":[{"embeddable":true,"href":"https:\/\/kraios.app\/news\/wp-json\/wp\/v2\/comments?post=16370"}],"version-history":[{"count":0,"href":"https:\/\/kraios.app\/news\/wp-json\/wp\/v2\/posts\/16370\/revisions"}],"wp:featuredmedia":[{"embeddable":true,"href":"https:\/\/kraios.app\/news\/wp-json\/wp\/v2\/media\/16371"}],"wp:attachment":[{"href":"https:\/\/kraios.app\/news\/wp-json\/wp\/v2\/media?parent=16370"}],"wp:term":[{"taxonomy":"category","embeddable":true,"href":"https:\/\/kraios.app\/news\/wp-json\/wp\/v2\/categories?post=16370"},{"taxonomy":"post_tag","embeddable":true,"href":"https:\/\/kraios.app\/news\/wp-json\/wp\/v2\/tags?post=16370"}],"curies":[{"name":"wp","href":"https:\/\/api.w.org\/{rel}","templated":true}]}}