{"id":16368,"date":"2023-10-07T02:55:52","date_gmt":"2023-10-07T02:55:52","guid":{"rendered":"https:\/\/kraios.app\/news\/yasam\/2023\/10\/07\/depreme-anne-karninda-yakalanan-bebege-olen-babasinin-adi-verildi\/"},"modified":"2023-10-07T02:55:52","modified_gmt":"2023-10-07T02:55:52","slug":"depreme-anne-karninda-yakalanan-bebege-olen-babasinin-adi-verildi","status":"publish","type":"post","link":"https:\/\/kraios.app\/news\/yasam\/2023\/10\/07\/depreme-anne-karninda-yakalanan-bebege-olen-babasinin-adi-verildi\/","title":{"rendered":"Depreme anne karn\u0131nda yakalanan bebe\u011fe \u00f6len babas\u0131n\u0131n ad\u0131 verildi"},"content":{"rendered":"<p><\/p>\n<div>\n<p>\u0130lk bebe\u011fine 1,5 ayl\u0131k hamile oldu\u011funu Kahramanmara\u015f merkezli 6 \u015eubat&#8217;taki depremlerden bir hafta \u00f6nce \u00f6\u011frenen 24 ya\u015f\u0131ndaki M\u00fcnire Armut, deprem an\u0131nda e\u015fiyle Antakya&#8217;daki evlerinden d\u0131\u015far\u0131 \u00e7\u0131karken y\u0131k\u0131lan binan\u0131n enkaz\u0131nda kald\u0131.<\/p>\n<h3>&#8220;E\u015fimin cenazesine gidemedim&#8221;<\/h3>\n<p>M\u00fcnire Armut, AA muhabirine, depremde evlerinden e\u015fiyle el ele indi\u011fi esnada binan\u0131n y\u0131k\u0131ld\u0131\u011f\u0131n\u0131 s\u00f6yledi.<\/p>\n<p><img decoding=\"async\" alt=\"\" src=\"https:\/\/www.aa.com.tr\/uploads\/userFiles\/54a427bf-71c5-4e63-a83d-6196709e92a3\/009_2023%2F003_2023%2F26_Ekim%2F19%2F20231006_2_60564225_93394856.jpg\"\/><\/p>\n<p>\u00dcst\u00fcne merdiven d\u00fc\u015ft\u00fc\u011f\u00fcn\u00fc, v\u00fccudunun \u00e7e\u015fitli yerlerinden yaraland\u0131\u011f\u0131n\u0131 ifade eden Armut, e\u015finin de bir kolonun alt\u0131nda kald\u0131\u011f\u0131n\u0131 anlatt\u0131.<\/p>\n<p>\u0130kinci depremde o kolonun e\u015finin \u00fcst\u00fcne daha fazla bask\u0131 yapt\u0131\u011f\u0131n\u0131 belirten Armut, &#8220;Ben kurtar\u0131ld\u0131m, e\u015fimin cenazesi \u00fc\u00e7\u00fcnc\u00fc g\u00fcn \u00e7\u0131kar\u0131ld\u0131. E\u015fimin cenazesi g\u00f6m\u00fcl\u00fcrken ben hastaneye gittim, kanamam vard\u0131. D\u00fc\u015f\u00fck yapt\u0131\u011f\u0131m\u0131 sand\u0131m, hi\u00e7 umudum da yoktu. E\u015fimin g\u00f6m\u00fcld\u00fc\u011f\u00fc g\u00fcn o\u011flumun ya\u015fad\u0131\u011f\u0131n\u0131 \u00f6\u011frendim.&#8221; diye konu\u015ftu.<\/p>\n<p>Gitti\u011fi Konya&#8217;daki tedavi s\u00fcrecinin ard\u0131ndan Kuzey K\u0131br\u0131s T\u00fcrk Cumhuriyeti, oradan da Kayseri&#8217;ye geldi\u011fini kaydeden Armut, sekiz ayl\u0131k hamileyken gitti\u011fi kontrolde o\u011flunun rahats\u0131zland\u0131\u011f\u0131n\u0131 \u00f6\u011frendi\u011fini dile getirdi.<\/p>\n<p><img decoding=\"async\" alt=\"\" src=\"https:\/\/www.aa.com.tr\/uploads\/userFiles\/54a427bf-71c5-4e63-a83d-6196709e92a3\/009_2023%2F003_2023%2F26_Ekim%2F19%2F20231006_2_60564225_93394858.jpg\"\/><\/p>\n<p>Bebe\u011finin ba\u015f\u0131yla ayaklar\u0131n\u0131n geli\u015fiminin normal oldu\u011funun belirlendi\u011fini ancak karn\u0131nda zay\u0131flama g\u00f6r\u00fcld\u00fc\u011f\u00fc i\u00e7in acil do\u011fuma al\u0131nd\u0131\u011f\u0131n\u0131 anlatan Armut, \u015funlar\u0131 kaydetti:<\/p>\n<p>&#8220;Sezaryen do\u011fum yapt\u0131m. O\u011flumu Kayseri \u015eehir Hastanesine sevk ettiler, hemen ameliyata al\u0131nd\u0131. Operasyon iyi ge\u00e7mi\u015f. \u015eu an tedavisi gayet g\u00fczel ilerliyor. Premat\u00fcre do\u011fdu ama \u00e7ok \u015f\u00fck\u00fcr \u015fu an iyi, 34 g\u00fcnl\u00fck. 18 g\u00fcn yo\u011fun bak\u0131m s\u00fcrecimiz oldu. Be\u015f g\u00fcn anne bebek uyuma odas\u0131nda kald\u0131k, taburcu edildik. Kontrollere geliyoruz. Babas\u0131n\u0131n ismini verdim. Zaten babas\u0131n\u0131n istedi\u011fi bir \u015feydi. E\u015fimin ad\u0131 Y\u0131lmaz&#8217;d\u0131. Ad\u0131 &#8216;Y\u0131lmaz Aras&#8217; olsun derdi hep. O \u015fekilde babas\u0131n\u0131n ad\u0131n\u0131 verdim.&#8221;<\/p>\n<p><img decoding=\"async\" alt=\"\" src=\"https:\/\/www.aa.com.tr\/uploads\/userFiles\/54a427bf-71c5-4e63-a83d-6196709e92a3\/009_2023%2F003_2023%2F26_Ekim%2F19%2F20231006_2_60564225_93394859.jpg\"\/><\/p>\n<h3>&#8220;Ger\u00e7ekten \u00f6zel bir bebek&#8221;<\/h3>\n<p>Kayseri \u015eehir Hastanesi \u00c7ocuk Cerrahisi Klinik \u015eefi Do\u00e7. Dr. Mustafa Erman D\u00f6rterler ise 34 haftal\u0131k ve yakla\u015f\u0131k 2 kilogram a\u011f\u0131rl\u0131kta d\u00fcnyaya gelen bebe\u011fin &#8220;diyafragma hernisi&#8221; olarak tan\u0131mlad\u0131klar\u0131 ciddi bir rahats\u0131zl\u0131\u011f\u0131 oldu\u011funu s\u00f6yledi.<\/p>\n<p>Bu rahats\u0131zl\u0131k hakk\u0131nda bilgi veren D\u00f6rterler, \u015funlar\u0131 kaydetti:<\/p>\n<p>&#8220;Toraks bo\u015flu\u011fu ile kar\u0131n bo\u015flu\u011funu ay\u0131ran diyafram kas\u0131\u011f\u0131n\u0131n y\u0131rt\u0131k olmas\u0131ndan dolay\u0131 \u00e7ocu\u011fun hayati organlar\u0131, karaci\u011fer, dalak, ince ve kal\u0131n ba\u011f\u0131rsaklar\u0131 toraks dedi\u011fimiz g\u00f6\u011f\u00fcs kafesini tamamen kapl\u0131yordu. Bu, \u00e7ocu\u011fun akci\u011ferinin geli\u015fmemesine neden olmu\u015f. Bu y\u00fczden nefes al\u0131p vermekte zorlan\u0131yordu. Solunum cihaz\u0131na ba\u011flad\u0131k. Bunlar \u00e7ok ciddi rahats\u0131zl\u0131klar. Bu hastalar\u0131n bir\u00e7o\u011funu maalesef kaybediyoruz ama bebe\u011fimiz \u00e7ok \u015fansl\u0131yd\u0131. Hem d\u00fc\u015f\u00fck do\u011fum a\u011f\u0131rl\u0131\u011f\u0131 hem de erken do\u011fmas\u0131na ra\u011fmen ameliyat\u0131 gayet ba\u015far\u0131l\u0131 ge\u00e7ti. Kritik s\u00fcreci tamamen atlatt\u0131. \u015eimdi iyile\u015fti, kontrole geliyor. Art\u0131k normal bir bebek gibi a\u015f\u0131lamaya ba\u015flad\u0131k. Ger\u00e7ekten \u00f6zel bir bebek. Depremzede bir aile. Oradan kurtulup burada da ikinci bir ya\u015fam m\u00fccadelesi ge\u00e7irdi, onu da kazand\u0131.&#8221;<\/p>\n<p>                            <span class=\"detay-foto-editor\">&#13;<br \/>\n                                <a href=\"https:\/\/www.aa.com.tr\/tr\/p\/abonelik-talep-formu\/1001\" target=\"_blank\" style=\"font-size:12px; color:#444; text-decoration:none;\" rel=\"noopener\">&#13;<br \/>\n                                    Anadolu Ajans\u0131 web sitesinde, AA Haber Ak\u0131\u015f Sistemi (HAS) \u00fczerinden abonelere sunulan haberler, \u00f6zetlenerek yay\u0131mlanmaktad\u0131r. <b style=\"color:#1897F7\">Abonelik i\u00e7in l\u00fctfen ileti\u015fime ge\u00e7iniz.<\/b>&#13;<br \/>\n                                <\/a>&#13;<br \/>\n                            <\/span>\n                        <\/div>\n<p><script>\n\t  window.fbAsyncInit = function() {\n\t\tFB.init({\n\t\t  appId: '1855843514662870',\n\t\t  status : true, \/\/ check login status\n\t\t  cookie : true, \/\/ enable cookies to allow the server to access the session\n\t\t  xfbml  : true  \/\/ parse XFBML\n\t\t});\n\t  };<\/p>\n<p>\t  (function() {\n\t\tvar e = document.createElement('script');\n\t\te.src=\"https:\/\/connect.facebook.net\/tr_TR\/all.js\";\n\t\te.async = true;\n\t\tdocument.getElementById('fb-root').appendChild(e);\n\t  }());\n    <\/script><\/p>\n","protected":false},"excerpt":{"rendered":"<p>\u0130lk bebe\u011fine 1,5 ayl\u0131k hamile oldu\u011funu Kahramanmara\u015f merkezli 6 \u015eubat&#8217;taki depremlerden bir hafta \u00f6nce \u00f6\u011frenen 24 ya\u015f\u0131ndaki M\u00fcnire Armut, deprem an\u0131nda e\u015fiyle Antakya&#8217;daki evlerinden d\u0131\u015far\u0131 \u00e7\u0131karken y\u0131k\u0131lan binan\u0131n enkaz\u0131nda kald\u0131. &#8220;E\u015fimin cenazesine gidemedim&#8221; M\u00fcnire Armut, AA muhabirine, depremde evlerinden e\u015fiyle el ele indi\u011fi esnada binan\u0131n y\u0131k\u0131ld\u0131\u011f\u0131n\u0131 s\u00f6yledi. \u00dcst\u00fcne merdiven d\u00fc\u015ft\u00fc\u011f\u00fcn\u00fc, v\u00fccudunun \u00e7e\u015fitli yerlerinden yaraland\u0131\u011f\u0131n\u0131 ifade [&hellip;]<\/p>\n","protected":false},"author":1,"featured_media":16369,"comment_status":"","ping_status":"","sticky":false,"template":"","format":"standard","meta":[],"categories":[50],"tags":[],"_links":{"self":[{"href":"https:\/\/kraios.app\/news\/wp-json\/wp\/v2\/posts\/16368"}],"collection":[{"href":"https:\/\/kraios.app\/news\/wp-json\/wp\/v2\/posts"}],"about":[{"href":"https:\/\/kraios.app\/news\/wp-json\/wp\/v2\/types\/post"}],"author":[{"embeddable":true,"href":"https:\/\/kraios.app\/news\/wp-json\/wp\/v2\/users\/1"}],"replies":[{"embeddable":true,"href":"https:\/\/kraios.app\/news\/wp-json\/wp\/v2\/comments?post=16368"}],"version-history":[{"count":0,"href":"https:\/\/kraios.app\/news\/wp-json\/wp\/v2\/posts\/16368\/revisions"}],"wp:featuredmedia":[{"embeddable":true,"href":"https:\/\/kraios.app\/news\/wp-json\/wp\/v2\/media\/16369"}],"wp:attachment":[{"href":"https:\/\/kraios.app\/news\/wp-json\/wp\/v2\/media?parent=16368"}],"wp:term":[{"taxonomy":"category","embeddable":true,"href":"https:\/\/kraios.app\/news\/wp-json\/wp\/v2\/categories?post=16368"},{"taxonomy":"post_tag","embeddable":true,"href":"https:\/\/kraios.app\/news\/wp-json\/wp\/v2\/tags?post=16368"}],"curies":[{"name":"wp","href":"https:\/\/api.w.org\/{rel}","templated":true}]}}