{"id":16364,"date":"2023-10-07T02:47:32","date_gmt":"2023-10-07T02:47:32","guid":{"rendered":"https:\/\/kraios.app\/news\/siyaset\/2023\/10\/07\/mevcut-ic-tuzuk-hukumleriyle-yeni-bir-anayasa-yapilmasi-mumkun-olmaz\/"},"modified":"2023-10-07T02:47:32","modified_gmt":"2023-10-07T02:47:32","slug":"mevcut-ic-tuzuk-hukumleriyle-yeni-bir-anayasa-yapilmasi-mumkun-olmaz","status":"publish","type":"post","link":"https:\/\/kraios.app\/news\/siyaset\/2023\/10\/07\/mevcut-ic-tuzuk-hukumleriyle-yeni-bir-anayasa-yapilmasi-mumkun-olmaz\/","title":{"rendered":"Mevcut i\u00e7 t\u00fcz\u00fck h\u00fck\u00fcmleriyle yeni bir anayasa yap\u0131lmas\u0131 m\u00fcmk\u00fcn olmaz"},"content":{"rendered":"<p><\/p>\n<div>\n<p>Bas\u0131n kurulu\u015flar\u0131n\u0131n Ankara temsilcileriyle G\u00f6lba\u015f\u0131 Hakimevi&#8217;nde bir araya gelen <strong>Adalet Bakan\u0131 Y\u0131lmaz Tun\u00e7,<\/strong> T\u00fcrkiye Cumhuriyeti&#8217;nin y\u00fcz\u00fcnc\u00fc y\u0131l\u0131n\u0131n geride b\u0131rak\u0131lmak \u00fczere oldu\u011funu, T\u00fcrkiye&#8217;nin 2 bin y\u0131ll\u0131k bir devlet gelene\u011fine, y\u00fcz y\u0131ll\u0131k da cumhuriyet deneyimine sahip oldu\u011funu ifade etti.<\/p>\n<p><img decoding=\"async\" alt=\"\" src=\"https:\/\/www.aa.com.tr\/uploads\/userFiles\/23525b19-4139-468c-8051-ba931b6738e4\/EKIM2023%2Ftunc2.jpg\"\/><\/p>\n<p>Cumhuriyet d\u00f6neminin son 21 y\u0131l\u0131nda T\u00fcrkiye&#8217;nin reform s\u00fcrecinin mevzuat\u0131n yenilenmesi, Anayasa&#8217;da yap\u0131lan de\u011fi\u015fiklikler sayesinde Cumhuriyetin demokrasiyle ta\u00e7land\u0131racak ad\u0131mlara imza at\u0131ld\u0131\u011f\u0131n\u0131 bildirdi.<\/p>\n<p>Reformlar\u0131n ya\u015fand\u0131\u011f\u0131 21 y\u0131l\u0131n son 5 y\u0131l\u0131nda Cumhurba\u015fkanl\u0131\u011f\u0131 H\u00fck\u00fcmet Sistemi&#8217;nin uyguland\u0131\u011f\u0131n\u0131 belirten Tun\u00e7, yeni sistemdeki ikinci kabinenin yakla\u015f\u0131k 4 ay \u00f6nce g\u00f6reve ba\u015flad\u0131\u011f\u0131n\u0131 dile getirdi.<\/p>\n<p>Se\u00e7im \u00f6ncesi vadedilen hususlar\u0131n ilerleyen g\u00fcnlerde H\u00fck\u00fcmet Program\u0131 \u015feklinde kamuoyuyla payla\u015f\u0131laca\u011f\u0131n\u0131 kaydeden Tun\u00e7, a\u00e7\u0131klanan Orta Vadeli Program&#8217;da da her bakanl\u0131\u011fa d\u00fc\u015fen \u00f6nemli g\u00f6revlerin bulundu\u011funu kaydetti.<\/p>\n<p>Bakan Tun\u00e7, Adalet Bakanl\u0131\u011f\u0131na d\u00fc\u015fen hedeflerin ger\u00e7ekle\u015ftirilmesi i\u00e7in \u00e7al\u0131\u015fmalar\u0131n s\u00fcrd\u00fc\u011f\u00fcn\u00fc ifade ederek, Adalet Bakanl\u0131\u011f\u0131nca Yarg\u0131 Reformu Strateji Belgesi haz\u0131rl\u0131k s\u00fcrecini ba\u015flatt\u0131klar\u0131n\u0131 belirtti.<\/p>\n<p>\u00d6nceki Yarg\u0131 Reformu Strateji Belgesi&#8217;ndeki hedeflerden y\u00fczde 70&#8217;inin, \u0130nsan Haklar\u0131 Eylem Plan\u0131&#8217;ndaki hedeflerin ise y\u00fczde 66&#8217;s\u0131n\u0131n ger\u00e7ekle\u015ftirildi\u011fi bilgisini payla\u015fan Tun\u00e7, &#8220;Hukuk ve toplumun ihtiya\u00e7lar\u0131 geli\u015fiyor. Bili\u015fim sekt\u00f6r\u00fc, teknoloji ve yarg\u0131n\u0131n daha da h\u0131zlanmas\u0131na y\u00f6nelik \u00f6nemli hedefleri var. Bu hedefleri ger\u00e7ekle\u015ftirmeye y\u00f6nelik Yarg\u0131 Reformu Strateji Belgesi ve \u0130nsan Haklar\u0131 Eylem Plan\u0131&#8217;nda da yeni d\u00f6nemde de in\u015fallah bu reform s\u00fcreci devam edecek.&#8221; diye konu\u015ftu.<\/p>\n<p><img decoding=\"async\" alt=\"\" src=\"https:\/\/www.aa.com.tr\/uploads\/userFiles\/23525b19-4139-468c-8051-ba931b6738e4\/EKIM2023%2Ftunc1.jpg\"\/><\/p>\n<h3>Afet riskine kar\u015f\u0131 dayan\u0131kl\u0131 \u015fehirler i\u00e7in yeni yasa yolda<\/h3>\n<p>Adalet Bakan\u0131 Tun\u00e7, Cumhurba\u015fkanl\u0131\u011f\u0131 H\u00fck\u00fcmet Sistemi&#8217;nin ikinci kabinesinde, her kabine toplant\u0131s\u0131nda ilk g\u00fcndem maddesinin deprem oldu\u011funu s\u00f6yledi. Deprem b\u00f6lgesinin yeniden aya\u011fa kald\u0131r\u0131lmas\u0131 i\u00e7in b\u00fcy\u00fck bir m\u00fccadele verildi\u011fini kaydeden Tun\u00e7, deprem b\u00f6lgesinde Adalet Bakanl\u0131\u011f\u0131na da d\u00fc\u015fen g\u00f6revlerin bulundu\u011funu vurgulad\u0131.<\/p>\n<p>Deprem b\u00f6lgesindeki vatanda\u015flar\u0131n hak kayb\u0131na u\u011framamas\u0131n\u0131n \u00f6nemli oldu\u011funu ifade eden Tun\u00e7, &#8220;Biz de deprem b\u00f6lgesinde Adalet Bakanl\u0131\u011f\u0131 olarak illerimizi ziyaret ettik ve oradaki \u00f6zellikle yarg\u0131sal s\u00fcre\u00e7lerin aksamamas\u0131, vatanda\u015flar\u0131m\u0131z\u0131n yarg\u0131 hizmetlerinden daha etkin, daha adil ve daha h\u0131zl\u0131 bir sonu\u00e7 alabilmesi ad\u0131na \u00f6nemli tespitlerimiz oldu.&#8221; diye konu\u015ftu.<\/p>\n<p>Deprem b\u00f6lgesindeki y\u0131k\u0131m kararlar\u0131n\u0131n gecikmemesi, h\u0131zl\u0131 \u015fekilde uygulanmas\u0131n\u0131n \u00f6nemine de\u011finen Tun\u00e7, bunun uygulan\u0131rken vatanda\u015flar\u0131n ma\u011fduriyetine neden olunmamas\u0131, hak kayb\u0131na neden olunmamas\u0131 anlam\u0131nda da \u00f6nemli tespitlerin bulundu\u011funu kaydetti.<\/p>\n<p>Tun\u00e7, &#8220;\u00d6n\u00fcm\u00fczdeki g\u00fcnlerde bu tespitlerimizi ve yasal d\u00fczenleme ihtiyac\u0131n\u0131 da in\u015fallah Meclis&#8217;imizle payla\u015faca\u011f\u0131z. Deprem b\u00f6lgesindeki \u00f6zellikle in\u015fa \u00e7al\u0131\u015fmalar\u0131 kesintisiz devam ediyor. Bundan sonra da tabii afet riskine kar\u015f\u0131 dayan\u0131kl\u0131 \u015fehirleri \u00fcretme anlam\u0131nda da yeni \u00e7al\u0131\u015fmalar var. Sizler bunlar\u0131 takip ediyorsunuz. Yeni bir yasa haz\u0131rl\u0131\u011f\u0131 da \u015fu anda g\u00fcndemde ve in\u015fallah Meclis&#8217;imizin takdirine bunlar sunulacak.&#8221; bilgisini payla\u015ft\u0131.<\/p>\n<h3>&#8220;21 y\u0131ldan bu yana en \u00f6nem verdi\u011fimiz konu adalet&#8221;<\/h3>\n<p>Adalet Bakan\u0131 Tun\u00e7, 21 y\u0131ldan bu yana insan\u0131 merkeze alan bir politika izlediklerini, bundan sonra da &#8220;\u00f6nce insan&#8221; demeye devam edeceklerini ifade etti.<\/p>\n<p>Bakan Tun\u00e7, &#8220;\u0130nsan\u0131 ya\u015fat ki devlet ya\u015fas\u0131n demeye devam edece\u011fiz. Bunu sadece parti program\u0131m\u0131za yazmakla kalmad\u0131k. Bug\u00fcne kadar insan\u0131m\u0131z\u0131 e\u011fitimden sa\u011fl\u0131\u011fa, k\u00fclt\u00fcrden, sosyal politikalara var\u0131ncaya kadar onlar\u0131n refah\u0131n\u0131 art\u0131rmak i\u00e7in, insan\u0131 g\u00fc\u00e7lendirmek i\u00e7in \u00e7ok \u00e7al\u0131\u015ft\u0131k Cumhurba\u015fkan\u0131m\u0131z Say\u0131n Recep Tayyip Erdo\u011fan&#8217;\u0131n liderli\u011finde ve bundan sonra da yine insan\u0131 g\u00fc\u00e7lendirecek politikalara devam edece\u011fiz.&#8221; ifadelerini kulland\u0131.<\/p>\n<p>Reformlar\u0131 ger\u00e7ekle\u015ftirmenin yolunun adaletten ge\u00e7ti\u011fini dile getiren Tun\u00e7, &#8220;Y\u00fcksek standartl\u0131 demokrasi ve hukuk g\u00fcvenli\u011fi. Bunu \u00f6nemsiyoruz. Sadece bug\u00fcn i\u00e7in de\u011fil 21 y\u0131ldan bu yana en \u00f6nem verdi\u011fimiz konu adalet.&#8221; dedi.<\/p>\n<p>Baz\u0131 yarg\u0131 kararlar\u0131ndan yola \u00e7\u0131karak adaletle ilgili birtak\u0131m ele\u015ftirilerde bulunuldu\u011funu dile getiren Tun\u00e7, yarg\u0131n\u0131n vatanda\u015flar\u0131 ma\u011fdur eden bir mekanizma oldu\u011fu \u015feklinde yanl\u0131\u015f yorumlara gidildi\u011fini s\u00f6yledi.<\/p>\n<p>Yarg\u0131ya g\u00fcven endeksiyle ilgili baz\u0131 raporlar\u0131n \u00f6ne s\u00fcr\u00fcld\u00fc\u011f\u00fcn\u00fc ifade eden Tun\u00e7, s\u00f6zlerini \u015f\u00f6yle s\u00fcrd\u00fcrd\u00fc:<\/p>\n<p>&#8220;O g\u00fcven endeksine bakt\u0131\u011f\u0131m\u0131z zaman demokrasi olmayan, yarg\u0131s\u0131 ba\u011f\u0131ms\u0131z olmayan, serbest se\u00e7imlerin olmad\u0131\u011f\u0131 \u00fclkelerin T\u00fcrkiye&#8217;nin \u00fczerinde g\u00f6sterilmesi bir kere o endekslerin g\u00fcvenilir olmad\u0131\u011f\u0131n\u0131 g\u00f6steriyor. Yani biz kendi endeksimize bak\u0131yoruz ve in\u015fallah adalet alan\u0131nda da adalete g\u00fcvenin daha y\u00fckseklere \u00e7\u0131kar\u0131lmas\u0131 anlam\u0131nda da yarg\u0131n\u0131n daha adil, daha etkin, daha h\u0131zl\u0131 i\u015flemesi anlam\u0131nda \u00e7al\u0131\u015fmalar\u0131m\u0131z\u0131 hem mevzuat anlam\u0131nda hem uygulama anlam\u0131nda kesintisiz s\u00fcrd\u00fcrece\u011fiz.&#8221;<\/p>\n<p>Konu\u015fmas\u0131nda hukuki g\u00fcvenli\u011fin \u00f6nemine de\u011finen Tun\u00e7, bunun \u00f6zellikle yat\u0131r\u0131mc\u0131lar i\u00e7in \u00f6nemli oldu\u011funu s\u00f6yledi.<\/p>\n<p>Bakan Tun\u00e7, &#8220;\u00d6zellikle ticari uyu\u015fmazl\u0131klarda hem ihtisas mahkemelerinin say\u0131s\u0131n\u0131 artt\u0131rarak hem de dostane, bar\u0131\u015f\u00e7\u0131l \u00e7\u00f6z\u00fcm y\u00f6ntemlerinin daha da geli\u015ftirilmesi anlam\u0131nda \u00e7al\u0131\u015fmalar\u0131m\u0131z olacak. Hukukun \u00fcst\u00fcnl\u00fc\u011f\u00fc demeye devam edece\u011fiz, insan haklar\u0131 demeye devam edece\u011fiz. Demokrasi y\u00fcksek standartl\u0131 demokrasi demeye devam edece\u011fiz.&#8221; \u015feklinde konu\u015ftu.<\/p>\n<h3>&#8220;Mevcut i\u00e7 t\u00fcz\u00fck h\u00fck\u00fcmleriyle yeni bir anayasa yap\u0131lmas\u0131 m\u00fcmk\u00fcn olmaz&#8221;<\/h3>\n<p>Adalet Bakan\u0131 Tun\u00e7, son y\u0131llarda demokratik hukuk devleti ilkesini g\u00fc\u00e7lendiren reformlar\u0131n hayata ge\u00e7ti\u011fini, Anayasa&#8217;da da de\u011fi\u015fiklikler yap\u0131ld\u0131\u011f\u0131n\u0131 an\u0131msatt\u0131.<\/p>\n<p>Anayasa&#8217;daki son d\u00f6nemde yerini alan de\u011fi\u015fikli\u011fin h\u00fck\u00fcmet sistemi de\u011fi\u015fikli\u011fi oldu\u011funu aktaran Tun\u00e7, &#8220;Halk\u0131n do\u011frudan do\u011fruya y\u00fcr\u00fctmeyi belirledi\u011fi, dolayl\u0131 demokrasi yerine do\u011frudan demokrasiye ge\u00e7ti\u011fimiz Cumhuriyet rejimini daha da g\u00fc\u00e7lendiren bir y\u00f6netim sistemine ad\u0131m att\u0131k.&#8221; dedi.<\/p>\n<p>Anayasa&#8217;daki reformlar\u0131n vesayet\u00e7i ruhu tamamen ortadan kald\u0131ramad\u0131\u011f\u0131n\u0131 ifade eden Tun\u00e7, yeni bir anayasaya ihtiya\u00e7 bulundu\u011funu, mevcut Anayasa&#8217;n\u0131n &#8220;yamal\u0131 boh\u00e7aya&#8221; d\u00f6nd\u00fc\u011f\u00fcn\u00fc s\u00f6yledi.<\/p>\n<p>Y\u0131lmaz Tun\u00e7, T\u00fcrkiye&#8217;nin darbeciler taraf\u0131ndan yap\u0131lan bir anayasa ile y\u00f6netildi\u011fini belirterek, T\u00fcrkiye B\u00fcy\u00fck Millet Meclisi Ba\u015fkan\u0131 Numan Kurtulmu\u015f&#8217;un bu konuda siyasi partilerle g\u00f6r\u00fc\u015fmeye ba\u015flad\u0131\u011f\u0131n\u0131 an\u0131msatt\u0131.<\/p>\n<p>Anayasa yap\u0131m\u0131 i\u00e7in Mecliste uzla\u015fma vurgusu yapan Tun\u00e7, \u015funlar\u0131 kaydetti:<\/p>\n<p>&#8220;\u0130n\u015fallah Mecliste tabii ki bir uzla\u015fmayla ger\u00e7ekle\u015fir anayasa yap\u0131m\u0131. Anayasa bir toplumsal s\u00f6zle\u015fmedir. Sadece parlamentodaki siyasi partilerin de\u011fil, t\u00fcm sivil toplum kurulu\u015flar\u0131n\u0131n g\u00f6r\u00fc\u015flerini yans\u0131tmas\u0131, halk\u0131n toplumun taleplerini yans\u0131tmas\u0131 gerekir. Temel insan haklar\u0131, \u00f6zg\u00fcrl\u00fckleri \u00f6ne alan devletin g\u00f6revlerini belirleyen bir metni in\u015fallah ortaya \u00e7\u0131karmak, ba\u015farmak \u00fclkemize nasip olur. Parlamentodaki grubu bulunan partiler, tabii \u00f6ncelikle uzla\u015fma noktas\u0131nda bir mutabakata var\u0131lmas\u0131 laz\u0131m.<\/p>\n<p>Mevcut i\u00e7 t\u00fcz\u00fck h\u00fck\u00fcmleriyle yeni bir anayasa yap\u0131lmas\u0131 hepinizin malumu, m\u00fcmk\u00fcn olmaz. Hem i\u00e7 t\u00fcz\u00fck de\u011fi\u015fikli\u011fi d\u00fc\u015f\u00fcn\u00fclebilir hem de \u00f6zellikle yeni bir anayasa yap\u0131m\u0131yla ilgili olarak siyasi partilerin de g\u00f6r\u00fc\u015f\u00fc al\u0131narak, bu anlamda bir usul de belirlenmesi gerekir. Yani usul belirlenmezse usul esas\u0131n yar\u0131s\u0131d\u0131r. Usul esasa mukaddemdir. Usul esastan \u00f6nce gelir. Dolay\u0131s\u0131yla usul\u00fcn belirlenmesi laz\u0131m. Usul noktas\u0131nda da parlamentodaki partilerimizin g\u00f6r\u00fc\u015fleri \u00f6nemli. Meclis Ba\u015fkan\u0131m\u0131z bu konudaki \u00e7al\u0131\u015fmalar\u0131 ba\u015flatt\u0131 ve in\u015fallah usul\u00fcn belirlenmesi sonras\u0131nda da bir uzla\u015fmaya var\u0131labilirse yeni y\u00fczy\u0131la ba\u015flarken d\u00fcnyaya &#8216;T\u00fcrkiye Y\u00fczy\u0131l\u0131&#8217; damgas\u0131n\u0131 vuracaksak bir kere en ba\u015fta ba\u011fl\u0131 oldu\u011fumuz metin Anayasa, Anayasam\u0131z\u0131n demokratik olmas\u0131 laz\u0131m. Bu anlamada da partilerimizin sorumlu davranacaklar\u0131na, millete olan bu bor\u00e7lar\u0131n\u0131n fark\u0131nda olarak bir uzla\u015fmaya varacaklar\u0131na ben inan\u0131yorum. \u0130n\u015fallah bunu ger\u00e7ekle\u015ftiririz.&#8221;<\/p>\n<p>                            <span class=\"detay-foto-editor\">&#13;<br \/>\n                                <a href=\"https:\/\/www.aa.com.tr\/tr\/p\/abonelik-talep-formu\/1001\" target=\"_blank\" style=\"font-size:12px; color:#444; text-decoration:none;\" rel=\"noopener\">&#13;<br \/>\n                                    Anadolu Ajans\u0131 web sitesinde, AA Haber Ak\u0131\u015f Sistemi (HAS) \u00fczerinden abonelere sunulan haberler, \u00f6zetlenerek yay\u0131mlanmaktad\u0131r. <b style=\"color:#1897F7\">Abonelik i\u00e7in l\u00fctfen ileti\u015fime ge\u00e7iniz.<\/b>&#13;<br \/>\n                                <\/a>&#13;<br \/>\n                            <\/span>\n                        <\/div>\n<p><script>\n\t  window.fbAsyncInit = function() {\n\t\tFB.init({\n\t\t  appId: '1855843514662870',\n\t\t  status : true, \/\/ check login status\n\t\t  cookie : true, \/\/ enable cookies to allow the server to access the session\n\t\t  xfbml  : true  \/\/ parse XFBML\n\t\t});\n\t  };<\/p>\n<p>\t  (function() {\n\t\tvar e = document.createElement('script');\n\t\te.src=\"https:\/\/connect.facebook.net\/tr_TR\/all.js\";\n\t\te.async = true;\n\t\tdocument.getElementById('fb-root').appendChild(e);\n\t  }());\n    <\/script><\/p>\n","protected":false},"excerpt":{"rendered":"<p>Bas\u0131n kurulu\u015flar\u0131n\u0131n Ankara temsilcileriyle G\u00f6lba\u015f\u0131 Hakimevi&#8217;nde bir araya gelen Adalet Bakan\u0131 Y\u0131lmaz Tun\u00e7, T\u00fcrkiye Cumhuriyeti&#8217;nin y\u00fcz\u00fcnc\u00fc y\u0131l\u0131n\u0131n geride b\u0131rak\u0131lmak \u00fczere oldu\u011funu, T\u00fcrkiye&#8217;nin 2 bin y\u0131ll\u0131k bir devlet gelene\u011fine, y\u00fcz y\u0131ll\u0131k da cumhuriyet deneyimine sahip oldu\u011funu ifade etti. Cumhuriyet d\u00f6neminin son 21 y\u0131l\u0131nda T\u00fcrkiye&#8217;nin reform s\u00fcrecinin mevzuat\u0131n yenilenmesi, Anayasa&#8217;da yap\u0131lan de\u011fi\u015fiklikler sayesinde Cumhuriyetin demokrasiyle ta\u00e7land\u0131racak ad\u0131mlara [&hellip;]<\/p>\n","protected":false},"author":1,"featured_media":16365,"comment_status":"","ping_status":"","sticky":false,"template":"","format":"standard","meta":[],"categories":[47],"tags":[],"_links":{"self":[{"href":"https:\/\/kraios.app\/news\/wp-json\/wp\/v2\/posts\/16364"}],"collection":[{"href":"https:\/\/kraios.app\/news\/wp-json\/wp\/v2\/posts"}],"about":[{"href":"https:\/\/kraios.app\/news\/wp-json\/wp\/v2\/types\/post"}],"author":[{"embeddable":true,"href":"https:\/\/kraios.app\/news\/wp-json\/wp\/v2\/users\/1"}],"replies":[{"embeddable":true,"href":"https:\/\/kraios.app\/news\/wp-json\/wp\/v2\/comments?post=16364"}],"version-history":[{"count":0,"href":"https:\/\/kraios.app\/news\/wp-json\/wp\/v2\/posts\/16364\/revisions"}],"wp:featuredmedia":[{"embeddable":true,"href":"https:\/\/kraios.app\/news\/wp-json\/wp\/v2\/media\/16365"}],"wp:attachment":[{"href":"https:\/\/kraios.app\/news\/wp-json\/wp\/v2\/media?parent=16364"}],"wp:term":[{"taxonomy":"category","embeddable":true,"href":"https:\/\/kraios.app\/news\/wp-json\/wp\/v2\/categories?post=16364"},{"taxonomy":"post_tag","embeddable":true,"href":"https:\/\/kraios.app\/news\/wp-json\/wp\/v2\/tags?post=16364"}],"curies":[{"name":"wp","href":"https:\/\/api.w.org\/{rel}","templated":true}]}}