{"id":16360,"date":"2023-10-07T02:42:24","date_gmt":"2023-10-07T02:42:24","guid":{"rendered":"https:\/\/kraios.app\/news\/spor\/2023\/10\/07\/uefa-avrupa-konferans-liginde-haftanin-golu-besiktasli-aboubakardan\/"},"modified":"2023-10-07T02:42:24","modified_gmt":"2023-10-07T02:42:24","slug":"uefa-avrupa-konferans-liginde-haftanin-golu-besiktasli-aboubakardan","status":"publish","type":"post","link":"https:\/\/kraios.app\/news\/spor\/2023\/10\/07\/uefa-avrupa-konferans-liginde-haftanin-golu-besiktasli-aboubakardan\/","title":{"rendered":"UEFA Avrupa Konferans Ligi&#039;nde haftan\u0131n gol\u00fc Be\u015fikta\u015fl\u0131 Aboubakar&#039;dan"},"content":{"rendered":"<p>Be\u015fikta\u015f&#8217;\u0131n y\u0131ld\u0131z oyuncusu Vincent Aboubakar&#8217;\u0131n \u0130svi\u00e7re ekibi Lugano&#8217;ya att\u0131\u011f\u0131 kafa gol\u00fc, UEFA Avrupa Konferans Ligi&#8217;nde haftan\u0131n en iyisi se\u00e7ildi.<\/p>\n","protected":false},"excerpt":{"rendered":"<p>Be\u015fikta\u015f&#8217;\u0131n y\u0131ld\u0131z oyuncusu Vincent Aboubakar&#8217;\u0131n \u0130svi\u00e7re ekibi Lugano&#8217;ya att\u0131\u011f\u0131 kafa gol\u00fc, UEFA Avrupa Konferans Ligi&#8217;nde haftan\u0131n en iyisi se\u00e7ildi.<\/p>\n","protected":false},"author":1,"featured_media":16361,"comment_status":"","ping_status":"","sticky":false,"template":"","format":"standard","meta":[],"categories":[48],"tags":[],"_links":{"self":[{"href":"https:\/\/kraios.app\/news\/wp-json\/wp\/v2\/posts\/16360"}],"collection":[{"href":"https:\/\/kraios.app\/news\/wp-json\/wp\/v2\/posts"}],"about":[{"href":"https:\/\/kraios.app\/news\/wp-json\/wp\/v2\/types\/post"}],"author":[{"embeddable":true,"href":"https:\/\/kraios.app\/news\/wp-json\/wp\/v2\/users\/1"}],"replies":[{"embeddable":true,"href":"https:\/\/kraios.app\/news\/wp-json\/wp\/v2\/comments?post=16360"}],"version-history":[{"count":0,"href":"https:\/\/kraios.app\/news\/wp-json\/wp\/v2\/posts\/16360\/revisions"}],"wp:featuredmedia":[{"embeddable":true,"href":"https:\/\/kraios.app\/news\/wp-json\/wp\/v2\/media\/16361"}],"wp:attachment":[{"href":"https:\/\/kraios.app\/news\/wp-json\/wp\/v2\/media?parent=16360"}],"wp:term":[{"taxonomy":"category","embeddable":true,"href":"https:\/\/kraios.app\/news\/wp-json\/wp\/v2\/categories?post=16360"},{"taxonomy":"post_tag","embeddable":true,"href":"https:\/\/kraios.app\/news\/wp-json\/wp\/v2\/tags?post=16360"}],"curies":[{"name":"wp","href":"https:\/\/api.w.org\/{rel}","templated":true}]}}