{"id":16349,"date":"2023-10-07T01:21:44","date_gmt":"2023-10-07T01:21:44","guid":{"rendered":"https:\/\/kraios.app\/news\/yasam\/2023\/10\/07\/eskisehirde-66-yasinda-universiteli-olan-isitme-engelli-ogrenci-seramik-egitimi-aliyor\/"},"modified":"2023-10-07T01:21:44","modified_gmt":"2023-10-07T01:21:44","slug":"eskisehirde-66-yasinda-universiteli-olan-isitme-engelli-ogrenci-seramik-egitimi-aliyor","status":"publish","type":"post","link":"https:\/\/kraios.app\/news\/yasam\/2023\/10\/07\/eskisehirde-66-yasinda-universiteli-olan-isitme-engelli-ogrenci-seramik-egitimi-aliyor\/","title":{"rendered":"Eski\u015fehir&#8217;de 66 ya\u015f\u0131nda \u00fcniversiteli olan i\u015fitme engelli \u00f6\u011frenci seramik e\u011fitimi al\u0131yor"},"content":{"rendered":"<p><\/p>\n<div>\n<p>Uzun y\u0131llar restoran ve giyim ma\u011fazas\u0131 i\u015fletmecili\u011fi yapt\u0131ktan sonra 2005&#8217;te emekliye ayr\u0131lan y\u00fczde 55 i\u015fitme engelli Bilici, 3 sene \u00f6nce Anadolu \u00dcniversitesinin 60 ya\u015f \u00fcst\u00fc bireylere hitap eden &#8220;Tazelenme \u00dcniversitesi&#8221; program\u0131na kaydoldu.<\/p>\n<p>Evli ve bir \u00e7ocuk babas\u0131 Bilici hem kendisini denemek hem de iyi bir puan al\u0131rsa &#8220;Tazelenme \u00dcniversitesi&#8221;nin yan\u0131nda ba\u015fka bir b\u00f6l\u00fcm okumak amac\u0131yla bu y\u0131l Y\u00fcksek\u00f6\u011fretim Kurumlar\u0131 S\u0131nav\u0131&#8217;na (YKS) kat\u0131ld\u0131.<\/p>\n<p><img decoding=\"async\" alt=\"\" src=\"https:\/\/www.aa.com.tr\/uploads\/userFiles\/54a427bf-71c5-4e63-a83d-6196709e92a3\/009_2023%2F003_2023%2F26_Ekim%2F12%2F20231006_2_60563948_93394121.jpg\"\/><\/p>\n<p>S\u0131navda ba\u015far\u0131l\u0131 olan Bilici, \u00e7evresindekilerin de te\u015fvikiyle seramik sanat\u0131n\u0131 \u00f6\u011frenmeye karar vererek ayn\u0131 \u00fcniversitenin Engelliler Entegre Y\u00fcksekokulunca d\u00fczenlenen &#8220;Seramik Ana Sanat Dal\u0131 Program\u0131&#8221; yetenek s\u0131navlar\u0131na girdi.<\/p>\n<p>Yetenek s\u0131navlar\u0131n\u0131 birincilikle tamamlayan Bilici, 4 y\u0131ll\u0131k e\u011fitim veren program\u0131 tamamlay\u0131p torunuyla seramik at\u00f6lyesi a\u00e7may\u0131 planl\u0131yor.<\/p>\n<p><img decoding=\"async\" alt=\"\" src=\"https:\/\/www.aa.com.tr\/uploads\/userFiles\/54a427bf-71c5-4e63-a83d-6196709e92a3\/009_2023%2F003_2023%2F26_Ekim%2F12%2F20231006_2_60563948_93394122.jpg\"\/><\/p>\n<p>Kulak i\u00e7i i\u015fitme cihaz\u0131 kullanan Halil \u0130brahim Bilici, AA muhabirine, Tazelenme \u00dcniversitesi i\u00e7in kay\u0131t yenileme yaparken seramik ile grafik programlar\u0131 i\u00e7in aranan \u015fartlar\u0131 ta\u015f\u0131d\u0131\u011f\u0131n\u0131 fark etti\u011fini s\u00f6yledi.<\/p>\n<p>Okula gelip Engelliler Entegre Y\u00fcksekokulu M\u00fcd\u00fcr\u00fc Do\u00e7. Dr. Zehranur Kaya ile tan\u0131\u015ft\u0131\u011f\u0131n\u0131, \u00e7ok s\u0131cak kar\u015f\u0131land\u0131\u011f\u0131n\u0131 belirten Bilici, &#8220;Ba\u015flama nedenlerimden biri de buradaki akademik kadronun benim gibi tecr\u00fcbeli bir \u00f6\u011frenciyi sevgiyle kucaklamalar\u0131. \u0130\u015fitme engelli \u00f6\u011frenciler i\u00e7in olu\u015fturulmu\u015f bu program bana da nasip oldu. Hem akademik e\u011fitimimi tamamlayaca\u011f\u0131m hem de seramik sanat\u0131n\u0131 \u00f6\u011frenmi\u015f olaca\u011f\u0131m. Hocalar\u0131m da bana her t\u00fcrl\u00fc deste\u011fi vereceklerini s\u00f6ylediler.&#8221; dedi.<\/p>\n<p><img decoding=\"async\" alt=\"\" src=\"https:\/\/www.aa.com.tr\/uploads\/userFiles\/54a427bf-71c5-4e63-a83d-6196709e92a3\/009_2023%2F003_2023%2F26_Ekim%2F12%2F20231006_2_60563948_93394124.jpg\"\/><\/p>\n<p>Bilici, e\u011fitimin ya\u015f\u0131n\u0131n olmad\u0131\u011f\u0131n\u0131, seramik sanat\u0131n\u0131n her ya\u015fta yap\u0131labilece\u011fini vurgulad\u0131.<\/p>\n<p>Seramik sanat\u0131n\u0131 keyifle yapaca\u011f\u0131na inand\u0131\u011f\u0131n\u0131 anlatan Bilici, &#8220;O\u011flum, Anadolu \u00dcniversitesinde \u0130\u015fitme Engelli \u00c7ocuklar E\u011fitim, Ara\u015ft\u0131rma ve Uygulama Merkezi kuruldu\u011funda orada engelsiz \u00f6\u011frencilerin de e\u011fitim g\u00f6rd\u00fc\u011f\u00fc bir s\u0131n\u0131fta \u00f6\u011frenimine ba\u015flam\u0131\u015ft\u0131. \u0130\u015fitme engellilerin ya\u015fad\u0131klar\u0131n\u0131 anlayan birisi olarak o\u011flum, &#8216;Bir yabanc\u0131 dil gibi i\u015faret dilini \u00f6\u011freneceksin. Bu da sana b\u00fcy\u00fck keyif verecek&#8217; dedi. M\u00fckemmel bir i\u015f yapt\u0131\u011f\u0131m\u0131, buradaki \u00e7ocuklara rol model olmam\u0131 s\u00f6yledi.&#8221; diye konu\u015ftu.<\/p>\n<p><img decoding=\"async\" alt=\"\" src=\"https:\/\/www.aa.com.tr\/uploads\/userFiles\/54a427bf-71c5-4e63-a83d-6196709e92a3\/009_2023%2F003_2023%2F26_Ekim%2F12%2F20231006_2_60563948_93394125.jpg\"\/><\/p>\n<h3>&#8220;Gurur duyuyoruz&#8221;<\/h3>\n<p>Y\u00fcksekokul M\u00fcd\u00fcr\u00fc Do\u00e7. Dr. Kaya ise 1993-1994 akademik y\u0131l\u0131nda kurulan y\u00fcksekokulun bu sene 30&#8217;uncu y\u0131l\u0131n\u0131 kutlad\u0131klar\u0131n\u0131, kurulu\u015ftan bu yana 650&#8217;den fazla mezun verdiklerini dile getirdi.<\/p>\n<p>\u0130\u015fitme engellilerin, i\u015f d\u00fcnyas\u0131nda g\u00fczel \u00e7al\u0131\u015fmalar yapmalar\u0131n\u0131 sa\u011flad\u0131klar\u0131n\u0131 kaydeden Kaya, \u015fu ifadeleri kulland\u0131:<\/p>\n<p>&#8220;Halil \u0130brahim Bey, bize ba\u015fvurdu\u011funda kriterlerimizi kar\u015f\u0131lad\u0131\u011f\u0131n\u0131 g\u00f6rd\u00fck. Yetenek s\u0131navlar\u0131nda da ba\u015far\u0131l\u0131 oldu ve birincilikle okulumuza yerle\u015fti. Biz de bununla gurur duyuyoruz. Her ya\u015fa hitap etmemiz ve her \u00f6\u011frencinin bizi tercih edebiliyor olmas\u0131 \u00e7ok de\u011ferli bir \u015fey. Halil \u0130brahim Bey&#8217;in burada olmas\u0131, \u00fcniversite e\u011fitimi almak isteyen di\u011fer i\u015fitme engelli bireylere \u00f6rnek olacakt\u0131r.&#8221;<\/p>\n<p><img decoding=\"async\" alt=\"\" src=\"https:\/\/www.aa.com.tr\/uploads\/userFiles\/54a427bf-71c5-4e63-a83d-6196709e92a3\/009_2023%2F003_2023%2F26_Ekim%2F12%2F20231006_2_60563948_93394126.jpg\"\/><\/p>\n<p>Seramik Ana Sanat Dal\u0131 B\u00f6l\u00fcm Ba\u015fkan\u0131 Prof. Dilek Alkan \u00d6zdemir de Bilici&#8217;nin aralar\u0131nda olmas\u0131ndan mutluluk duyduklar\u0131n\u0131, ya\u015f\u0131 ve tecr\u00fcbeleriyle \u00f6\u011frenciler aras\u0131nda fark\u0131ndal\u0131k yarataca\u011f\u0131na inand\u0131klar\u0131n\u0131 ifade etti.<\/p>\n<p>\u00d6zdemir, &#8220;\u0130lk defa bu ya\u015fta bir \u00f6\u011frencimiz bize geliyor. Kendisi, ayr\u0131ca b\u00f6l\u00fcm\u00fcm\u00fcze ilk s\u0131rada yerle\u015fti. Bundan da gurur duyduk. Bu durum, seramik sanat\u0131n\u0131n s\u00fcrd\u00fcr\u00fclebilir oldu\u011funa g\u00f6steriyor. Halil \u0130brahim Bey gibi \u00f6\u011frencilerimizin \u00e7o\u011falmas\u0131n\u0131 bekliyoruz.&#8221; de\u011ferlendirmesinde bulundu.<\/p>\n<p>                            <span class=\"detay-foto-editor\">&#13;<br \/>\n                                <a href=\"https:\/\/www.aa.com.tr\/tr\/p\/abonelik-talep-formu\/1001\" target=\"_blank\" style=\"font-size:12px; color:#444; text-decoration:none;\" rel=\"noopener\">&#13;<br \/>\n                                    Anadolu Ajans\u0131 web sitesinde, AA Haber Ak\u0131\u015f Sistemi (HAS) \u00fczerinden abonelere sunulan haberler, \u00f6zetlenerek yay\u0131mlanmaktad\u0131r. <b style=\"color:#1897F7\">Abonelik i\u00e7in l\u00fctfen ileti\u015fime ge\u00e7iniz.<\/b>&#13;<br \/>\n                                <\/a>&#13;<br \/>\n                            <\/span>\n                        <\/div>\n<p><script>\n\t  window.fbAsyncInit = function() {\n\t\tFB.init({\n\t\t  appId: '1855843514662870',\n\t\t  status : true, \/\/ check login status\n\t\t  cookie : true, \/\/ enable cookies to allow the server to access the session\n\t\t  xfbml  : true  \/\/ parse XFBML\n\t\t});\n\t  };<\/p>\n<p>\t  (function() {\n\t\tvar e = document.createElement('script');\n\t\te.src=\"https:\/\/connect.facebook.net\/tr_TR\/all.js\";\n\t\te.async = true;\n\t\tdocument.getElementById('fb-root').appendChild(e);\n\t  }());\n    <\/script><\/p>\n","protected":false},"excerpt":{"rendered":"<p>Uzun y\u0131llar restoran ve giyim ma\u011fazas\u0131 i\u015fletmecili\u011fi yapt\u0131ktan sonra 2005&#8217;te emekliye ayr\u0131lan y\u00fczde 55 i\u015fitme engelli Bilici, 3 sene \u00f6nce Anadolu \u00dcniversitesinin 60 ya\u015f \u00fcst\u00fc bireylere hitap eden &#8220;Tazelenme \u00dcniversitesi&#8221; program\u0131na kaydoldu. Evli ve bir \u00e7ocuk babas\u0131 Bilici hem kendisini denemek hem de iyi bir puan al\u0131rsa &#8220;Tazelenme \u00dcniversitesi&#8221;nin yan\u0131nda ba\u015fka bir b\u00f6l\u00fcm okumak amac\u0131yla [&hellip;]<\/p>\n","protected":false},"author":1,"featured_media":16350,"comment_status":"","ping_status":"","sticky":false,"template":"","format":"standard","meta":[],"categories":[50],"tags":[],"_links":{"self":[{"href":"https:\/\/kraios.app\/news\/wp-json\/wp\/v2\/posts\/16349"}],"collection":[{"href":"https:\/\/kraios.app\/news\/wp-json\/wp\/v2\/posts"}],"about":[{"href":"https:\/\/kraios.app\/news\/wp-json\/wp\/v2\/types\/post"}],"author":[{"embeddable":true,"href":"https:\/\/kraios.app\/news\/wp-json\/wp\/v2\/users\/1"}],"replies":[{"embeddable":true,"href":"https:\/\/kraios.app\/news\/wp-json\/wp\/v2\/comments?post=16349"}],"version-history":[{"count":0,"href":"https:\/\/kraios.app\/news\/wp-json\/wp\/v2\/posts\/16349\/revisions"}],"wp:featuredmedia":[{"embeddable":true,"href":"https:\/\/kraios.app\/news\/wp-json\/wp\/v2\/media\/16350"}],"wp:attachment":[{"href":"https:\/\/kraios.app\/news\/wp-json\/wp\/v2\/media?parent=16349"}],"wp:term":[{"taxonomy":"category","embeddable":true,"href":"https:\/\/kraios.app\/news\/wp-json\/wp\/v2\/categories?post=16349"},{"taxonomy":"post_tag","embeddable":true,"href":"https:\/\/kraios.app\/news\/wp-json\/wp\/v2\/tags?post=16349"}],"curies":[{"name":"wp","href":"https:\/\/api.w.org\/{rel}","templated":true}]}}