{"id":16341,"date":"2023-10-07T00:41:32","date_gmt":"2023-10-07T00:41:32","guid":{"rendered":"https:\/\/kraios.app\/news\/spor\/2023\/10\/07\/fenerbahce-kulubu-baskani-ali-koc-pfdkye-sevk-edildi-2\/"},"modified":"2023-10-07T00:41:32","modified_gmt":"2023-10-07T00:41:32","slug":"fenerbahce-kulubu-baskani-ali-koc-pfdkye-sevk-edildi-2","status":"publish","type":"post","link":"https:\/\/kraios.app\/news\/spor\/2023\/10\/07\/fenerbahce-kulubu-baskani-ali-koc-pfdkye-sevk-edildi-2\/","title":{"rendered":"Fenerbah\u00e7e Kul\u00fcb\u00fc Ba\u015fkan\u0131 Ali Ko\u00e7 PFDK&#039;ye sevk edildi"},"content":{"rendered":"<p>TFF Hukuk M\u00fc\u015favirli\u011fi, Fenerbah\u00e7e Kul\u00fcb\u00fc Ba\u015fkan\u0131 Ali Ko\u00e7&#8217;u Profesyonel Futbol Disiplin Kuruluna (PFDK) sevk etti.<\/p>\n","protected":false},"excerpt":{"rendered":"<p>TFF Hukuk M\u00fc\u015favirli\u011fi, Fenerbah\u00e7e Kul\u00fcb\u00fc Ba\u015fkan\u0131 Ali Ko\u00e7&#8217;u Profesyonel Futbol Disiplin Kuruluna (PFDK) sevk etti.<\/p>\n","protected":false},"author":1,"featured_media":16342,"comment_status":"","ping_status":"","sticky":false,"template":"","format":"standard","meta":[],"categories":[48],"tags":[],"_links":{"self":[{"href":"https:\/\/kraios.app\/news\/wp-json\/wp\/v2\/posts\/16341"}],"collection":[{"href":"https:\/\/kraios.app\/news\/wp-json\/wp\/v2\/posts"}],"about":[{"href":"https:\/\/kraios.app\/news\/wp-json\/wp\/v2\/types\/post"}],"author":[{"embeddable":true,"href":"https:\/\/kraios.app\/news\/wp-json\/wp\/v2\/users\/1"}],"replies":[{"embeddable":true,"href":"https:\/\/kraios.app\/news\/wp-json\/wp\/v2\/comments?post=16341"}],"version-history":[{"count":0,"href":"https:\/\/kraios.app\/news\/wp-json\/wp\/v2\/posts\/16341\/revisions"}],"wp:featuredmedia":[{"embeddable":true,"href":"https:\/\/kraios.app\/news\/wp-json\/wp\/v2\/media\/16342"}],"wp:attachment":[{"href":"https:\/\/kraios.app\/news\/wp-json\/wp\/v2\/media?parent=16341"}],"wp:term":[{"taxonomy":"category","embeddable":true,"href":"https:\/\/kraios.app\/news\/wp-json\/wp\/v2\/categories?post=16341"},{"taxonomy":"post_tag","embeddable":true,"href":"https:\/\/kraios.app\/news\/wp-json\/wp\/v2\/tags?post=16341"}],"curies":[{"name":"wp","href":"https:\/\/api.w.org\/{rel}","templated":true}]}}