{"id":16333,"date":"2023-10-07T00:05:55","date_gmt":"2023-10-07T00:05:55","guid":{"rendered":"https:\/\/kraios.app\/news\/ekonomi\/2023\/10\/07\/ispartada-ureticiler-elma-hasadi-mesaisinde\/"},"modified":"2023-10-07T00:05:55","modified_gmt":"2023-10-07T00:05:55","slug":"ispartada-ureticiler-elma-hasadi-mesaisinde","status":"publish","type":"post","link":"https:\/\/kraios.app\/news\/ekonomi\/2023\/10\/07\/ispartada-ureticiler-elma-hasadi-mesaisinde\/","title":{"rendered":"Isparta&#039;da \u00fcreticiler elma hasad\u0131 mesaisinde"},"content":{"rendered":"<p> <br \/>\n<br \/>Co\u011frafi i\u015faretle tescillenen Isparta elmas\u0131nda, bu y\u0131l 1 milyon tonun \u00fczerinde rekolte bekleniyor.<br \/>\n<br \/><br \/>\n<br \/><a href=\"https:\/\/www.aa.com.tr\/tr\/ekonomi\/ispartada-ureticiler-elma-hasadi-mesaisinde\/3009619\">Source link <\/a><\/p>\n","protected":false},"excerpt":{"rendered":"<p>Co\u011frafi i\u015faretle tescillenen Isparta elmas\u0131nda, bu y\u0131l 1 milyon tonun \u00fczerinde rekolte bekleniyor. Source link<\/p>\n","protected":false},"author":1,"featured_media":16334,"comment_status":"","ping_status":"","sticky":false,"template":"","format":"standard","meta":[],"categories":[44],"tags":[],"_links":{"self":[{"href":"https:\/\/kraios.app\/news\/wp-json\/wp\/v2\/posts\/16333"}],"collection":[{"href":"https:\/\/kraios.app\/news\/wp-json\/wp\/v2\/posts"}],"about":[{"href":"https:\/\/kraios.app\/news\/wp-json\/wp\/v2\/types\/post"}],"author":[{"embeddable":true,"href":"https:\/\/kraios.app\/news\/wp-json\/wp\/v2\/users\/1"}],"replies":[{"embeddable":true,"href":"https:\/\/kraios.app\/news\/wp-json\/wp\/v2\/comments?post=16333"}],"version-history":[{"count":0,"href":"https:\/\/kraios.app\/news\/wp-json\/wp\/v2\/posts\/16333\/revisions"}],"wp:featuredmedia":[{"embeddable":true,"href":"https:\/\/kraios.app\/news\/wp-json\/wp\/v2\/media\/16334"}],"wp:attachment":[{"href":"https:\/\/kraios.app\/news\/wp-json\/wp\/v2\/media?parent=16333"}],"wp:term":[{"taxonomy":"category","embeddable":true,"href":"https:\/\/kraios.app\/news\/wp-json\/wp\/v2\/categories?post=16333"},{"taxonomy":"post_tag","embeddable":true,"href":"https:\/\/kraios.app\/news\/wp-json\/wp\/v2\/tags?post=16333"}],"curies":[{"name":"wp","href":"https:\/\/api.w.org\/{rel}","templated":true}]}}