{"id":16331,"date":"2023-10-06T23:24:00","date_gmt":"2023-10-06T23:24:00","guid":{"rendered":"https:\/\/kraios.app\/news\/spor\/2023\/10\/06\/antalyaspor-trendyol-super-ligde-galatasarayi-puansiz-gonderme-pesinde\/"},"modified":"2023-10-06T23:24:00","modified_gmt":"2023-10-06T23:24:00","slug":"antalyaspor-trendyol-super-ligde-galatasarayi-puansiz-gonderme-pesinde","status":"publish","type":"post","link":"https:\/\/kraios.app\/news\/spor\/2023\/10\/06\/antalyaspor-trendyol-super-ligde-galatasarayi-puansiz-gonderme-pesinde\/","title":{"rendered":"Antalyaspor, Trendyol S\u00fcper Lig&#8217;de Galatasaray&#8217;\u0131 puans\u0131z g\u00f6nderme pe\u015finde"},"content":{"rendered":"<p><\/p>\n<div>\n<p>G\u00fclel, AA muhabirine yapt\u0131\u011f\u0131 a\u00e7\u0131klamada, sezon \u00f6ncesi en az be\u015f ma\u00e7 sabretmeleri gerekti\u011fini konu\u015ftuklar\u0131n\u0131 belirtti.<\/p>\n<p>Sonucun da b\u00f6yle oldu\u011funu aktaran G\u00fclel, ilk hafta Trabzonspor&#8217;a 1-0 ma\u011flup olduktan sonra s\u0131ras\u0131yla T\u00dcMOSAN Konyaspor, EMS Yap\u0131 Sivasspor ve Mondihome Kayserispor ile 1-1 berabere kald\u0131klar\u0131n\u0131 an\u0131msatt\u0131.<\/p>\n<p>G\u00fclel, Kad\u0131k\u00f6y&#8217;de y\u00fckseli\u015flerini g\u00f6stereceklerine inand\u0131\u011f\u0131n\u0131 ve ligin 5. haftas\u0131nda Fenerbah\u00e7e kar\u015f\u0131s\u0131nda iyi futbol sergilediklerini vurgulad\u0131.<\/p>\n<p>Ekibin kendisini yan\u0131ltmad\u0131\u011f\u0131n\u0131 dile getiren G\u00fclel, &#8220;Kad\u0131k\u00f6y&#8217;de Fenerbah\u00e7e y\u00f6neticilerine, &#8216;\u0130lk yar\u0131da Barcelona&#8217;yla oynad\u0131\u011f\u0131m\u0131z\u0131 d\u00fc\u015f\u00fcnd\u00fck. Nas\u0131l bir tak\u0131m kurdunuz?&#8217; dedirtecek ve Kad\u0131k\u00f6y&#8217;deki 50 bin ki\u015finin alk\u0131\u015flayaca\u011f\u0131 kadar iyi bir oyun \u00e7\u0131kartt\u0131k. \u015eanss\u0131zl\u0131klar ve bence biraz da hakem hatalar\u0131yla ma\u00e7\u0131 3-2 kaybettik. Sonra da y\u00fckseli\u015fimizi, futbolumuzu izliyorsunuz. Son iki ma\u00e7\u0131m\u0131z\u0131 Y\u0131lport Samsunspor ve \u0130stanbulspor&#8217;a kar\u015f\u0131 hem i\u00e7eride hem d\u0131\u015far\u0131da kazand\u0131k.&#8221; diye konu\u015ftu.<\/p>\n<h3>&#8220;Biz tamamen yar\u0131nki ma\u00e7a odakland\u0131k&#8221;<\/h3>\n<p>G\u00fclel, yar\u0131n Galatasaray&#8217;\u0131 konuk edecekleri ma\u00e7ta tak\u0131mlar\u0131na g\u00fcvendi\u011fini dile getirdi.<\/p>\n<p>Sar\u0131-k\u0131rm\u0131z\u0131lar\u0131 yar\u0131n Antalya&#8217;da a\u011f\u0131rlayacaklar\u0131n\u0131 kaydeden G\u00fclel, Galatasaray&#8217;\u0131 son olarak 2015-2016 sezonunun ikinci yar\u0131s\u0131nda 4-2 ma\u011flup etmeyi ba\u015fard\u0131klar\u0131n\u0131n an\u0131msat\u0131lmas\u0131 \u00fczerine, \u015funlar\u0131 s\u00f6yledi:<\/p>\n<p>&#8220;Denk b\u00fct\u00e7eyle iyi bir tak\u0131m kurduk. Bitexen Antalyaspor kiminle ma\u00e7 yaparsa yaps\u0131n, hi\u00e7bir tak\u0131m\u0131n kar\u015f\u0131m\u0131zda elini kolunu sallaya sallaya puan alabilece\u011fini d\u00fc\u015f\u00fcnm\u00fcyorum. Yar\u0131n da bunun bir \u00f6rne\u011fini ya\u015fayaca\u011f\u0131z diye \u00fcmit ediyorum. \u0130statistikler, ge\u00e7mi\u015f d\u00f6nemler, ge\u00e7mi\u015f tarihler \u00e7ok k\u0131ymetlidir, haf\u0131zad\u0131r ama ger\u00e7ekten biz hi\u00e7 \u00f6nemsemiyoruz. Antalyaspor&#8217;daki de\u011fi\u015fim ortada. \u0130nan\u0131lmaz bir havam\u0131z var. Tak\u0131m her \u015feyden \u00f6nce \u00e7ok kaliteli oyunculardan olu\u015fuyor. Hepsi \u00e7ok istekli, \u00e7ok h\u0131rsl\u0131. Y\u0131rt\u0131c\u0131 bir ekip haline geldik. Hocam\u0131z (Nuri \u015eahin) da T\u00fcrk futbolu i\u00e7in \u00e7ok b\u00fcy\u00fck kazan\u00e7. Hem geli\u015fiyor hem de\u011fi\u015fiyor hem de \u00e7ok g\u00fczel planlarla sahaya \u00e7\u0131k\u0131yor. 4-2 y\u0131llar \u00f6nceymi\u015f, ge\u00e7mi\u015fte kalm\u0131\u015f. Biz tamamen yar\u0131nki ma\u00e7a odakland\u0131k.&#8221;<\/p>\n<p>Galatasaray&#8217;\u0131n UEFA \u015eampiyonlar Ligi&#8217;nde ses getiren galibiyetine de de\u011finen G\u00fclel, &#8220;\u00d6ncelikle kendilerini Manchester United galibiyetinden dolay\u0131 tebrik ediyorum. Hatta evvelsi g\u00fcn Kul\u00fcpler Birli\u011fi Vakf\u0131nda \u00e7ok g\u00fczel bir olay da ya\u015fand\u0131. Dursun (\u00d6zbek) Ba\u015fkan i\u00e7eri girdi\u011finde, b\u00fct\u00fcn \u00fcyeler aya\u011fa kalk\u0131p kendisini alk\u0131\u015flad\u0131k. T\u00fcrk futbolunun buna ihtiyac\u0131 var.&#8221; de\u011ferlendirmesinde bulundu.<\/p>\n<p>                            <span class=\"detay-foto-editor\">&#13;<br \/>\n                                <a href=\"https:\/\/www.aa.com.tr\/tr\/p\/abonelik-talep-formu\/1001\" target=\"_blank\" style=\"font-size:12px; color:#444; text-decoration:none;\" rel=\"noopener\">&#13;<br \/>\n                                    Anadolu Ajans\u0131 web sitesinde, AA Haber Ak\u0131\u015f Sistemi (HAS) \u00fczerinden abonelere sunulan haberler, \u00f6zetlenerek yay\u0131mlanmaktad\u0131r. <b style=\"color:#1897F7\">Abonelik i\u00e7in l\u00fctfen ileti\u015fime ge\u00e7iniz.<\/b>&#13;<br \/>\n                                <\/a>&#13;<br \/>\n                            <\/span>\n                        <\/div>\n<p><script>\n\t  window.fbAsyncInit = function() {\n\t\tFB.init({\n\t\t  appId: '1855843514662870',\n\t\t  status : true, \/\/ check login status\n\t\t  cookie : true, \/\/ enable cookies to allow the server to access the session\n\t\t  xfbml  : true  \/\/ parse XFBML\n\t\t});\n\t  };<\/p>\n<p>\t  (function() {\n\t\tvar e = document.createElement('script');\n\t\te.src=\"https:\/\/connect.facebook.net\/tr_TR\/all.js\";\n\t\te.async = true;\n\t\tdocument.getElementById('fb-root').appendChild(e);\n\t  }());\n    <\/script><\/p>\n","protected":false},"excerpt":{"rendered":"<p>G\u00fclel, AA muhabirine yapt\u0131\u011f\u0131 a\u00e7\u0131klamada, sezon \u00f6ncesi en az be\u015f ma\u00e7 sabretmeleri gerekti\u011fini konu\u015ftuklar\u0131n\u0131 belirtti. Sonucun da b\u00f6yle oldu\u011funu aktaran G\u00fclel, ilk hafta Trabzonspor&#8217;a 1-0 ma\u011flup olduktan sonra s\u0131ras\u0131yla T\u00dcMOSAN Konyaspor, EMS Yap\u0131 Sivasspor ve Mondihome Kayserispor ile 1-1 berabere kald\u0131klar\u0131n\u0131 an\u0131msatt\u0131. G\u00fclel, Kad\u0131k\u00f6y&#8217;de y\u00fckseli\u015flerini g\u00f6stereceklerine inand\u0131\u011f\u0131n\u0131 ve ligin 5. haftas\u0131nda Fenerbah\u00e7e kar\u015f\u0131s\u0131nda iyi futbol [&hellip;]<\/p>\n","protected":false},"author":1,"featured_media":16332,"comment_status":"","ping_status":"","sticky":false,"template":"","format":"standard","meta":[],"categories":[48],"tags":[],"_links":{"self":[{"href":"https:\/\/kraios.app\/news\/wp-json\/wp\/v2\/posts\/16331"}],"collection":[{"href":"https:\/\/kraios.app\/news\/wp-json\/wp\/v2\/posts"}],"about":[{"href":"https:\/\/kraios.app\/news\/wp-json\/wp\/v2\/types\/post"}],"author":[{"embeddable":true,"href":"https:\/\/kraios.app\/news\/wp-json\/wp\/v2\/users\/1"}],"replies":[{"embeddable":true,"href":"https:\/\/kraios.app\/news\/wp-json\/wp\/v2\/comments?post=16331"}],"version-history":[{"count":0,"href":"https:\/\/kraios.app\/news\/wp-json\/wp\/v2\/posts\/16331\/revisions"}],"wp:featuredmedia":[{"embeddable":true,"href":"https:\/\/kraios.app\/news\/wp-json\/wp\/v2\/media\/16332"}],"wp:attachment":[{"href":"https:\/\/kraios.app\/news\/wp-json\/wp\/v2\/media?parent=16331"}],"wp:term":[{"taxonomy":"category","embeddable":true,"href":"https:\/\/kraios.app\/news\/wp-json\/wp\/v2\/categories?post=16331"},{"taxonomy":"post_tag","embeddable":true,"href":"https:\/\/kraios.app\/news\/wp-json\/wp\/v2\/tags?post=16331"}],"curies":[{"name":"wp","href":"https:\/\/api.w.org\/{rel}","templated":true}]}}