{"id":16329,"date":"2023-10-06T23:03:02","date_gmt":"2023-10-06T23:03:02","guid":{"rendered":"https:\/\/kraios.app\/news\/yasam\/2023\/10\/06\/urettikleri-temizlik-malzemeleriyle-igdir-universitesinin-ihtiyacini-karsiliyorlar\/"},"modified":"2023-10-06T23:03:02","modified_gmt":"2023-10-06T23:03:02","slug":"urettikleri-temizlik-malzemeleriyle-igdir-universitesinin-ihtiyacini-karsiliyorlar","status":"publish","type":"post","link":"https:\/\/kraios.app\/news\/yasam\/2023\/10\/06\/urettikleri-temizlik-malzemeleriyle-igdir-universitesinin-ihtiyacini-karsiliyorlar\/","title":{"rendered":"\u00dcrettikleri temizlik malzemeleriyle I\u011fd\u0131r \u00dcniversitesinin ihtiyac\u0131n\u0131 kar\u015f\u0131l\u0131yorlar"},"content":{"rendered":"<p><\/p>\n<div>\n<p>Y\u00fcksek\u00f6\u011fretim Kurulu (Y\u00d6K) taraf\u0131ndan &#8216;katma de\u011feri y\u00fcksek tar\u0131msal \u00fcr\u00fcnler&#8217; alan\u0131nda ihtisasla\u015fmas\u0131 kararla\u015ft\u0131r\u0131lan I\u011fd\u0131r \u00dcniversitesi, A\u011fr\u0131 Da\u011f\u0131 eteklerinde yeti\u015fen yabani bitkilerinden ku\u015fburnu, kekik, ada\u00e7ay\u0131, civan per\u00e7emi, s\u0131\u011f\u0131r kuyru\u011fu, yaban nanesinin yan\u0131 s\u0131ra \u015eehit B\u00fclent Yurtseven Kamp\u00fcs\u00fc&#8217;nde yeti\u015ftirilen g\u00fcl ve lavantalar, Ara\u015ft\u0131rma Laboratuvar\u0131 Uygulama ve Ara\u015ft\u0131rma Merkezi&#8217;nde (ALUM) yap\u0131lan i\u015flemlerle temizlik malzemelerine d\u00f6n\u00fc\u015ft\u00fcr\u00fcl\u00fcyor.<\/p>\n<p><img decoding=\"async\" alt=\"\" src=\"https:\/\/www.aa.com.tr\/uploads\/userFiles\/54a427bf-71c5-4e63-a83d-6196709e92a3\/009_2023%2F003_2023%2F26_Ekim%2F07%2F20231006_2_60566740_93400646.jpg\"\/><\/p>\n<p>Dezenfektan \u00fcr\u00fcnlerini ge\u00e7en y\u0131l piyasaya sunan \u00fcniversitede, bu sene de s\u0131v\u0131 sabun, lavabo ve banyo, y\u00fczey ve cam temizleyici ile ultra \u00e7ama\u015f\u0131r suyu \u00fcretimi ger\u00e7ekle\u015ftirildi.<\/p>\n<p>Burada \u00fcretilen \u00fcr\u00fcnlerle kendi ihtiya\u00e7lar\u0131n\u0131 kar\u015f\u0131layan \u00fcniversite, internet adresinden temizlik \u00fcr\u00fcnlerinin sat\u0131\u015f\u0131n\u0131 ger\u00e7ekle\u015ftiriyor.<\/p>\n<p><img decoding=\"async\" alt=\"\" src=\"https:\/\/www.aa.com.tr\/uploads\/userFiles\/54a427bf-71c5-4e63-a83d-6196709e92a3\/009_2023%2F003_2023%2F26_Ekim%2F07%2F20231006_2_60566740_93400649.jpg\"\/><\/p>\n<p>\u00dcniversite ayr\u0131ca seri \u00fcretime ge\u00e7erek, hem kent halk\u0131na piyasan\u0131n yar\u0131 fiyat\u0131na sat\u0131\u015f hem de firmalara toplu \u00fcr\u00fcn sat\u0131\u015f\u0131 yapmay\u0131 planl\u0131yor.<\/p>\n<p>Ara\u015ft\u0131rma Laboratuvar\u0131 Uygulama ve Ara\u015ft\u0131rma Merkezi Sorumlusu \u00d6\u011fretim G\u00f6revlisi Musa Karada\u011f, AA muhabirine, I\u011fd\u0131r y\u00f6resinde ve A\u011fr\u0131 Da\u011f\u0131 \u00e7evresinde yeti\u015fen yabani bitkilerin yan\u0131nda \u00fcniversitenin \u00fcretti\u011fi g\u00fcl ve lavantadan el sabunu ile temizlik malzemeleri \u00fcreterek piyasaya sunduklar\u0131n\u0131 s\u00f6yledi.<\/p>\n<p><img decoding=\"async\" alt=\"\" src=\"https:\/\/www.aa.com.tr\/uploads\/userFiles\/54a427bf-71c5-4e63-a83d-6196709e92a3\/009_2023%2F003_2023%2F26_Ekim%2F07%2F20231006_2_60566740_93400651.jpg\"\/><\/p>\n<h3>&#8220;\u015eu anda bu \u00fcr\u00fcnlerden seri \u00fcretim ge\u00e7erek pazara sunaca\u011f\u0131z&#8221;<\/h3>\n<p>\u00dcniversite olarak merkezde bir\u00e7ok proje geli\u015ftiklerini anlatan Karada\u011f, &#8220;Ger\u00e7ekle\u015ftirdi\u011fimiz projelerden biri de end\u00fcstriyel ve temizlik \u00fcr\u00fcnleridir. Toplad\u0131\u011f\u0131m\u0131z ve \u00fcretti\u011fimiz bitki ekstrakt (bitki \u00f6z\u00fc) ve u\u00e7ucu bile\u015fenlerinden temizlik malzemeleri \u00fcretmeye ba\u015flad\u0131k. \u00dcniversitemizin kozmetik \u00fcr\u00fcnleri \u00fcretim at\u00f6lyesinde geli\u015ftirdi\u011fimiz ve ilk etapta \u00fcniversitemizin ihtiya\u00e7lar\u0131n\u0131 kar\u015f\u0131layacak y\u00fczey temizleyici, s\u0131v\u0131 sabun, cam temizleyici, lavabo ve banyo temizleyicisini \u00fcrettik. \u015eu anda bu \u00fcr\u00fcnlerden seri \u00fcretime ge\u00e7erek pazara sunaca\u011f\u0131z. I\u011fd\u0131rl\u0131lara piyasada sat\u0131lan \u00fcr\u00fcnlerin neredeyse yar\u0131 fiyat\u0131na sat\u0131\u015f\u0131n\u0131 yapmay\u0131 planl\u0131yoruz.&#8221; dedi.<\/p>\n<p><img decoding=\"async\" alt=\"\" src=\"https:\/\/www.aa.com.tr\/uploads\/userFiles\/54a427bf-71c5-4e63-a83d-6196709e92a3\/009_2023%2F003_2023%2F26_Ekim%2F07%2F20231006_2_60566740_93400653.jpg\"\/><\/p>\n<p>Ama\u00e7lar\u0131n\u0131n, kendi kendine yeten \u00fcniversite modelini bir t\u0131k daha ileriye g\u00f6t\u00fcrmek oldu\u011funu vurgulayan Karada\u011f, \u015funlar\u0131 kaydetti:<\/p>\n<p>&#8220;Rekt\u00f6r\u00fcm\u00fcz\u00fcn deste\u011fiyle 4 y\u0131ld\u0131r farkl\u0131 projelerle \u00e7al\u0131\u015fmalar y\u00fcr\u00fct\u00fcyoruz. Bu y\u00f6reden yeti\u015fen bitkilere katma de\u011fer katarak \u00e7e\u015fitli kozmetik \u00fcr\u00fcnler \u00fcrettik, \u015fimdi ise temizlik malzemeleri \u00fcretiyoruz. Burada \u00fcretilen \u00fcr\u00fcnlerle I\u011fd\u0131rl\u0131n\u0131n bu alanda talebeni kar\u015f\u0131lamak istiyoruz. A\u011fr\u0131 Da\u011f\u0131 t\u0131bbi ve aromatik bitki konusunda zengin bir floraya sahiptir. Buna \u00f6zellikle dikkat \u00e7ekmek istedi\u011fim. Biz de bu zengin floray\u0131 de\u011ferlendirmek istiyoruz ve bir \u00e7ok \u00fcr\u00fcn geli\u015ftirmek i\u00e7in \u00e7al\u0131\u015fmalar\u0131m\u0131z\u0131 y\u00fcr\u00fct\u00fcyoruz.&#8221;<\/p>\n<p>                            <span class=\"detay-foto-editor\">&#13;<br \/>\n                                <a href=\"https:\/\/www.aa.com.tr\/tr\/p\/abonelik-talep-formu\/1001\" target=\"_blank\" style=\"font-size:12px; color:#444; text-decoration:none;\" rel=\"noopener\">&#13;<br \/>\n                                    Anadolu Ajans\u0131 web sitesinde, AA Haber Ak\u0131\u015f Sistemi (HAS) \u00fczerinden abonelere sunulan haberler, \u00f6zetlenerek yay\u0131mlanmaktad\u0131r. <b style=\"color:#1897F7\">Abonelik i\u00e7in l\u00fctfen ileti\u015fime ge\u00e7iniz.<\/b>&#13;<br \/>\n                                <\/a>&#13;<br \/>\n                            <\/span>\n                        <\/div>\n<p><script>\n\t  window.fbAsyncInit = function() {\n\t\tFB.init({\n\t\t  appId: '1855843514662870',\n\t\t  status : true, \/\/ check login status\n\t\t  cookie : true, \/\/ enable cookies to allow the server to access the session\n\t\t  xfbml  : true  \/\/ parse XFBML\n\t\t});\n\t  };<\/p>\n<p>\t  (function() {\n\t\tvar e = document.createElement('script');\n\t\te.src=\"https:\/\/connect.facebook.net\/tr_TR\/all.js\";\n\t\te.async = true;\n\t\tdocument.getElementById('fb-root').appendChild(e);\n\t  }());\n    <\/script><\/p>\n","protected":false},"excerpt":{"rendered":"<p>Y\u00fcksek\u00f6\u011fretim Kurulu (Y\u00d6K) taraf\u0131ndan &#8216;katma de\u011feri y\u00fcksek tar\u0131msal \u00fcr\u00fcnler&#8217; alan\u0131nda ihtisasla\u015fmas\u0131 kararla\u015ft\u0131r\u0131lan I\u011fd\u0131r \u00dcniversitesi, A\u011fr\u0131 Da\u011f\u0131 eteklerinde yeti\u015fen yabani bitkilerinden ku\u015fburnu, kekik, ada\u00e7ay\u0131, civan per\u00e7emi, s\u0131\u011f\u0131r kuyru\u011fu, yaban nanesinin yan\u0131 s\u0131ra \u015eehit B\u00fclent Yurtseven Kamp\u00fcs\u00fc&#8217;nde yeti\u015ftirilen g\u00fcl ve lavantalar, Ara\u015ft\u0131rma Laboratuvar\u0131 Uygulama ve Ara\u015ft\u0131rma Merkezi&#8217;nde (ALUM) yap\u0131lan i\u015flemlerle temizlik malzemelerine d\u00f6n\u00fc\u015ft\u00fcr\u00fcl\u00fcyor. Dezenfektan \u00fcr\u00fcnlerini ge\u00e7en y\u0131l [&hellip;]<\/p>\n","protected":false},"author":1,"featured_media":16330,"comment_status":"","ping_status":"","sticky":false,"template":"","format":"standard","meta":[],"categories":[50],"tags":[],"_links":{"self":[{"href":"https:\/\/kraios.app\/news\/wp-json\/wp\/v2\/posts\/16329"}],"collection":[{"href":"https:\/\/kraios.app\/news\/wp-json\/wp\/v2\/posts"}],"about":[{"href":"https:\/\/kraios.app\/news\/wp-json\/wp\/v2\/types\/post"}],"author":[{"embeddable":true,"href":"https:\/\/kraios.app\/news\/wp-json\/wp\/v2\/users\/1"}],"replies":[{"embeddable":true,"href":"https:\/\/kraios.app\/news\/wp-json\/wp\/v2\/comments?post=16329"}],"version-history":[{"count":0,"href":"https:\/\/kraios.app\/news\/wp-json\/wp\/v2\/posts\/16329\/revisions"}],"wp:featuredmedia":[{"embeddable":true,"href":"https:\/\/kraios.app\/news\/wp-json\/wp\/v2\/media\/16330"}],"wp:attachment":[{"href":"https:\/\/kraios.app\/news\/wp-json\/wp\/v2\/media?parent=16329"}],"wp:term":[{"taxonomy":"category","embeddable":true,"href":"https:\/\/kraios.app\/news\/wp-json\/wp\/v2\/categories?post=16329"},{"taxonomy":"post_tag","embeddable":true,"href":"https:\/\/kraios.app\/news\/wp-json\/wp\/v2\/tags?post=16329"}],"curies":[{"name":"wp","href":"https:\/\/api.w.org\/{rel}","templated":true}]}}